{"id":471971,"date":"2025-10-18T07:54:16","date_gmt":"2025-10-18T07:54:16","guid":{"rendered":"https:\/\/www.europesays.com\/fr\/471971\/"},"modified":"2025-10-18T07:54:16","modified_gmt":"2025-10-18T07:54:16","slug":"la-creme-de-la-creme","status":"publish","type":"post","link":"https:\/\/www.europesays.com\/fr\/471971\/","title":{"rendered":"la cr\u00e8me de la cr\u00e8me"},"content":{"rendered":"<p>    Mina Soundiram, Fran\u00e7ois-R\u00e9gis Gaudry et Valentine Oudard dans \u00ab Tr\u00e8s tr\u00e8s bon\u00a0\u00bb sur Paris Premi\u00e8re.<br \/>\n                CAPTURE D&rsquo;ECRAN\/TV ONLY.<\/p>\n<p>\n    Fran\u00e7ois-R\u00e9gis Gaudry et ses chroniqueurs partagent leurs meilleures adresses de l\u2019ann\u00e9e dans un \u00e9pisode sp\u00e9cial sur Paris Premi\u00e8re.<\/p>\n<p class=\"fig-paragraph\">Chaque semaine, les fines gueules de l\u2019\u00e9mission\u00a0<a href=\"https:\/\/tvmag.lefigaro.fr\/programme-tv\/programme\/tres-tres-bon-d358800290\" target=\"_blank\" rel=\"noopener nofollow\" data-gtm-custom-categorie=\"navigation\" data-gtm-custom-action=\"crossclick\" data-gtm-custom-label=\"Contextuel\" data-gtm-event=\"customEventSPE\"><strong>\u00abTr\u00e8s tr\u00e8s bon\u00bb<\/strong><\/a> \u00a0arpentent Paris et les grandes r\u00e9gions de France pour nous livrer sur un plateau brasseries incontournables, adresses v\u00e9g\u00e9tariennes, bouis-bouis inratables, sandwichs gourmands et p\u00e2tisseries all\u00e9chantes. Ils estampillent chaque lieu d\u2019une notation qui leur est propre\u00a0: \u00ab\u00a0Bon\u00a0\u00bb, \u00ab\u00a0Tr\u00e8s bon\u00a0\u00bb ou \u00ab\u00a0Tr\u00e8s tr\u00e8s bon\u00a0\u00bb, la distinction ultime.<\/p>\n<p class=\"fig-paragraph\">Ce dimanche, les rois de la d\u00e9gustation nous livrent le best\u00a0of de leurs coups de c\u0153ur parisiens de la saison. La cr\u00e8me de la cr\u00e8me de leurs d\u00e9ambulations culinaires en somme. \u00ab\u00a0Nous avons r\u00e9fl\u00e9chi aux adresses qui nous avaient le plus marqu\u00e9es au fil de la saison et que nous aimerions garder dans une esp\u00e8ce de carnet ultime\u00a0\u00bb, pr\u00e9cise\u00a0<a href=\"http:\/\/tvmag.lefigaro.fr\/programme-tv\/actu-tele\/quel-est-le-meilleur-bistrot-de-paris-francois-regis-gaudry-et-la-bande-de-tres-tres-bon-ont-cherche-et-trouve-20240601\" data-fig-type=\"Article\" data-gtm-custom-categorie=\"navigation\" data-gtm-custom-action=\"crossclick\" data-gtm-custom-label=\"Contextuel\" data-gtm-event=\"customEventSPE\" data-fig-domain=\"TVMAG\" rel=\"nofollow noopener\" target=\"_blank\"><strong>Fran\u00e7ois-R\u00e9gis Gaudry<\/strong>,\u00a0<\/a>qui officie \u00e0 la t\u00eate du programme depuis son lancement sur Paris Premi\u00e8re il y a treize\u00a0ans.<\/p>\n<p class=\"fig-body-link\">\n            \u00c0 lire aussi<br \/>\n        <a class=\"fig-body-link__link\" href=\"http:\/\/tvmag.lefigaro.fr\/programme-tv\/actu-tele\/quel-est-le-meilleur-bistrot-de-paris-francois-regis-gaudry-et-la-bande-de-tres-tres-bon-ont-cherche-et-trouve-20240601\" target=\"_blank\" data-fig-type=\"Article\" rel=\"noopener nofollow\" data-gtm-custom-categorie=\"navigation\" data-gtm-custom-action=\"crossclick\" data-gtm-custom-label=\"Contextuel\" data-gtm-event=\"customEventSPE\" data-fig-domain=\"TVMAG\">Quel est le meilleur bistrot de Paris\u00a0? Fran\u00e7ois-R\u00e9gis Gaudry et la bande de \u00abTr\u00e8s tr\u00e8s bon\u00bb ont cherch\u00e9&#8230; et trouv\u00e9<br \/>\n    <\/a>\n<\/p>\n<p>                                    <a class=\"fig-a11y-skip a11y-hidden\" href=\"#fig-a11y-skip-main-inarticle\"><br \/>\n        Passer la publicit\u00e9<br \/>\n    <\/a><\/p>\n<p class=\"fig-paragraph\">Chaque chroniqueur d\u00e9voile ses pr\u00e9f\u00e9rences dans son domaine de pr\u00e9dilection (vin, adresses v\u00e9g\u00e9tariennes, street food\u2026) et fait d\u00e9couvrir \u00e0 ses comparses ses sp\u00e9cialit\u00e9s pr\u00e9f\u00e9r\u00e9es. Fran\u00e7ois-R\u00e9gis Gaudry, de son c\u00f4t\u00e9, a craqu\u00e9 pour le canard laqu\u00e9 de Sensation, les galettes de chez Tanguy ou le raffinement de L\u2019Astrance, tenu par Pascal Barbot. Un grand \u00e9cart de propositions qui lui tient \u00e0 c\u0153ur. \u00ab\u00a0Je n\u2019ai pas de religion en mati\u00e8re de restaurants, confie-t-il. J\u2019aime les petites adresses et, de temps en temps, go\u00fbter \u00e0 de tr\u00e8s bonnes tables.\u00a0\u00bb<\/p>\n<p>Insolence culinaire<\/p>\n<p class=\"fig-paragraph\">Le critique culinaire a justement \u00e9t\u00e9 bluff\u00e9 par un lieu parisien tr\u00e8s en vue\u00a0: Vaisseau, le restaurant \u00e9toil\u00e9 d\u2019<a href=\"https:\/\/www.lefigaro.fr\/tag\/adrien-cachot\" target=\"_blank\" rel=\"noopener nofollow\" data-gtm-custom-categorie=\"navigation\" data-gtm-custom-action=\"crossclick\" data-gtm-custom-label=\"Contextuel\" data-gtm-event=\"customEventSPE\">Adrien Cachot<\/a>, finaliste de la saison\u00a011 de\u00a0<a href=\"https:\/\/www.lefigaro.fr\/tag\/top-chef\" target=\"_blank\" rel=\"noopener nofollow\" data-gtm-custom-categorie=\"navigation\" data-gtm-custom-action=\"crossclick\" data-gtm-custom-label=\"Contextuel\" data-gtm-event=\"customEventSPE\">\u00abTop Chef\u00bb<\/a>, diffus\u00e9e en 2020, qui sublime notamment les abats. \u00ab\u00a0J\u2019ai eu un \u00e9norme coup de c\u0153ur pur cette adresse, pr\u00e9cise-t-il. Pour moi, elle symbolise l\u2019\u00e9nergie de Paris avec une forme d\u2019insolence culinaire, et en m\u00eame temps, une dimension ludique. Je suis assez infid\u00e8le en mati\u00e8re de restaurant, car je cours apr\u00e8s les nouveaut\u00e9s, mais j\u2019y suis d\u00e9j\u00e0 all\u00e9 trois fois. Il y a une esp\u00e8ce de protocole et de sc\u00e9nario. C\u2019est une sorte de spectacle tr\u00e8s sc\u00e9naris\u00e9, tr\u00e8s stimulant intellectuellement. Bravo \u00e0 Adrien Cachot qui a eu son \u00e9toile Michelin.\u00a0\u00bb<\/p>\n<p class=\"fig-body-link\">\n            \u00c0 lire aussi<br \/>\n        <a class=\"fig-body-link__link fig-premium-mark\" href=\"http:\/\/www.lefigaro.fr\/gastronomie\/adrien-cachot-sort-les-abats-du-purgatoire-20250721\" target=\"_blank\" data-fig-type=\"Article\" rel=\"noopener nofollow\" data-gtm-custom-categorie=\"navigation\" data-gtm-custom-action=\"crossclick\" data-gtm-custom-label=\"Contextuel\" data-gtm-event=\"customEventSPE\" data-fig-domain=\"LEFIGARO\">Adrien Cachot sort les abats du purgatoire<br \/>\n    <\/a>\n<\/p>\n<p class=\"fig-paragraph\">Valentine Oudard partage, elle aussi, une s\u00e9lection \u00e9clectique pour les becs sucr\u00e9s mais son \u00abTr\u00e8s tr\u00e8s bon\u00bb de l\u2019ann\u00e9e revient au go\u00fbter de Lucas Carton orchestr\u00e9 par le chef Sylvain Gougeon. Ce dernier mise sur une offre originale et abordable (50\u00a0euros par personne) avec un menu d\u00e9gustation version sucr\u00e9e aussi gourmand que surprenant. En ouverture, les traditionnels scones (clin d\u2019\u0153il au tea-time) twist\u00e9s \u00e0 l\u2019\u00e9pine-vinette et agr\u00e9ment\u00e9s de cr\u00e8me crue, de lemon curd au calamansi et de confiture au cassis (Sylvain Gougeon a grandi \u00e0 Dijon\u2026). Puis, la cr\u00e8me glac\u00e9e au miso de pain et bi\u00e8re blanche comme un pr\u00e9-dessert bas\u00e9 sur la fermentation. \u00ab\u00a0L\u2019id\u00e9e \u00e9tait de revaloriser le pain du restaurant. Je fais mon propre miso et j\u2019utilise une bi\u00e8re parisienne. C\u2019est bas\u00e9 sur la fra\u00eecheur, l\u2019amertume et la salinit\u00e9\u00a0\u00bb, pr\u00e9cise le chef.<\/p>\n<p class=\"fig-body-link\">\n            \u00c0 lire aussi<br \/>\n        <a class=\"fig-body-link__link fig-premium-mark\" href=\"https:\/\/www.lefigaro.fr\/gastronomie\/lucas-carton-la-virtuosite-d-un-chef-creatif-20231013\" target=\"_blank\" data-fig-type=\"Article\" rel=\"noopener nofollow\" data-gtm-custom-categorie=\"navigation\" data-gtm-custom-action=\"crossclick\" data-gtm-custom-label=\"Contextuel\" data-gtm-event=\"customEventSPE\" data-fig-domain=\"LEFIGARO\">Lucas Carton, la virtuosit\u00e9 d\u2019un chef cr\u00e9atif<br \/>\n    <\/a>\n<\/p>\n<p class=\"fig-paragraph\">Il propose enfin quatre p\u00e2tisseries\u00a0: tarte tatin cr\u00e8me fra\u00eeche \u00e0 la bergamote, moelleux au chocolat condiment de pruneau et vinaigre de cacao, madeleine au citron et sobacha et cr\u00eape souffl\u00e9e au Grand Marnier. Le tout accompagn\u00e9 d\u2019une boisson chaude, comme une infusion d\u2019herbes fra\u00eeches \u00e0 cr\u00e9er sur demande. Cerise sur le go\u00fbter\u00a0: Sylvain Gougeon fait, lui-m\u00eame, le service en salle. \u00ab\u00a0C\u2019est un d\u00e9fi d\u2019aller \u00e0 la rencontre des clients mais aussi un plaisir. Avec ce go\u00fbter, on veut surprendre tout en restant gourmands. \u00catre le coup de c\u0153ur sucr\u00e9 de l\u2019ann\u00e9e signifie pour nous que le travail a pay\u00e9 et que la touche d\u2019originalit\u00e9 dans les accords fait son effet\u00a0\u00bb, conclut-il.<\/p>\n","protected":false},"excerpt":{"rendered":"Mina Soundiram, Fran\u00e7ois-R\u00e9gis Gaudry et Valentine Oudard dans \u00ab Tr\u00e8s tr\u00e8s bon\u00a0\u00bb sur Paris Premi\u00e8re. CAPTURE D&rsquo;ECRAN\/TV ONLY.&hellip;\n","protected":false},"author":2,"featured_media":471972,"comment_status":"","ping_status":"","sticky":false,"template":"","format":"standard","meta":{"footnotes":""},"categories":[1356],"tags":[58,59,1011,27,59544,252,1364],"class_list":{"0":"post-471971","1":"post","2":"type-post","3":"status-publish","4":"format-standard","5":"has-post-thumbnail","7":"category-television","8":"tag-divertissement","9":"tag-entertainment","10":"tag-fr","11":"tag-france","12":"tag-paris-premiere","13":"tag-television","14":"tag-tv"},"share_on_mastodon":{"url":"https:\/\/pubeurope.com\/@fr\/115394096098550186","error":""},"_links":{"self":[{"href":"https:\/\/www.europesays.com\/fr\/wp-json\/wp\/v2\/posts\/471971","targetHints":{"allow":["GET"]}}],"collection":[{"href":"https:\/\/www.europesays.com\/fr\/wp-json\/wp\/v2\/posts"}],"about":[{"href":"https:\/\/www.europesays.com\/fr\/wp-json\/wp\/v2\/types\/post"}],"author":[{"embeddable":true,"href":"https:\/\/www.europesays.com\/fr\/wp-json\/wp\/v2\/users\/2"}],"replies":[{"embeddable":true,"href":"https:\/\/www.europesays.com\/fr\/wp-json\/wp\/v2\/comments?post=471971"}],"version-history":[{"count":0,"href":"https:\/\/www.europesays.com\/fr\/wp-json\/wp\/v2\/posts\/471971\/revisions"}],"wp:featuredmedia":[{"embeddable":true,"href":"https:\/\/www.europesays.com\/fr\/wp-json\/wp\/v2\/media\/471972"}],"wp:attachment":[{"href":"https:\/\/www.europesays.com\/fr\/wp-json\/wp\/v2\/media?parent=471971"}],"wp:term":[{"taxonomy":"category","embeddable":true,"href":"https:\/\/www.europesays.com\/fr\/wp-json\/wp\/v2\/categories?post=471971"},{"taxonomy":"post_tag","embeddable":true,"href":"https:\/\/www.europesays.com\/fr\/wp-json\/wp\/v2\/tags?post=471971"}],"curies":[{"name":"wp","href":"https:\/\/api.w.org\/{rel}","templated":true}]}}