{"id":471992,"date":"2025-10-18T08:05:16","date_gmt":"2025-10-18T08:05:16","guid":{"rendered":"https:\/\/www.europesays.com\/fr\/471992\/"},"modified":"2025-10-18T08:05:16","modified_gmt":"2025-10-18T08:05:16","slug":"le-depart-ritenuto-du-juge-cuer","status":"publish","type":"post","link":"https:\/\/www.europesays.com\/fr\/471992\/","title":{"rendered":"le d\u00e9part \u00ab ritenuto \u00bb du juge Cuer"},"content":{"rendered":"<p>Le milieu judiciaire st\u00e9phanois lui a d\u00e9j\u00e0 dit au revoir deux fois. En 2017, lorsqu\u2019il a pr\u00e9sid\u00e9 sa derni\u00e8re audience du tribunal correctionnel. Et cet \u00e9t\u00e9, quand il a atteint l\u2019extr\u00eame limite des \u00ab prolongations \u00bb que lui autorisait la loi en tant que magistrat honoraire. Cinquante ans de carri\u00e8re valaient bien une messe, musicale et insolite, que Roland Cuer a offerte au clavier d\u2019un piano dans la salle des pas perdus du tribunal.<\/p>\n<p>  \u00ab Vous allez manquer au tribunal \u00bb<\/p>\n<p>Avant les notes de Mozart, Beethoven ou Chopin, un concert\u2026 de louanges. \u00ab Excellent pr\u00e9sident de correctionnelle \u00bb pour le pr\u00e9sident Fran\u00e7ois Xavier Manteaux, \u00ab vous allez beaucoup manquer au tribunal de Saint-Etienne \u00bb selon la procureure Anne Gaches, \u00ab un tr\u00e8s grand juge qui a toujours su \u00e9couter \u00bb aux yeux du b\u00e2tonnier Fran\u00e7ois Paquet-Cauet.<\/p>\n<p>Roland Cuer, \u00e9mu, a pos\u00e9 quelques mots sur ses adieux. \u00ab Je ne me suis pas ennuy\u00e9 une seule fois \u00e0 l\u2019audience. L\u2019art est ce qui nous pr\u00e9serve de la grande mis\u00e8re de notre \u00e9poque. Si on peut impr\u00e9gner les murs de ce tribunal d\u2019autre chose que de la douleur\u2026 \u00bb.<\/p>\n<p>Chose faite pour ce troisi\u00e8me d\u00e9part. Le vrai. Tout en retenue. \u00ab Il est incroyablement difficile de dire si quelqu\u2019un est coupable ou innocent \u00bb expliquait-il en 2017. Il est visiblement tout aussi douloureux de mettre un terme \u00e0 une carri\u00e8re largement plus di\u00e8se que b\u00e9mol.<\/p>\n","protected":false},"excerpt":{"rendered":"Le milieu judiciaire st\u00e9phanois lui a d\u00e9j\u00e0 dit au revoir deux fois. En 2017, lorsqu\u2019il a pr\u00e9sid\u00e9 sa&hellip;\n","protected":false},"author":2,"featured_media":471993,"comment_status":"","ping_status":"","sticky":false,"template":"","format":"standard","meta":{"footnotes":""},"categories":[9653],"tags":[1111,11,2430,7539,1777,674,274,1011,27,3367,12,25,4001,7538],"class_list":{"0":"post-471992","1":"post","2":"type-post","3":"status-publish","4":"format-standard","5":"has-post-thumbnail","7":"category-saint-etienne","8":"tag-actu","9":"tag-actualites","10":"tag-auvergne-rhone-alpes","11":"tag-edition-loire-sud","12":"tag-eu","13":"tag-europe","14":"tag-faits-divers-justice","15":"tag-fr","16":"tag-france","17":"tag-loire","18":"tag-news","19":"tag-republique-francaise","20":"tag-saint-etienne","21":"tag-saint-etienne-ville"},"share_on_mastodon":{"url":"","error":""},"_links":{"self":[{"href":"https:\/\/www.europesays.com\/fr\/wp-json\/wp\/v2\/posts\/471992","targetHints":{"allow":["GET"]}}],"collection":[{"href":"https:\/\/www.europesays.com\/fr\/wp-json\/wp\/v2\/posts"}],"about":[{"href":"https:\/\/www.europesays.com\/fr\/wp-json\/wp\/v2\/types\/post"}],"author":[{"embeddable":true,"href":"https:\/\/www.europesays.com\/fr\/wp-json\/wp\/v2\/users\/2"}],"replies":[{"embeddable":true,"href":"https:\/\/www.europesays.com\/fr\/wp-json\/wp\/v2\/comments?post=471992"}],"version-history":[{"count":0,"href":"https:\/\/www.europesays.com\/fr\/wp-json\/wp\/v2\/posts\/471992\/revisions"}],"wp:featuredmedia":[{"embeddable":true,"href":"https:\/\/www.europesays.com\/fr\/wp-json\/wp\/v2\/media\/471993"}],"wp:attachment":[{"href":"https:\/\/www.europesays.com\/fr\/wp-json\/wp\/v2\/media?parent=471992"}],"wp:term":[{"taxonomy":"category","embeddable":true,"href":"https:\/\/www.europesays.com\/fr\/wp-json\/wp\/v2\/categories?post=471992"},{"taxonomy":"post_tag","embeddable":true,"href":"https:\/\/www.europesays.com\/fr\/wp-json\/wp\/v2\/tags?post=471992"}],"curies":[{"name":"wp","href":"https:\/\/api.w.org\/{rel}","templated":true}]}}