{"id":471994,"date":"2025-10-18T08:06:16","date_gmt":"2025-10-18T08:06:16","guid":{"rendered":"https:\/\/www.europesays.com\/fr\/471994\/"},"modified":"2025-10-18T08:06:16","modified_gmt":"2025-10-18T08:06:16","slug":"asse-comparee-au-psg-un-dirigeant-repond-sans-detour","status":"publish","type":"post","link":"https:\/\/www.europesays.com\/fr\/471994\/","title":{"rendered":"ASSE compar\u00e9e au PSG ? Un dirigeant r\u00e9pond sans d\u00e9tour !"},"content":{"rendered":"<p data-start=\"530\" data-end=\"885\"><strong data-start=\"530\" data-end=\"885\">Dans un entretien accord\u00e9 \u00e0 Edward Jay (RMC Sport), Huss Fahmy, vice-pr\u00e9sident de Kilmer Sports Ventures et responsable du sportif \u00e0 l\u2019AS Saint-\u00c9tienne, est revenu sur les grands d\u00e9fis \u00e9conomiques du club et du football fran\u00e7ais. Entre solidit\u00e9 financi\u00e8re, ambition ma\u00eetris\u00e9e et confiance dans la Ligue 1, il d\u00e9voile une vision lucide et \u00e0 long terme.<\/strong><\/p>\n<p data-start=\"953\" data-end=\"1542\">Depuis l\u2019arriv\u00e9e de Kilmer Sports Ventures, le discours reste constant : la r\u00e9ussite de l\u2019ASSE doit se construire sur des bases solides. \u00ab Nous avons la chance d\u2019avoir un actionnaire stable et engag\u00e9 sur le long terme. Cela nous donne les moyens de construire, pas de d\u00e9penser sans r\u00e9fl\u00e9chir \u00bb, explique Huss Fahmy.<br data-start=\"1270\" data-end=\"1273\"\/>Sous son impulsion, le club a entam\u00e9 une refondation globale, qui d\u00e9passe largement le cadre du terrain : \u00ab Nous voulons d\u00e9velopper toutes les dimensions du club : l\u2019\u00e9quipe premi\u00e8re, la formation, les f\u00e9minines, le foot fauteuil, mais aussi les projets soci\u00e9taux. \u00bb<\/p>\n<p data-start=\"1544\" data-end=\"1835\">Cette approche globale traduit la volont\u00e9 de reconnecter le club \u00e0 son territoire et \u00e0 sa communaut\u00e9, tout en pr\u00e9parant un futur durable. \u00ab Nous avons une responsabilit\u00e9 envers la ville, les supporters et l\u2019histoire du club. Saint-\u00c9tienne m\u00e9rite un projet solide, pas un feu de paille. \u00bb<\/p>\n<p data-start=\"1837\" data-end=\"2042\">Pour Fahmy, l\u2019objectif est clair : reconstruire sans pr\u00e9cipitation, mais sans faiblesse. \u00ab Nous voulons aller vite et bien, mais faire tout rapidement et correctement \u00e0 la fois, c\u2019est tr\u00e8s difficile. \u00bb<\/p>\n<p>Une confiance intacte dans l\u2019avenir du football fran\u00e7ais<\/p>\n<p data-start=\"2111\" data-end=\"2439\">Interrog\u00e9 sur <a href=\"https:\/\/peuple-vert.fr\/medias\/dazn-lfp-paiement-indemnites\/\" rel=\"nofollow noopener\" target=\"_blank\">la crise des droits TV<\/a>, Huss Fahmy se montre \u00e0 la fois lucide et optimiste. \u00ab C\u2019est un vrai d\u00e9fi, bien s\u00fbr, mais aussi une opportunit\u00e9 de moderniser le football fran\u00e7ais. J\u2019ai moi-m\u00eame travaill\u00e9 huit ans dans la n\u00e9gociation des droits t\u00e9l\u00e9vis\u00e9s, je sais \u00e0 quel point cet univers est complexe et en mouvement. \u00bb<\/p>\n<p data-start=\"2441\" data-end=\"2807\">Pour lui, la cl\u00e9 r\u00e9side dans une vision collective : \u00ab Un Saint-\u00c9tienne fort doit s\u2019inscrire dans une Ligue 1 forte. Nous faisons confiance aux acteurs du dossier pour trouver des solutions durables. \u00bb<br data-start=\"2644\" data-end=\"2647\"\/>Cette s\u00e9r\u00e9nit\u00e9 s\u2019explique par la nature du projet Kilmer : un engagement de long terme, pens\u00e9 pour r\u00e9sister aux cycles \u00e9conomiques et aux al\u00e9as conjoncturels. \u00ab Nous ne sommes pas l\u00e0 pour profiter d\u2019un effet de mode. Nous sommes l\u00e0 pour b\u00e2tir. Et cette crise ne remettra pas en cause nos ambitions. \u00bb<\/p>\n<p>Huss Fahmy : L\u2019humilit\u00e9 comme ligne de conduite<\/p>\n<p data-start=\"3001\" data-end=\"3445\">Malgr\u00e9 les moyens de Kilmer, Fahmy refuse toute comparaison flatteuse. \u00ab Non, Saint-\u00c9tienne n\u2019est pas le PSG de la Ligue 2 \u00bb, tranche-t-il sans d\u00e9tour.<br data-start=\"3154\" data-end=\"3157\"\/>Le dirigeant britannique pr\u00e9f\u00e8re rappeler les exigences du championnat : \u00ab La Ligue 2 est un championnat relev\u00e9, avec de bons clubs, de bons joueurs et des staffs comp\u00e9tents. Nous devons l\u2019aborder avec humilit\u00e9. Paris a b\u00e2ti sa r\u00e9putation en gagnant. Nous n\u2019avons encore rien gagn\u00e9. \u00bb<\/p>\n<p data-start=\"3447\" data-end=\"3671\">Un message qui refl\u00e8te la philosophie de tout le projet : respect, travail et patience. \u00ab Nous voulons m\u00e9riter la comparaison avec les grands clubs, pas l\u2019acheter. Il faut suivre le processus, ne pas br\u00fbler les \u00e9tapes. \u00bb<\/p>\n<p data-start=\"3673\" data-end=\"3985\">\u00c0 travers ce discours mesur\u00e9, Huss Fahmy trace les contours d\u2019une m\u00e9thode \u00e0 l\u2019anglaise : rigueur financi\u00e8re, gouvernance claire et strat\u00e9gie progressive. \u00c0 Saint-\u00c9tienne, cette approche tranche avec les cycles d\u2019instabilit\u00e9 pass\u00e9s. Elle s\u2019impose aujourd\u2019hui comme le socle d\u2019un renouveau attendu et n\u00e9cessaire. Tout le Peuple Vert esp\u00e8re&#8230;<\/p>\n","protected":false},"excerpt":{"rendered":"Dans un entretien accord\u00e9 \u00e0 Edward Jay (RMC Sport), Huss Fahmy, vice-pr\u00e9sident de Kilmer Sports Ventures et responsable&hellip;\n","protected":false},"author":2,"featured_media":471995,"comment_status":"","ping_status":"","sticky":false,"template":"","format":"standard","meta":{"footnotes":""},"categories":[9653],"tags":[1111,11,2430,1777,674,1011,27,12,25,4001],"class_list":{"0":"post-471994","1":"post","2":"type-post","3":"status-publish","4":"format-standard","5":"has-post-thumbnail","7":"category-saint-etienne","8":"tag-actu","9":"tag-actualites","10":"tag-auvergne-rhone-alpes","11":"tag-eu","12":"tag-europe","13":"tag-fr","14":"tag-france","15":"tag-news","16":"tag-republique-francaise","17":"tag-saint-etienne"},"share_on_mastodon":{"url":"https:\/\/pubeurope.com\/@fr\/115394142807761140","error":""},"_links":{"self":[{"href":"https:\/\/www.europesays.com\/fr\/wp-json\/wp\/v2\/posts\/471994","targetHints":{"allow":["GET"]}}],"collection":[{"href":"https:\/\/www.europesays.com\/fr\/wp-json\/wp\/v2\/posts"}],"about":[{"href":"https:\/\/www.europesays.com\/fr\/wp-json\/wp\/v2\/types\/post"}],"author":[{"embeddable":true,"href":"https:\/\/www.europesays.com\/fr\/wp-json\/wp\/v2\/users\/2"}],"replies":[{"embeddable":true,"href":"https:\/\/www.europesays.com\/fr\/wp-json\/wp\/v2\/comments?post=471994"}],"version-history":[{"count":0,"href":"https:\/\/www.europesays.com\/fr\/wp-json\/wp\/v2\/posts\/471994\/revisions"}],"wp:featuredmedia":[{"embeddable":true,"href":"https:\/\/www.europesays.com\/fr\/wp-json\/wp\/v2\/media\/471995"}],"wp:attachment":[{"href":"https:\/\/www.europesays.com\/fr\/wp-json\/wp\/v2\/media?parent=471994"}],"wp:term":[{"taxonomy":"category","embeddable":true,"href":"https:\/\/www.europesays.com\/fr\/wp-json\/wp\/v2\/categories?post=471994"},{"taxonomy":"post_tag","embeddable":true,"href":"https:\/\/www.europesays.com\/fr\/wp-json\/wp\/v2\/tags?post=471994"}],"curies":[{"name":"wp","href":"https:\/\/api.w.org\/{rel}","templated":true}]}}