{"id":471996,"date":"2025-10-18T08:07:14","date_gmt":"2025-10-18T08:07:14","guid":{"rendered":"https:\/\/www.europesays.com\/fr\/471996\/"},"modified":"2025-10-18T08:07:14","modified_gmt":"2025-10-18T08:07:14","slug":"justice-un-reseau-de-proxenetisme-demantele-dans-des-salons-de-massage-a-nancy-et-metz-4","status":"publish","type":"post","link":"https:\/\/www.europesays.com\/fr\/471996\/","title":{"rendered":"Justice. Un r\u00e9seau de prox\u00e9n\u00e9tisme d\u00e9mantel\u00e9 dans des salons de massage \u00e0 Nancy et Metz"},"content":{"rendered":"<p>Quatre personnes sont pr\u00e9sent\u00e9es au parquet ce vendredi dans le cadre d&rsquo;une enqu\u00eate sur un r\u00e9seau de prox\u00e9n\u00e9tisme et de <a href=\"https:\/\/www.republicain-lorrain.fr\/social\/2025\/10\/16\/plus-de-7-200-victimes-de-traite-et-d-exploitation-recensees-en-france-en-2024\" target=\"_blank\" rel=\"noopener\">traite des \u00eatres humains<\/a> dans des salons de massage, a annonc\u00e9 le procureur de la R\u00e9publique de Nancy Fran\u00e7ois Capin-Dulhoste. L&rsquo;enqu\u00eate, d\u00e9but\u00e9e en f\u00e9vrier et men\u00e9e par la section de recherches de Nancy, a r\u00e9v\u00e9l\u00e9 l&rsquo;existence d&rsquo;un syst\u00e8me organis\u00e9 d&rsquo;exploitation sexuelle de jeunes femmes chinoises contraintes \u00e0 se prostituer dans deux salons de massage \u00e0 Nancy et \u00e0 Metz, ouverts respectivement en 2022 et 2023, a indiqu\u00e9 le procureur dans un communiqu\u00e9.<\/p>\n<p>Ces salons \u00e9taient ouverts sept jours sur sept et recevaient cinq \u00e0 sept clients par jour qui avaient pris rendez-vous au salon ou en appelant des num\u00e9ros de t\u00e9l\u00e9phones portables figurant sur des sites d&rsquo;annonces en ligne. Apr\u00e8s plusieurs mois de surveillance et d&rsquo;investigations, une op\u00e9ration judiciaire coordonn\u00e9e par la section de recherches de Nancy et le groupe d&rsquo;intervention r\u00e9gional (GIR) de Lorraine a \u00e9t\u00e9 men\u00e9e lundi \u00e0 Metz, Nancy, Montreuil et Paris.<\/p>\n<p>Quatre personnes de nationalit\u00e9 chinoise, de la m\u00eame famille, ont \u00e9t\u00e9 interpell\u00e9es et plac\u00e9es en garde \u00e0 vue. Ils ont \u00e9t\u00e9 pr\u00e9sent\u00e9s vendredi au parquet de Nancy en vue d&rsquo;une comparution imm\u00e9diate des chefs de prox\u00e9n\u00e9tisme aggrav\u00e9, traite des \u00eatres humains et blanchiment. Lors des perquisitions, des objets de luxe, des liasses de billets et des comptes bancaires ont \u00e9t\u00e9 saisis pour un total de 250 000 euros. Soixante-dix clients identifi\u00e9s sont convoqu\u00e9s et entendus par les enqu\u00eateurs, a indiqu\u00e9 le procureur et les femmes contraintes \u00e0 se prostituer ont \u00e9t\u00e9 orient\u00e9es vers une association.<\/p>\n","protected":false},"excerpt":{"rendered":"Quatre personnes sont pr\u00e9sent\u00e9es au parquet ce vendredi dans le cadre d&rsquo;une enqu\u00eate sur un r\u00e9seau de prox\u00e9n\u00e9tisme&hellip;\n","protected":false},"author":2,"featured_media":470642,"comment_status":"","ping_status":"","sticky":false,"template":"","format":"standard","meta":{"footnotes":""},"categories":[9635],"tags":[1111,11,271,272,5598,1777,674,274,107,1011,27,329,775,6212,1702,12,3456,25],"class_list":{"0":"post-471996","1":"post","2":"type-post","3":"status-publish","4":"format-standard","5":"has-post-thumbnail","7":"category-nancy","8":"tag-actu","9":"tag-actualites","10":"tag-crime","11":"tag-delit-et-contravention","12":"tag-edition-metz-et-agglomeration","13":"tag-eu","14":"tag-europe","15":"tag-faits-divers-justice","16":"tag-fil-info","17":"tag-fr","18":"tag-france","19":"tag-france-monde","20":"tag-grand-est","21":"tag-metz","22":"tag-nancy","23":"tag-news","24":"tag-region-lorraine","25":"tag-republique-francaise"},"share_on_mastodon":{"url":"https:\/\/pubeurope.com\/@fr\/115394146665896840","error":""},"_links":{"self":[{"href":"https:\/\/www.europesays.com\/fr\/wp-json\/wp\/v2\/posts\/471996","targetHints":{"allow":["GET"]}}],"collection":[{"href":"https:\/\/www.europesays.com\/fr\/wp-json\/wp\/v2\/posts"}],"about":[{"href":"https:\/\/www.europesays.com\/fr\/wp-json\/wp\/v2\/types\/post"}],"author":[{"embeddable":true,"href":"https:\/\/www.europesays.com\/fr\/wp-json\/wp\/v2\/users\/2"}],"replies":[{"embeddable":true,"href":"https:\/\/www.europesays.com\/fr\/wp-json\/wp\/v2\/comments?post=471996"}],"version-history":[{"count":0,"href":"https:\/\/www.europesays.com\/fr\/wp-json\/wp\/v2\/posts\/471996\/revisions"}],"wp:featuredmedia":[{"embeddable":true,"href":"https:\/\/www.europesays.com\/fr\/wp-json\/wp\/v2\/media\/470642"}],"wp:attachment":[{"href":"https:\/\/www.europesays.com\/fr\/wp-json\/wp\/v2\/media?parent=471996"}],"wp:term":[{"taxonomy":"category","embeddable":true,"href":"https:\/\/www.europesays.com\/fr\/wp-json\/wp\/v2\/categories?post=471996"},{"taxonomy":"post_tag","embeddable":true,"href":"https:\/\/www.europesays.com\/fr\/wp-json\/wp\/v2\/tags?post=471996"}],"curies":[{"name":"wp","href":"https:\/\/api.w.org\/{rel}","templated":true}]}}