{"id":472022,"date":"2025-10-18T08:23:34","date_gmt":"2025-10-18T08:23:34","guid":{"rendered":"https:\/\/www.europesays.com\/fr\/472022\/"},"modified":"2025-10-18T08:23:34","modified_gmt":"2025-10-18T08:23:34","slug":"nice-ol-a-quelle-heure-et-sur-quelle-chaine-voir-le-match-de-ligue-1","status":"publish","type":"post","link":"https:\/\/www.europesays.com\/fr\/472022\/","title":{"rendered":"Nice &#8211; OL : \u00e0 quelle heure et sur quelle cha\u00eene voir le match de Ligue 1 ?"},"content":{"rendered":"<p>L\u2019OL poursuit sa mont\u00e9e en puissance sous la houlette de Paulo Fonseca. Quatri\u00e8mes du classement \u00e0 un point seulement du PSG, les lyonnais restent sur une s\u00e9rie globalement positive, avec trois victoires sur leurs cinq derni\u00e8res sorties. S\u2019ils se sont inclin\u00e9s face \u00e0 Toulouse le week-end dernier, les Gones ont prouv\u00e9 qu\u2019ils disposaient d\u2019une marge de progression int\u00e9ressante et d\u2019un effectif capable de r\u00e9pondre pr\u00e9sent. En face, la situation est plus compliqu\u00e9e pour Nice. Douzi\u00e8mes apr\u00e8s un d\u00e9but de saison irr\u00e9gulier, les aiglons peinent \u00e0 retrouver le niveau affich\u00e9 l\u2019an dernier. Cinq rencontres sans victoire, une efficacit\u00e9 offensive en berne et plusieurs absences en d\u00e9fense fragilisent le groupe de Franck Haise. Le capitaine Dante, toujours incertain, pourrait manquer ce rendez-vous crucial, tout comme les d\u00e9fenseurs centraux Ndayishimiye et Bombito, bless\u00e9s. Dans ce contexte, la r\u00e9ception de Lyon s\u2019annonce comme un tournant pour les Ni\u00e7ois, d\u00e9sireux de relancer une dynamique avant que le doute ne s\u2019installe durablement.<\/p>\n<p>Diffusion Nice &#8211; OL : \u00e0 quelle heure et sur quelle cha\u00eene voir le match ?<\/p>\n<p><strong>Le match entre l\u2019OGC Nice et l\u2019Olympique Lyonnais se disputera le samedi 18 octobre \u00e0 17h00 \u00e0 l\u2019Allianz Riviera<\/strong>. <strong>La rencontre sera diffus\u00e9e en direct sur beIN SPORTS<\/strong>, avec une retransmission \u00e9galement disponible en streaming via l\u2019application beIN SPORTS CONNECT, accessible sur Smart TV, ordinateurs, tablettes et smartphones. <a href=\"https:\/\/action.metaffiliation.com\/trk.php?mclic=P4F53157BCED1561\" rel=\"nofollow sponsored noopener\" target=\"_blank\">Pour tous les passionn\u00e9s de sport, l&rsquo;abonnement CANAL+ inclut toutes les cha\u00eenes CANAL+ ainsi que beIN SPORTS<\/a>. L\u2019offre est propos\u00e9e \u00e0 34,99 euros par mois pendant 6 mois, puis 45,99 euros par mois, avec un engagement de 24 mois, et vous b\u00e9n\u00e9ficiez de 50 euros offerts \u00e0 la souscription.<\/p>\n<p>\t\t<a class=\"cta ctaInArticle lien-c2c medium primary\" target=\"_blank\" rel=\"nofollow sponsored noopener\" href=\"https:\/\/action.metaffiliation.com\/trk.php?mclic=P4F53157BCED1561\"><br \/>\n\t\t\tCliquez ici pour profiter de l&rsquo;offre CANAL+\t<\/p>\n<p>\t<\/a><\/p>\n<p>Chaque jour, nous \u00e9pluchons en toute ind\u00e9pendance les meilleures offres et r\u00e9ductions disponibles sur le web pour vous proposer les bons plans les plus int\u00e9ressants. Pour \u00e9valuer la pertinence d\u2019un bon plan, nous v\u00e9rifions notamment l\u2019historique des prix et veillons \u00e0 vous recommander les boutiques en ligne proposant les meilleures garanties.<\/p>\n<p>Certains liens peuvent g\u00e9n\u00e9rer une commission pour Capital. Les prix sont mentionn\u00e9s \u00e0 titre indicatif et sont susceptibles d&rsquo;\u00e9voluer.<\/p>\n","protected":false},"excerpt":{"rendered":"L\u2019OL poursuit sa mont\u00e9e en puissance sous la houlette de Paulo Fonseca. Quatri\u00e8mes du classement \u00e0 un point&hellip;\n","protected":false},"author":2,"featured_media":472023,"comment_status":"","ping_status":"","sticky":false,"template":"","format":"standard","meta":{"footnotes":""},"categories":[2819],"tags":[1111,11,1777,674,2257,1011,27,66,12,2401,882,25,517],"class_list":{"0":"post-472022","1":"post","2":"type-post","3":"status-publish","4":"format-standard","5":"has-post-thumbnail","7":"category-nice","8":"tag-actu","9":"tag-actualites","10":"tag-eu","11":"tag-europe","12":"tag-foot","13":"tag-fr","14":"tag-france","15":"tag-ligue-1","16":"tag-news","17":"tag-nice","18":"tag-provence-alpes-cote-dazur","19":"tag-republique-francaise","20":"tag-sport"},"share_on_mastodon":{"url":"https:\/\/pubeurope.com\/@fr\/115394209673126456","error":""},"_links":{"self":[{"href":"https:\/\/www.europesays.com\/fr\/wp-json\/wp\/v2\/posts\/472022","targetHints":{"allow":["GET"]}}],"collection":[{"href":"https:\/\/www.europesays.com\/fr\/wp-json\/wp\/v2\/posts"}],"about":[{"href":"https:\/\/www.europesays.com\/fr\/wp-json\/wp\/v2\/types\/post"}],"author":[{"embeddable":true,"href":"https:\/\/www.europesays.com\/fr\/wp-json\/wp\/v2\/users\/2"}],"replies":[{"embeddable":true,"href":"https:\/\/www.europesays.com\/fr\/wp-json\/wp\/v2\/comments?post=472022"}],"version-history":[{"count":0,"href":"https:\/\/www.europesays.com\/fr\/wp-json\/wp\/v2\/posts\/472022\/revisions"}],"wp:featuredmedia":[{"embeddable":true,"href":"https:\/\/www.europesays.com\/fr\/wp-json\/wp\/v2\/media\/472023"}],"wp:attachment":[{"href":"https:\/\/www.europesays.com\/fr\/wp-json\/wp\/v2\/media?parent=472022"}],"wp:term":[{"taxonomy":"category","embeddable":true,"href":"https:\/\/www.europesays.com\/fr\/wp-json\/wp\/v2\/categories?post=472022"},{"taxonomy":"post_tag","embeddable":true,"href":"https:\/\/www.europesays.com\/fr\/wp-json\/wp\/v2\/tags?post=472022"}],"curies":[{"name":"wp","href":"https:\/\/api.w.org\/{rel}","templated":true}]}}