{"id":472026,"date":"2025-10-18T08:25:33","date_gmt":"2025-10-18T08:25:33","guid":{"rendered":"https:\/\/www.europesays.com\/fr\/472026\/"},"modified":"2025-10-18T08:25:33","modified_gmt":"2025-10-18T08:25:33","slug":"previsions-du-samedi-18-octobre-2025-10","status":"publish","type":"post","link":"https:\/\/www.europesays.com\/fr\/472026\/","title":{"rendered":"pr\u00e9visions du samedi 18 octobre 2025"},"content":{"rendered":"<p class=\"mb-4 text-lg md:leading-8 break-words\"><strong>M\u00e9t\u00e9o &#8211; L&rsquo;arriv\u00e9e du soleil aujourd&rsquo;hui sera retard\u00e9e par beaucoup de nuages. Les nuages seront pr\u00e9sents. Les temp\u00e9ratures seront de 11\u00b0C le matin et de 18\u00b0C l&rsquo;apr\u00e8s-midi&#8230;<\/strong><\/p>\n<p class=\"mb-4 text-lg md:leading-8 break-words\">Aujourd&rsquo;hui, \u00e0 Nantes, les perturbations seront toujours au rendez-vous avec des nuages. Le soleil fera d\u00e9faut car le ciel sera couvert par des nuages. Les valeurs s&rsquo;\u00e9chelonneront de 7 \u00e0 19\u00b0C. D&rsquo;un autre c\u00f4t\u00e9, des \u00e9claircies sont attendues : on passera une matin\u00e9e agr\u00e9able. Un vent d&rsquo;est soufflera l\u00e9g\u00e8rement, avec 17 km\/h. Il y aura des nuages avant que le soleil ne puisse faire son apparition au cours de l&rsquo;apr\u00e8s-midi. En revanche, les temp\u00e9ratures vont enregistrer une hausse de plusieurs degr\u00e9s. Les valeurs seront comprises entre 16 et 19\u00b0C. La m\u00e9t\u00e9o devrait s&rsquo;am\u00e9liorer durant la soir\u00e9e. On pr\u00e9voit une nuit claire entre samedi et dimanche.<\/p>\n<p class=\"mb-4 text-lg md:leading-8 break-words\">C&rsquo;est \u00e0 un ciel couvert de nuages qu&rsquo;il faudra s&rsquo;attendre demain \u00e0 Nantes. C&rsquo;est une hausse de quelques degr\u00e9s que vont conna\u00eetre les temp\u00e9ratures. Les valeurs s&rsquo;\u00e9chelonneront entre 13 et 18\u00b0C. Un vent de sud-ouest soufflera \u00e0 21 km\/h. Il faudra pr\u00e9voir des perturbations le matin, les Nantais se retrouveront sous de la bruine l\u00e9g\u00e8re. Les temp\u00e9ratures seront de 15\u00b0C. Un temps voil\u00e9 avec une apparition de nuages est annonc\u00e9 dans l&rsquo;apr\u00e8s-midi. Du mauvais temps est \u00e0 pr\u00e9voir. Des pluies \u00e9parses vont tomber. Les valeurs seront de 16\u00b0C au plus bas et de 18\u00b0C au plus haut. Demain soir, toujours des nuages dans le ciel qui emp\u00eachent le soleil d&rsquo;appara\u00eetre. Des pluies \u00e9parses sont pr\u00e9vues.<\/p>\n<p class=\"mb-4 text-lg md:leading-8 break-words\">La m\u00e9t\u00e9o restera stable les prochains jours. Un ciel pluvieux, avec des temp\u00e9ratures de 15\u00b0C environ, est attendu.<\/p>\n<p class=\"mb-4 text-lg md:leading-8 break-words\"><a href=\"https:\/\/www.20minutes.fr\/planete\/previsions-meteo\/4180097-20251018-meteo-nantes-previsions-samedi-18-octobre-2025?at_medium=RSS%20feed&amp;at_campaign=ynews&amp;utm_source=yahoo&amp;utm_medium=rss&amp;utm_campaign=news_feed&amp;utm_content=read_more_link&quot;\" rel=\"nofollow noopener\" target=\"_blank\" data-ylk=\"slk:Lire la suite sur 20minutes;elm:context_link;itc:0;sec:content-canvas\" class=\"link \">Lire la suite sur 20minutes<\/a><\/p>\n","protected":false},"excerpt":{"rendered":"M\u00e9t\u00e9o &#8211; L&rsquo;arriv\u00e9e du soleil aujourd&rsquo;hui sera retard\u00e9e par beaucoup de nuages. Les nuages seront pr\u00e9sents. Les temp\u00e9ratures&hellip;\n","protected":false},"author":2,"featured_media":472027,"comment_status":"","ping_status":"","sticky":false,"template":"","format":"standard","meta":{"footnotes":""},"categories":[2818],"tags":[1111,11,1777,674,1011,27,6172,766,12,2636,25],"class_list":{"0":"post-472026","1":"post","2":"type-post","3":"status-publish","4":"format-standard","5":"has-post-thumbnail","7":"category-nantes","8":"tag-actu","9":"tag-actualites","10":"tag-eu","11":"tag-europe","12":"tag-fr","13":"tag-france","14":"tag-le-soleil","15":"tag-nantes","16":"tag-news","17":"tag-pays-de-la-loire","18":"tag-republique-francaise"},"share_on_mastodon":{"url":"https:\/\/pubeurope.com\/@fr\/115394217509111821","error":""},"_links":{"self":[{"href":"https:\/\/www.europesays.com\/fr\/wp-json\/wp\/v2\/posts\/472026","targetHints":{"allow":["GET"]}}],"collection":[{"href":"https:\/\/www.europesays.com\/fr\/wp-json\/wp\/v2\/posts"}],"about":[{"href":"https:\/\/www.europesays.com\/fr\/wp-json\/wp\/v2\/types\/post"}],"author":[{"embeddable":true,"href":"https:\/\/www.europesays.com\/fr\/wp-json\/wp\/v2\/users\/2"}],"replies":[{"embeddable":true,"href":"https:\/\/www.europesays.com\/fr\/wp-json\/wp\/v2\/comments?post=472026"}],"version-history":[{"count":0,"href":"https:\/\/www.europesays.com\/fr\/wp-json\/wp\/v2\/posts\/472026\/revisions"}],"wp:featuredmedia":[{"embeddable":true,"href":"https:\/\/www.europesays.com\/fr\/wp-json\/wp\/v2\/media\/472027"}],"wp:attachment":[{"href":"https:\/\/www.europesays.com\/fr\/wp-json\/wp\/v2\/media?parent=472026"}],"wp:term":[{"taxonomy":"category","embeddable":true,"href":"https:\/\/www.europesays.com\/fr\/wp-json\/wp\/v2\/categories?post=472026"},{"taxonomy":"post_tag","embeddable":true,"href":"https:\/\/www.europesays.com\/fr\/wp-json\/wp\/v2\/tags?post=472026"}],"curies":[{"name":"wp","href":"https:\/\/api.w.org\/{rel}","templated":true}]}}