{"id":472030,"date":"2025-10-18T08:27:21","date_gmt":"2025-10-18T08:27:21","guid":{"rendered":"https:\/\/www.europesays.com\/fr\/472030\/"},"modified":"2025-10-18T08:27:21","modified_gmt":"2025-10-18T08:27:21","slug":"girondins-jan-hoekstra-raconte-son-arrivee-et-son-ambition-avec-bordeaux","status":"publish","type":"post","link":"https:\/\/www.europesays.com\/fr\/472030\/","title":{"rendered":"Girondins: Jan Hoekstra raconte son arriv\u00e9e et son ambition avec Bordeaux"},"content":{"rendered":"<p><img decoding=\"async\" src=\"https:\/\/www.europesays.com\/fr\/wp-content\/uploads\/2025\/10\/671_96a32a6328bdfe5c8a6bcf51d3abe474.jpg\" alt=\"Girondins: Jan Hoekstra raconte son arriv\u00e9e et son ambition avec Bordeaux\" class=\"img-responsive mt-3\"\/><\/p>\n<p class=\"text-center mb-3\" style=\"font-size: 14px\">\u00a9 Iconsport<\/p>\n<p>      <strong>Jan Hoekstra s\u00e9duit par Bordeaux et d\u00e9termin\u00e9 \u00e0 faire briller les Girondins<\/strong><br \/>\n<strong>\u00ab\u00a0Il n&rsquo;y a pas d&rsquo;autre choix que de finir premier de notre groupe\u00a0\u00bb<\/strong><\/p>\n<p style=\"text-align: justify;\">Jan Hoekstra dans <a href=\"https:\/\/www.lequipe.fr\/Football\/Article\/Des-espoirs-neerlandais-a-la-d4-comment-le-geant-jan-hoekstra-s-est-retrouve-a-bordeaux\/1602373\" target=\"_blank\" rel=\"noopener\">L&rsquo;\u00c9quipe<\/a> : \u00ab\u00a0La saison derni\u00e8re, j&rsquo;\u00e9tais rempla\u00e7ant \u00e0 Emmen (D2 n\u00e9erlandaise). J&rsquo;ai alors parl\u00e9 \u00e0 mon agent de mon envie de quitter les Pays-Bas pour gagner du temps de jeu. L&rsquo;hiver dernier, nous avions des options en Scandinavie. Mais tout s&rsquo;est acc\u00e9l\u00e9r\u00e9 durant l&rsquo;intersaison. John Williams (le directeur sportif des Marine et Blanc, parti depuis) nous a contact\u00e9s. Nous avons \u00e9voqu\u00e9 la situation du club. En effectuant des recherches sur internet, dans un premier temps, la situation m&rsquo;a un peu effray\u00e9. Mais je savais que Bordeaux \u00e9tait un club historique o\u00f9 des N\u00e9erlandais comme Richard Witschge (de 1993 \u00e0 1996) avaient \u00e9volu\u00e9. Puis, lors de ma visite du Haillan, j&rsquo;ai \u00e9t\u00e9 s\u00e9duit par les installations, mais \u00e9galement par le cadre de vie, par la r\u00e9gion. Il n&rsquo;y a pas d&rsquo;autre choix que de finir premier de notre groupe\u00a0\u00bb.<\/p>\n<p style=\"text-align: justify;\">\u00c0 lire &gt;&gt; <strong><a href=\"https:\/\/www.webgirondins.com\/actualite-girondins-bordeaux-vendee-fc-la-composition-d-equipe-probable-des-girondins-130828\" target=\"_blank\" rel=\"noopener\">Bordeaux-Vend\u00e9e FC : la composition d&rsquo;\u00e9quipe probable des Girondins<\/a><\/strong><\/p>\n<p>Notre podcast court sur l&rsquo;actualit\u00e9 des Girondins :<\/p>\n<p>\u00a0<\/p>\n","protected":false},"excerpt":{"rendered":"\u00a9 Iconsport Jan Hoekstra s\u00e9duit par Bordeaux et d\u00e9termin\u00e9 \u00e0 faire briller les Girondins \u00ab\u00a0Il n&rsquo;y a pas&hellip;\n","protected":false},"author":2,"featured_media":438519,"comment_status":"","ping_status":"","sticky":false,"template":"","format":"standard","meta":{"footnotes":""},"categories":[2817],"tags":[1111,11,17667,9237,3396,1997,12708,1777,674,1011,27,8772,1987,40514,40515,12,2219,471,9068,25,25726,1100],"class_list":{"0":"post-472030","1":"post","2":"type-post","3":"status-publish","4":"format-standard","5":"has-post-thumbnail","7":"category-bordeaux","8":"tag-actu","9":"tag-actualites","10":"tag-ambition","11":"tag-arrivee","12":"tag-avec","13":"tag-bordeaux","14":"tag-engage","15":"tag-eu","16":"tag-europe","17":"tag-fr","18":"tag-france","19":"tag-gardien","20":"tag-girondins","21":"tag-hoekstra","22":"tag-neerlandais","23":"tag-news","24":"tag-nouvelle-aquitaine","25":"tag-pour","26":"tag-raconte","27":"tag-republique-francaise","28":"tag-saisons","29":"tag-trois"},"share_on_mastodon":{"url":"https:\/\/pubeurope.com\/@fr\/115394225460344514","error":""},"_links":{"self":[{"href":"https:\/\/www.europesays.com\/fr\/wp-json\/wp\/v2\/posts\/472030","targetHints":{"allow":["GET"]}}],"collection":[{"href":"https:\/\/www.europesays.com\/fr\/wp-json\/wp\/v2\/posts"}],"about":[{"href":"https:\/\/www.europesays.com\/fr\/wp-json\/wp\/v2\/types\/post"}],"author":[{"embeddable":true,"href":"https:\/\/www.europesays.com\/fr\/wp-json\/wp\/v2\/users\/2"}],"replies":[{"embeddable":true,"href":"https:\/\/www.europesays.com\/fr\/wp-json\/wp\/v2\/comments?post=472030"}],"version-history":[{"count":0,"href":"https:\/\/www.europesays.com\/fr\/wp-json\/wp\/v2\/posts\/472030\/revisions"}],"wp:featuredmedia":[{"embeddable":true,"href":"https:\/\/www.europesays.com\/fr\/wp-json\/wp\/v2\/media\/438519"}],"wp:attachment":[{"href":"https:\/\/www.europesays.com\/fr\/wp-json\/wp\/v2\/media?parent=472030"}],"wp:term":[{"taxonomy":"category","embeddable":true,"href":"https:\/\/www.europesays.com\/fr\/wp-json\/wp\/v2\/categories?post=472030"},{"taxonomy":"post_tag","embeddable":true,"href":"https:\/\/www.europesays.com\/fr\/wp-json\/wp\/v2\/tags?post=472030"}],"curies":[{"name":"wp","href":"https:\/\/api.w.org\/{rel}","templated":true}]}}