{"id":472042,"date":"2025-10-18T08:35:16","date_gmt":"2025-10-18T08:35:16","guid":{"rendered":"https:\/\/www.europesays.com\/fr\/472042\/"},"modified":"2025-10-18T08:35:16","modified_gmt":"2025-10-18T08:35:16","slug":"lyon-il-roule-a-160-km-h-dans-une-zone-limitee-a-30-sa-moto-saisie","status":"publish","type":"post","link":"https:\/\/www.europesays.com\/fr\/472042\/","title":{"rendered":"Lyon : il roule \u00e0 160 km\/h dans une zone limit\u00e9e \u00e0 30, sa moto saisie\u00a0"},"content":{"rendered":"<p>Ce mardi 14 octobre au matin, un motard a \u00e9t\u00e9 intercept\u00e9 par la police municipale alors qu&rsquo;il circulait \u00e0 160 km\/h rue Jean Bouin, dans le 7e arrondissement de Lyon, une zone pourtant limit\u00e9e \u00e0 30 km\/h. Sa moto, non assur\u00e9e, a \u00e9t\u00e9 envoy\u00e9e \u00e0 la fourri\u00e8re et son permis de conduire lui a \u00e9t\u00e9 retir\u00e9.<\/p>\n<p>Un exc\u00e8s de vitesse vertigineux en plein centre-ville. <b>Ce mardi 14 octobre<\/b> au matin, les agents de la police municipale de <b>Lyon<\/b> ont intercept\u00e9 un motard qui circulait \u00e0 une vitesse folle dans le 7e arrondissement.\u00a0<\/p>\n<p>L&rsquo;homme, \u00e2g\u00e9 d&rsquo;une trentaine d&rsquo;ann\u00e9es, a \u00e9t\u00e9 rep\u00e9r\u00e9 alors qu&rsquo;il filait \u00e0 <b>157 km\/h<\/b> sur la rue <b>Jean Bouin<\/b>, une voie pourtant limit\u00e9e \u00e0 30 km\/h.<\/p>\n<p>Moto non assur\u00e9e et permis confisqu\u00e9<\/p>\n<p>Les policiers ont rapidement proc\u00e9d\u00e9 \u00e0 son interpellation. Lors du contr\u00f4le, le motard a reconnu que sa moto, une <b>Yamaha FZR<\/b>, n&rsquo;\u00e9tait pas assur\u00e9e.\u00a0<\/p>\n<p>Les forces de l&rsquo;ordre ont imm\u00e9diatement confisqu\u00e9 le permis de conduire du trentenaire. Sa moto a \u00e9t\u00e9 saisie et plac\u00e9e en fourri\u00e8re.<\/p>\n<p>Le motard sera convoqu\u00e9 prochainement au commissariat pour \u00eatre entendu sur l&rsquo;ensemble des faits, puis au tribunal.\u00a0<\/p>\n<p><img loading=\"lazy\" decoding=\"async\" src=\"https:\/\/www.europesays.com\/fr\/wp-content\/uploads\/2025\/10\/1760776516_749_img\" width=\"350\" height=\"200\" border=\"0\" title=\"\u00c3\u0089norme incendie en cours \u00c3\u00a0 Villefranche-sur-Sa\u00c3\u00b4ne, au nord de Lyon\"\/><\/p>\n<p>\u25baFaits divers<\/p>\n<p style=\"font-size: 22px;\"><b>Gigantesque incendie \u00e0 Villefranche-sur-Sa\u00f4ne : o\u00f9 en sommes-nous trois jours apr\u00e8s ?<\/b><\/p>\n<p>Les analyses sur la toxicit\u00e9 ont rendu leur verdict,&#8230;<\/p>\n<p><\/p>\n","protected":false},"excerpt":{"rendered":"Ce mardi 14 octobre au matin, un motard a \u00e9t\u00e9 intercept\u00e9 par la police municipale alors qu&rsquo;il circulait&hellip;\n","protected":false},"author":2,"featured_media":472043,"comment_status":"","ping_status":"","sticky":false,"template":"","format":"standard","meta":{"footnotes":""},"categories":[1889],"tags":[59549,1111,11,2430,7325,1777,674,1011,27,2428,3914,1457,12,2872,25,59548,59547],"class_list":{"0":"post-472042","1":"post","2":"type-post","3":"status-publish","4":"format-standard","5":"has-post-thumbnail","7":"category-lyon","8":"tag-157-km-h","9":"tag-actu","10":"tag-actualites","11":"tag-auvergne-rhone-alpes","12":"tag-controle","13":"tag-eu","14":"tag-europe","15":"tag-fr","16":"tag-france","17":"tag-lyon","18":"tag-motard","19":"tag-moto","20":"tag-news","21":"tag-police-municipale","22":"tag-republique-francaise","23":"tag-rue-jean-bouin","24":"tag-yamaha-fzr"},"share_on_mastodon":{"url":"https:\/\/pubeurope.com\/@fr\/115394257460593812","error":""},"_links":{"self":[{"href":"https:\/\/www.europesays.com\/fr\/wp-json\/wp\/v2\/posts\/472042","targetHints":{"allow":["GET"]}}],"collection":[{"href":"https:\/\/www.europesays.com\/fr\/wp-json\/wp\/v2\/posts"}],"about":[{"href":"https:\/\/www.europesays.com\/fr\/wp-json\/wp\/v2\/types\/post"}],"author":[{"embeddable":true,"href":"https:\/\/www.europesays.com\/fr\/wp-json\/wp\/v2\/users\/2"}],"replies":[{"embeddable":true,"href":"https:\/\/www.europesays.com\/fr\/wp-json\/wp\/v2\/comments?post=472042"}],"version-history":[{"count":0,"href":"https:\/\/www.europesays.com\/fr\/wp-json\/wp\/v2\/posts\/472042\/revisions"}],"wp:featuredmedia":[{"embeddable":true,"href":"https:\/\/www.europesays.com\/fr\/wp-json\/wp\/v2\/media\/472043"}],"wp:attachment":[{"href":"https:\/\/www.europesays.com\/fr\/wp-json\/wp\/v2\/media?parent=472042"}],"wp:term":[{"taxonomy":"category","embeddable":true,"href":"https:\/\/www.europesays.com\/fr\/wp-json\/wp\/v2\/categories?post=472042"},{"taxonomy":"post_tag","embeddable":true,"href":"https:\/\/www.europesays.com\/fr\/wp-json\/wp\/v2\/tags?post=472042"}],"curies":[{"name":"wp","href":"https:\/\/api.w.org\/{rel}","templated":true}]}}