{"id":472065,"date":"2025-10-18T08:48:13","date_gmt":"2025-10-18T08:48:13","guid":{"rendered":"https:\/\/www.europesays.com\/fr\/472065\/"},"modified":"2025-10-18T08:48:13","modified_gmt":"2025-10-18T08:48:13","slug":"un-rapport-inedit-met-en-lumiere-le-plan-de-bruxelles-pour-rompre-un-tabou-sur-la-dette-commune","status":"publish","type":"post","link":"https:\/\/www.europesays.com\/fr\/472065\/","title":{"rendered":"un rapport in\u00e9dit met en lumi\u00e8re le plan de Bruxelles pour rompre un tabou sur la dette commune"},"content":{"rendered":"<p>\n    <strong>VU D\u2019AILLEURS &#8211; <\/strong>Une \u00e9tude r\u00e9v\u00e8le que la pr\u00e9sidente de la Commission, Ursula von der Leyen, envisagerait de cr\u00e9er deux instruments pour cr\u00e9er de nouvelles dettes communes en UE. Repr\u00e9sentants politiques et \u00e9conomistes critiquent d\u00e9j\u00e0 le m\u00e9ga budget envisag\u00e9.<\/p>\n<p class=\"fig-paragraph\">Par Stefan Beutelsbacher (Welt)<\/p>\n<p class=\"fig-paragraph\">C\u2019est l\u2019un des projets les plus importants d\u2019<a href=\"http:\/\/www.lefigaro.fr\/politique\/francois-xavier-bellamy-et-une-partie-de-la-delegation-francaise-du-ppe-a-vote-l-une-des-motions-de-censure-contre-ursula-von-der-leyen-20251009\" target=\"_blank\" data-fig-type=\"NewsFlash\" rel=\"noopener\" data-gtm-custom-categorie=\"navigation\" data-gtm-custom-action=\"crossclick\" data-gtm-custom-label=\"Contextuel\" data-gtm-event=\"customEventSPE\" data-fig-domain=\"LEFIGARO\">Ursula von der Leyen<\/a>\u00a0: la pr\u00e9sidente de la Commission europ\u00e9enne souhaite consid\u00e9rablement accro\u00eetre le prochain budget de Bruxelles, pour le porter \u00e0 pr\u00e8s de deux mille milliards d\u2019euros. Pourtant, les r\u00e9sistances sont nombreuses, tant dans les \u00c9tats membres qu\u2019au sein du\u00a0<a href=\"http:\/\/www.lefigaro.fr\/international\/ursula-von-der-leyen-echappe-a-deux-motions-de-censure-et-se-rejouit-du-fort-soutien-du-parlement-europeen-20251009\" target=\"_blank\" data-fig-type=\"NewsFlash\" rel=\"noopener\" data-gtm-custom-categorie=\"navigation\" data-gtm-custom-action=\"crossclick\" data-gtm-custom-label=\"Contextuel\" data-gtm-event=\"customEventSPE\" data-fig-domain=\"LEFIGARO\">Parlement europ\u00e9en<\/a>\u2026 et parmi les \u00e9conomistes.<\/p>\n<p class=\"fig-paragraph\">Une \u00e9tude de l\u2019Institut de l\u2019\u00e9conomie allemande (Institut der deutschen Wirtschaft, IW), encore non-publi\u00e9e mais que WELT AM SONNTAG a pu se procurer, y voit imm\u00e9diatement plusieurs probl\u00e8mes. Par exemple, deux instruments peu connus portant les noms de \u00ab Catalyst Europe\u00a0\u00bb et de \u00ab M\u00e9canisme de crise\u00a0\u00bb. Ils peuvent para\u00eetre insignifiants mais d\u00e9fendent l\u2019une des id\u00e9es les plus controvers\u00e9es en Europe\u00a0: l\u2019\u00e9mission d\u2019une nouvelle dette commune.<\/p>\n<p class=\"fig-body-link\">\n            \u00c0 lire aussi<br \/>\n        <a class=\"fig-body-link__link fig-premium-mark\" href=\"http:\/\/www.lefigaro.fr\/international\/ursula-von-der-leyen-face-a-la-fronde-des-partis-extremistes-au-parlement-europeen-20251008\" target=\"_blank\" data-fig-type=\"Article\" rel=\"noopener\" data-gtm-custom-categorie=\"navigation\" data-gtm-custom-action=\"crossclick\" data-gtm-custom-label=\"Contextuel\" data-gtm-event=\"customEventSPE\" data-fig-domain=\"LEFIGARO\">Ursula von der Leyen face \u00e0 la fronde des partis extr\u00e9mistes au Parlement europ\u00e9en<br \/>\n    <\/a>\n<\/p>\n<p class=\"fig-paragraph\">\u00ab Les propositions d\u2019Ursula von der Leyen font entrer les Eurobonds par la petite porte\u00a0\u00bb, affirme Bj\u00f6rn Kauder, l\u2019un des auteurs de l\u2019\u00e9tude\u2026<\/p>\n<p class=\"fig-premium-paywall__infos\">\n        Cet article est r\u00e9serv\u00e9 aux abonn\u00e9s.        Il vous reste 83% \u00e0 d\u00e9couvrir.\n    <\/p>\n<p>                <img  data- alt=\"Le Figaro\" class=\"fig-img--complete fig-img\"\/><\/p>\n<p class=\"fig-premium-paywall__title\">Vous avez envie de lire la suite ?<\/p>\n<p class=\"fig-premium-paywall__subtitle\">D\u00e9bloquez tous les articles imm\u00e9diatement.<\/p>\n<p class=\"fig-premium-paywall__connect\">\n                D\u00e9j\u00e0 abonn\u00e9\u00a0?                <a class=\"fig-premium-paywall__connect-link\" href=\"https:\/\/connect.lefigaro.fr\/login?client=horizon_web&amp;type=main&amp;redirect_uri=https%3A%2F%2Fwww.lefigaro.fr%2Finternational%2Fdes-eurobonds-par-la-petite-porte-un-rapport-inedit-met-en-lumiere-le-plan-de-bruxelles-pour-rompre-un-tabou-sur-la-dette-commune-20251018\" data-js-gtm=\"{&quot;customCategorie&quot;: &quot;conversion&quot;, &quot;customAction&quot;: &quot;before_Landing_Connexion_paywall_auto&quot;, &quot;customLabel&quot;: &quot;bGVmaWdhcm8uZnJfXzFmMGFiODMwLWNkZjgtNmVkMi04ODk5LWUxNjhjYTAyZGY3NF9fQXJ0aWNsZQ==_\u00abDes Eurobonds par la petite porte\u00bb\u00a0: un rapport in\u00e9dit met en lumi\u00e8re le plan de Bruxelles pour rompre un tabou sur la dette commune_140&quot;, &quot;customIDSPE&quot;: &quot;bGVmaWdhcm8uZnJfXzFmMGFiODMwLWNkZjgtNmVkMi04ODk5LWUxNjhjYTAyZGY3NF9fQXJ0aWNsZQ==&quot;, &quot;event&quot;: &quot;customEventSPE&quot;}\" target=\"_blank\" rel=\"noopener\"><br \/>\n                    Connectez-vous<br \/>\n                <\/a>\n            <\/p>\n","protected":false},"excerpt":{"rendered":"VU D\u2019AILLEURS &#8211; Une \u00e9tude r\u00e9v\u00e8le que la pr\u00e9sidente de la Commission, Ursula von der Leyen, envisagerait de&hellip;\n","protected":false},"author":2,"featured_media":472066,"comment_status":"","ping_status":"","sticky":false,"template":"","format":"standard","meta":{"footnotes":""},"categories":[1586],"tags":[11,1777,674,1779,1011,27,12,25,1778,364,2544],"class_list":{"0":"post-472065","1":"post","2":"type-post","3":"status-publish","4":"format-standard","5":"has-post-thumbnail","7":"category-europe","8":"tag-actualites","9":"tag-eu","10":"tag-europe","11":"tag-european-union","12":"tag-fr","13":"tag-france","14":"tag-news","15":"tag-republique-francaise","16":"tag-ue","17":"tag-union-europeenne","18":"tag-ursula-von-der-leyen"},"share_on_mastodon":{"url":"https:\/\/pubeurope.com\/@fr\/115394307952720103","error":""},"_links":{"self":[{"href":"https:\/\/www.europesays.com\/fr\/wp-json\/wp\/v2\/posts\/472065","targetHints":{"allow":["GET"]}}],"collection":[{"href":"https:\/\/www.europesays.com\/fr\/wp-json\/wp\/v2\/posts"}],"about":[{"href":"https:\/\/www.europesays.com\/fr\/wp-json\/wp\/v2\/types\/post"}],"author":[{"embeddable":true,"href":"https:\/\/www.europesays.com\/fr\/wp-json\/wp\/v2\/users\/2"}],"replies":[{"embeddable":true,"href":"https:\/\/www.europesays.com\/fr\/wp-json\/wp\/v2\/comments?post=472065"}],"version-history":[{"count":0,"href":"https:\/\/www.europesays.com\/fr\/wp-json\/wp\/v2\/posts\/472065\/revisions"}],"wp:featuredmedia":[{"embeddable":true,"href":"https:\/\/www.europesays.com\/fr\/wp-json\/wp\/v2\/media\/472066"}],"wp:attachment":[{"href":"https:\/\/www.europesays.com\/fr\/wp-json\/wp\/v2\/media?parent=472065"}],"wp:term":[{"taxonomy":"category","embeddable":true,"href":"https:\/\/www.europesays.com\/fr\/wp-json\/wp\/v2\/categories?post=472065"},{"taxonomy":"post_tag","embeddable":true,"href":"https:\/\/www.europesays.com\/fr\/wp-json\/wp\/v2\/tags?post=472065"}],"curies":[{"name":"wp","href":"https:\/\/api.w.org\/{rel}","templated":true}]}}