{"id":472067,"date":"2025-10-18T08:49:13","date_gmt":"2025-10-18T08:49:13","guid":{"rendered":"https:\/\/www.europesays.com\/fr\/472067\/"},"modified":"2025-10-18T08:49:13","modified_gmt":"2025-10-18T08:49:13","slug":"une-equipe-olympienne-a-nouveau-remaniee-face-au-havre-veut-poursuivre-sa-belle-serie","status":"publish","type":"post","link":"https:\/\/www.europesays.com\/fr\/472067\/","title":{"rendered":"une \u00e9quipe olympienne \u00e0 nouveau remani\u00e9e face au Havre veut poursuivre sa belle s\u00e9rie"},"content":{"rendered":"<p>Autant la pr\u00e9c\u00e9dente tr\u00eave, juste apr\u00e8s <a href=\"https:\/\/www.laprovence.com\/article\/om\/5834575634075214\/lyon-om-1-0-une-nouvelle-defaite-qui-marque-tres-mal-pour-les-olympiens\" target=\"_blank\" rel=\"noopener\">le couac \u00e0 Lyon (0-1)<\/a>, avait \u00e9t\u00e9 accueillie avec soulagement, autant la suivante n&rsquo;a pas vraiment arrang\u00e9 les affaires de l&rsquo;OM. Et pour cause, la bande \u00e0 Roberto De Zerbi avait embrass\u00e9 un rythme d&rsquo;enfer que pas grand monde ne pouvait tenir, avec <a href=\"https:\/\/www.laprovence.com\/article\/om\/15197068079771\/om-actions-lechees-jeu-direct-pressing-adaptations-tactiques-le-de-zerbi-ball-a-le-vent-en-poupe\" target=\"_blank\" rel=\"noopener\">cinq victoires en six sorties<\/a> et, surtout, elle avait offert un jeu emballant port\u00e9 des individualit\u00e9s dans le coup. Un \u00e9lan coup\u00e9 par la parenth\u00e8se internationale qui a concern\u00e9 12 joueurs et que les Olympiens entendent relancer avec la tr\u00e9pidante s\u00e9quence qui s&rsquo;ouvre ce samedi soir, rythm\u00e9e par sept rendez-vous en vingt-et-un jours.<\/p>\n<p>Le\u00a0Havre s&rsquo;impose comme la premi\u00e8re \u00e9tape de ce marathon et, sur le papier, a tout de la victime expiatoire. Les plus optimistes, berc\u00e9s par l&rsquo;incroyable s\u00e9rie en cours, s&rsquo;imaginent d\u00e9j\u00e0 c\u00e9l\u00e9brer une nouvelle victoire, histoire d&rsquo;\u00e9tirer les bonnes habitudes et de pr\u00e9parer au mieux la suite, \u00e0 commencer par les d\u00e9placements <a href=\"https:\/\/www.laprovence.com\/article\/om\/1124624690610614\/levenement-venez-assister-a-sporting-om-a-grand-central-le-siege-de-la-provence\" target=\"_blank\" rel=\"noopener\">sur le terrain du Sporting, mercredi<\/a>, puis celui de Lens, trois jours plus tard.<\/p>\n<p>De Zerbi met tout le monde en garde sur cet exc\u00e8s de confiance. D\u00e9j\u00e0 parce que cette joute se tiendra de nouveau <a href=\"https:\/\/www.laprovence.com\/article\/om\/2067662323204314\/direct-laprovence-direct-om-aguerd-et-de-zerbi-devant-les-medias-avant-la-reprise-suivez-la-conference-de-presse\" target=\"_blank\" rel=\"noopener\">sans Geoffrey Kondogbia, Hamed Traor\u00e9<\/a> et <a href=\"https:\/\/www.laprovence.com\/article\/om\/1432528952827915\/om-touche-a-la-cheville-facundo-medina-sera-absent-deux-mois\" target=\"_blank\" rel=\"noopener\">Facundo Medina<\/a>, re&#8230;<\/p>\n","protected":false},"excerpt":{"rendered":"Autant la pr\u00e9c\u00e9dente tr\u00eave, juste apr\u00e8s le couac \u00e0 Lyon (0-1), avait \u00e9t\u00e9 accueillie avec soulagement, autant la&hellip;\n","protected":false},"author":2,"featured_media":472068,"comment_status":"","ping_status":"","sticky":false,"template":"","format":"standard","meta":{"footnotes":""},"categories":[2],"tags":[17,11,2263,2823,1011,27,12,4565,57957,149,59554,25,96],"class_list":{"0":"post-472067","1":"post","2":"type-post","3":"status-publish","4":"format-standard","5":"has-post-thumbnail","7":"category-actualites","8":"tag-17","9":"tag-actualites","10":"tag-equipe","11":"tag-face","12":"tag-fr","13":"tag-france","14":"tag-news","15":"tag-nouveau","16":"tag-olympienne","17":"tag-om","18":"tag-remaniee","19":"tag-republique-francaise","20":"tag-une"},"share_on_mastodon":{"url":"https:\/\/pubeurope.com\/@fr\/115394311919984954","error":""},"_links":{"self":[{"href":"https:\/\/www.europesays.com\/fr\/wp-json\/wp\/v2\/posts\/472067","targetHints":{"allow":["GET"]}}],"collection":[{"href":"https:\/\/www.europesays.com\/fr\/wp-json\/wp\/v2\/posts"}],"about":[{"href":"https:\/\/www.europesays.com\/fr\/wp-json\/wp\/v2\/types\/post"}],"author":[{"embeddable":true,"href":"https:\/\/www.europesays.com\/fr\/wp-json\/wp\/v2\/users\/2"}],"replies":[{"embeddable":true,"href":"https:\/\/www.europesays.com\/fr\/wp-json\/wp\/v2\/comments?post=472067"}],"version-history":[{"count":0,"href":"https:\/\/www.europesays.com\/fr\/wp-json\/wp\/v2\/posts\/472067\/revisions"}],"wp:featuredmedia":[{"embeddable":true,"href":"https:\/\/www.europesays.com\/fr\/wp-json\/wp\/v2\/media\/472068"}],"wp:attachment":[{"href":"https:\/\/www.europesays.com\/fr\/wp-json\/wp\/v2\/media?parent=472067"}],"wp:term":[{"taxonomy":"category","embeddable":true,"href":"https:\/\/www.europesays.com\/fr\/wp-json\/wp\/v2\/categories?post=472067"},{"taxonomy":"post_tag","embeddable":true,"href":"https:\/\/www.europesays.com\/fr\/wp-json\/wp\/v2\/tags?post=472067"}],"curies":[{"name":"wp","href":"https:\/\/api.w.org\/{rel}","templated":true}]}}