{"id":472069,"date":"2025-10-18T08:50:13","date_gmt":"2025-10-18T08:50:13","guid":{"rendered":"https:\/\/www.europesays.com\/fr\/472069\/"},"modified":"2025-10-18T08:50:13","modified_gmt":"2025-10-18T08:50:13","slug":"pour-roland-lescure-la-degradation-de-la-note-de-la-france-par-sp-est-un-appel-a-la-lucidite","status":"publish","type":"post","link":"https:\/\/www.europesays.com\/fr\/472069\/","title":{"rendered":"pour Roland Lescure, la d\u00e9gradation de la note de la France par S&#038;P est un \u00abappel \u00e0 la lucidit\u00e9\u00bb"},"content":{"rendered":"<p>\n    L\u2019agence Standard &amp; Poor\u2019s a annonc\u00e9 vendredi qu\u2019elle d\u00e9gradait la note souveraine de la France de AA- \u00e0 A+ (avec perspective stable), estimant que \u00abmalgr\u00e9 la pr\u00e9sentation cette semaine du projet de budget 2026, l\u2019incertitude sur les finances publiques fran\u00e7aises demeure \u00e9lev\u00e9e\u00bb.<\/p>\n<p class=\"fig-paragraph\">Le nouveau ministre de l\u2019\u00c9conomie, Roland Lescure, a r\u00e9agi ce samedi matin \u00e0 la r\u00e9trogradation de la\u00a0<a href=\"http:\/\/www.lefigaro.fr\/conjoncture\/dette-s-p-degrade-a-son-tour-la-france-et-sanctionne-sans-attendre-la-derive-des-finances-publiques-20251018\" target=\"_blank\" data-fig-type=\"NewsFlash\" rel=\"noopener nofollow\" data-gtm-custom-categorie=\"navigation\" data-gtm-custom-action=\"crossclick\" data-gtm-custom-label=\"Contextuel\" data-gtm-event=\"customEventSPE\" data-fig-domain=\"LEFIGARO\">note de la France par Standard &amp; Poor\u2019s<\/a>, qui n\u2019\u00e9tait attendue que pour la fin du mois de novembre. Un nouvel avertissement apr\u00e8s la d\u00e9gradation de la note fran\u00e7aise par l\u2019agence Fitch. Pour le nouveau patron de Bercy, qui \u00abprend acte\u00bb de l\u2019annonce, il s\u2019agit d\u2019un \u00abappel \u00e0 la lucidit\u00e9, la responsabilit\u00e9\u00bb, mais surtout un \u00abappel au s\u00e9rieux\u00bb, a-t-il estim\u00e9 au micro de Franceinfo.<\/p>\n<p class=\"fig-paragraph\">\u00abC\u2019est la troisi\u00e8me (d\u00e9gradation) en un an (&#8230;) On ne peut pas ignorer ce nuage. Au fond, c\u2019est un nuage qui s\u2019ajoute \u00e0 un bulletin m\u00e9t\u00e9o d\u00e9j\u00e0 assez gris\u00bb, a-t-il poursuivi. L\u2019agence Standard &amp; Poor\u2019s a annonc\u00e9 vendredi d\u00e9grader la note souveraine fran\u00e7aise de AA- \u00e0 A+ (avec perspective stable), estimant que \u00abmalgr\u00e9 la pr\u00e9sentation cette semaine du projet de budget 2026, l\u2019incertitude sur les finances publiques fran\u00e7aises demeure \u00e9lev\u00e9e\u00bb.<\/p>\n<p>                                    <a class=\"fig-a11y-skip a11y-hidden\" href=\"#fig-a11y-skip-main-inarticle\"><br \/>\n        Passer la publicit\u00e9<br \/>\n    <\/a><\/p>\n<p class=\"fig-paragraph\">\u00abJ\u2019ai eu l\u2019occasion de confirmer notre d\u00e9termination \u00e0 tenir l\u2019objectif de d\u00e9ficit de 5,4% du PIB pour 2025. L\u2019agence y fait d\u2019ailleurs r\u00e9f\u00e9rence\u00bb, a d\u00e9clar\u00e9 Roland Lescure. Standard &amp; Poor\u2019s a en effet estim\u00e9 que l\u2019objectif de d\u00e9ficit de 5,4% du PIB va \u00eatre tenu cette ann\u00e9e. En revanche, elle ne s\u2019aligne pas avec le gouvernement sur l\u2019objectif de 4,7% pr\u00e9vu l\u2019an prochain, tablant plut\u00f4t sur 5,3%.<\/p>\n<p>\u00abLe budget doit \u00eatre vot\u00e9\u00bb pour \u00abrassurer les agences\u00bb<\/p>\n<p class=\"fig-paragraph\">\u00abOn a des atouts qui vont nous aider, l\u2019agence elle-m\u00eame a soulign\u00e9 les tr\u00e8s bons fondamentaux de l\u2019\u00e9conomie fran\u00e7aise\u00bb, souligne le ministre. \u00abUne \u00e9conomie diversifi\u00e9e, une croissance qui r\u00e9siste (on sera cette ann\u00e9e en ligne avec la pr\u00e9vision de croissance de nos pr\u00e9d\u00e9cesseurs) et on a un haut niveau d\u2019\u00e9pargne\u00bb, a-t-il \u00e9num\u00e9r\u00e9.<\/p>\n<p class=\"fig-paragraph\">Mais pour tenir cet objectif, \u00abil faut que le budget soit vot\u00e9\u00bb, a reconnu Roland Lescure. \u00abComme l\u2019agence le dit, on a des chances d\u2019\u00eatre \u00e0 5,4% en 2025. On a d\u00e9pos\u00e9 ce projet de budget pour 2026 qui vise \u00e0 acc\u00e9l\u00e9rer la r\u00e9duction du d\u00e9ficit public \u00e0 4,7% du PIB. On met en place un budget pour atteindre cet objectif, mais il doit avant tout \u00eatre vot\u00e9. Cela va demander des efforts, qui vont devoir m\u00e9riter la responsabilit\u00e9 collective\u00bb, a-t-il affirm\u00e9, appelant \u00e0 la responsabilit\u00e9 du Parlement.<\/p>\n<p class=\"fig-paragraph\">\u00abC\u2019est \u00e0 nous, le gouvernement et le Parlement, de convaincre les observateurs. Ils ont bien r\u00e9agi cette semaine \u00e0 la baisse de l\u2019incertitude politique (&#8230;) On doit continuer de les rassurer\u00bb, explique le ministre, qui se montre positif. \u00abJe dis aux parlementaires\u00a0: soyons responsables. Avec Am\u00e9lie de Montchalin, on sera garant du respect du cadre\u00a0: stabiliser la dette publique pour qu\u2019elle soit en dessous de 3% en 2029, on doit acc\u00e9l\u00e9rer le mouvement en 2026\u00bb, a-t-il conclu.<\/p>\n","protected":false},"excerpt":{"rendered":"L\u2019agence Standard &amp; Poor\u2019s a annonc\u00e9 vendredi qu\u2019elle d\u00e9gradait la note souveraine de la France de AA- \u00e0&hellip;\n","protected":false},"author":2,"featured_media":472070,"comment_status":"","ping_status":"","sticky":false,"template":"","format":"standard","meta":{"footnotes":""},"categories":[2],"tags":[11,13851,1011,27,12,25,56803],"class_list":{"0":"post-472069","1":"post","2":"type-post","3":"status-publish","4":"format-standard","5":"has-post-thumbnail","7":"category-actualites","8":"tag-actualites","9":"tag-deficit-public","10":"tag-fr","11":"tag-france","12":"tag-news","13":"tag-republique-francaise","14":"tag-roland-lescure"},"share_on_mastodon":{"url":"https:\/\/pubeurope.com\/@fr\/115394315887121787","error":""},"_links":{"self":[{"href":"https:\/\/www.europesays.com\/fr\/wp-json\/wp\/v2\/posts\/472069","targetHints":{"allow":["GET"]}}],"collection":[{"href":"https:\/\/www.europesays.com\/fr\/wp-json\/wp\/v2\/posts"}],"about":[{"href":"https:\/\/www.europesays.com\/fr\/wp-json\/wp\/v2\/types\/post"}],"author":[{"embeddable":true,"href":"https:\/\/www.europesays.com\/fr\/wp-json\/wp\/v2\/users\/2"}],"replies":[{"embeddable":true,"href":"https:\/\/www.europesays.com\/fr\/wp-json\/wp\/v2\/comments?post=472069"}],"version-history":[{"count":0,"href":"https:\/\/www.europesays.com\/fr\/wp-json\/wp\/v2\/posts\/472069\/revisions"}],"wp:featuredmedia":[{"embeddable":true,"href":"https:\/\/www.europesays.com\/fr\/wp-json\/wp\/v2\/media\/472070"}],"wp:attachment":[{"href":"https:\/\/www.europesays.com\/fr\/wp-json\/wp\/v2\/media?parent=472069"}],"wp:term":[{"taxonomy":"category","embeddable":true,"href":"https:\/\/www.europesays.com\/fr\/wp-json\/wp\/v2\/categories?post=472069"},{"taxonomy":"post_tag","embeddable":true,"href":"https:\/\/www.europesays.com\/fr\/wp-json\/wp\/v2\/tags?post=472069"}],"curies":[{"name":"wp","href":"https:\/\/api.w.org\/{rel}","templated":true}]}}