{"id":47207,"date":"2025-04-23T18:15:09","date_gmt":"2025-04-23T18:15:09","guid":{"rendered":"https:\/\/www.europesays.com\/fr\/47207\/"},"modified":"2025-04-23T18:15:09","modified_gmt":"2025-04-23T18:15:09","slug":"brigitte-macron-son-neveu-se-desolidarise-de-la-politique-demmanuel-macron-et-ca-a-le-merite-detre-clair","status":"publish","type":"post","link":"https:\/\/www.europesays.com\/fr\/47207\/","title":{"rendered":"Brigitte Macron : son neveu se d\u00e9solidarise de la politique d\u2019Emmanuel Macron et \u00e7a a le m\u00e9rite d\u2019\u00eatre clair"},"content":{"rendered":"<p class=\"\" data-start=\"440\" data-end=\"934\">Pas de cravate, des<br \/>\ngrosses bagues aux doigts et le tutoiement facile : Jean-Alexandre<br \/>\nTrogneux est aux antipodes des figures rigides du monde politique.<br \/>\n\u00c0 64 ans, l\u2019ancien patron de la Maison Trogneux \u2014 <strong>la<br \/>\nchocolaterie familiale<\/strong> devenue c\u00e9l\u00e8bre autant pour ses<br \/>\nmacarons d\u2019Amiens que pour son lien avec la Premi\u00e8re dame \u2014 se<br \/>\nraconte sans d\u00e9tour. \u00c0 l\u2019occasion de l\u2019ouverture d\u2019une nouvelle<br \/>\nboutique \u00e0 Paris, il revient sur l\u2019h\u00e9ritage sucr\u00e9 de sa famille\u2026<br \/>\nmais aussi sur la temp\u00eate m\u00e9diatique qui a souffl\u00e9 sur eux depuis<br \/>\n2017.<\/p>\n<p class=\"\" data-start=\"936\" data-end=\"1216\">Car depuis que<br \/>\n<a href=\"https:\/\/www.closermag.fr\/politique\/brigitte-macron-la-premiere-dame-dans-sa-couleur-fetiche-pour-defendre-son-cheval-de-bataille-3538872\" rel=\"nofollow noopener\" target=\"_blank\"><br \/>\nBrigitte Macron<\/a> est devenue Premi\u00e8re dame, impossible pour les<br \/>\nTrogneux de passer totalement sous les radars. M\u00eame quand on fait<br \/>\n\u00ab\u00a0seulement\u00a0\u00bb du <a href=\"https:\/\/www.closermag.fr\/vecu\/billet-jai-arrete-de-culpabiliser-pour-les-15-oeufs-en-chocolat-manges-a-paques-et-ma-sante-mentale-me-dit-merci-3538271\" rel=\"nofollow noopener\" target=\"_blank\"><br \/>\nchocolat<\/a>. Et Jean-Alexandre, son neveu, ne cache pas que cette<br \/>\nsurexposition a parfois eu d<strong>es cons\u00e9quences<br \/>\ndouloureuses<\/strong> pour ses proches.<\/p>\n<p>\u201cNous n\u2019avons aucun lien avec<br \/>\nla politique d\u00a0\u00bbEmmanuel Macron\u201d<\/p>\n<p class=\"\" data-start=\"1310\" data-end=\"1736\">C\u2019est dit, et sans<br \/>\nd\u00e9tour. \u201cBeaucoup ont compris<br \/>\nque nous n\u2019avons <strong>aucun lien<\/strong> avec la politique du<br \/>\npr\u00e9sident\u201d, affirme Jean-Alexandre dans les colonnes de<br \/>\nGala. Une phrase claire,<br \/>\npos\u00e9e, qui met un terme aux ambigu\u00eft\u00e9s. Lui et sa famille ne<br \/>\nveulent pas \u00eatre associ\u00e9s aux d\u00e9cisions d\u2019<a href=\"https:\/\/www.closermag.fr\/politique\/brigitte-et-emmanuel-macron-leur-agenda-bouleverse-ils-rentrent-en-urgence-du-bout-du-monde-3539050\" rel=\"nofollow noopener\" target=\"_blank\">Emmanuel<br \/>\nMacron<\/a>, qu\u2019elles soient impopulaires ou non. Une mise au point<br \/>\nn\u00e9cessaire, surtout apr\u00e8s les vives tensions des derni\u00e8res<br \/>\nann\u00e9es.<\/p>\n<p class=\"\" data-start=\"1738\" data-end=\"2282\">Il se souvient<br \/>\nnotamment de la p\u00e9riode 2018-2019, marqu\u00e9e par les manifestations<br \/>\nanti-Macron. \u201cC\u2019\u00e9tait un vrai<br \/>\nchoc. Quand \u2018Bibi\u2019 nous a pr\u00e9sent\u00e9 Emmanuel Macron, on l\u2019a tout de<br \/>\nsuite trouv\u00e9 <strong>extr\u00eamement brillant et sympathique.<\/strong><br \/>\nOn l\u2019appelait \u2018Pentium 7\u2019 ! Le courant est tout de suite pass\u00e9.<br \/>\nMais jamais je n\u2019aurais imagin\u00e9 un tel destin\u201d, raconte-t-il.<br \/>\nEt puis tout a bascul\u00e9. Les regards ont chang\u00e9, parfois accompagn\u00e9s<br \/>\nde propos haineux. Jusqu\u2019\u00e0 l\u2019agression de son fils Jean-Baptiste en<br \/>\n2023, en pleine rue, \u00e0 cause de leur nom de famille.<\/p>\n<p>\u201cMon<br \/>\nfils aurait pu y passer, sans l\u2019intervention d\u2019un voisin\u201d<\/p>\n<p class=\"\" data-start=\"2357\" data-end=\"2847\">Encore marqu\u00e9,<br \/>\nJean-Alexandre revient avec \u00e9motion sur cet \u00e9pisode traumatisant.<br \/>\n\u201cJean-Baptiste est jeune,<br \/>\ndonc il est tout de suite reparti de l\u2019avant. Moi, j\u2019avoue avoir eu<br \/>\n<strong>plus de mal \u00e0 comprendre cette haine<\/strong>. Pour la<br \/>\npremi\u00e8re fois de ma vie, j\u2019ai d\u00fb aller voir un psy. Mon fils aurait<br \/>\npu y passer, sans l\u2019intervention d\u2019un voisin ! Toute la famille a<br \/>\n\u00e9t\u00e9 tr\u00e8s choqu\u00e9e\u201d, confie-t-il. Une agression injuste, qui<br \/>\nrappelle que parfois, un simple nom peut suffire \u00e0 d\u00e9clencher la<br \/>\nviolence.<\/p>\n<p class=\"\" data-start=\"2849\" data-end=\"3180\">Depuis, la famille a<br \/>\nd\u00e9cid\u00e9 de faire bloc. Ils se concentrent sur leur activit\u00e9, leur<br \/>\npassion du chocolat, et refusent de se laisser aspirer par la<br \/>\nmachine politique. \u201cAujourd\u2019hui, nous avons tourn\u00e9 la page. Et puis, le<br \/>\nchocolat, c\u2019est le meilleur m\u00e9dicament pour aller mieux !\u201d,<br \/>\nl\u00e2che-t-il avec un sourire. \u00c0 chacun sa th\u00e9rapie.<\/p>\n","protected":false},"excerpt":{"rendered":"Pas de cravate, des grosses bagues aux doigts et le tutoiement facile : Jean-Alexandre Trogneux est aux antipodes&hellip;\n","protected":false},"author":2,"featured_media":47208,"comment_status":"","ping_status":"","sticky":false,"template":"","format":"standard","meta":{"footnotes":""},"categories":[1359],"tags":[548,986,58,1073,59,1011,27,973],"class_list":{"0":"post-47207","1":"post","2":"type-post","3":"status-publish","4":"format-standard","5":"has-post-thumbnail","7":"category-people","8":"tag-article-simple","9":"tag-brigitte-macron","10":"tag-divertissement","11":"tag-emmanuel-macron","12":"tag-entertainment","13":"tag-fr","14":"tag-france","15":"tag-people"},"share_on_mastodon":{"url":"https:\/\/pubeurope.com\/@fr\/114388646347579298","error":""},"_links":{"self":[{"href":"https:\/\/www.europesays.com\/fr\/wp-json\/wp\/v2\/posts\/47207","targetHints":{"allow":["GET"]}}],"collection":[{"href":"https:\/\/www.europesays.com\/fr\/wp-json\/wp\/v2\/posts"}],"about":[{"href":"https:\/\/www.europesays.com\/fr\/wp-json\/wp\/v2\/types\/post"}],"author":[{"embeddable":true,"href":"https:\/\/www.europesays.com\/fr\/wp-json\/wp\/v2\/users\/2"}],"replies":[{"embeddable":true,"href":"https:\/\/www.europesays.com\/fr\/wp-json\/wp\/v2\/comments?post=47207"}],"version-history":[{"count":0,"href":"https:\/\/www.europesays.com\/fr\/wp-json\/wp\/v2\/posts\/47207\/revisions"}],"wp:featuredmedia":[{"embeddable":true,"href":"https:\/\/www.europesays.com\/fr\/wp-json\/wp\/v2\/media\/47208"}],"wp:attachment":[{"href":"https:\/\/www.europesays.com\/fr\/wp-json\/wp\/v2\/media?parent=47207"}],"wp:term":[{"taxonomy":"category","embeddable":true,"href":"https:\/\/www.europesays.com\/fr\/wp-json\/wp\/v2\/categories?post=47207"},{"taxonomy":"post_tag","embeddable":true,"href":"https:\/\/www.europesays.com\/fr\/wp-json\/wp\/v2\/tags?post=47207"}],"curies":[{"name":"wp","href":"https:\/\/api.w.org\/{rel}","templated":true}]}}