{"id":472073,"date":"2025-10-18T08:52:12","date_gmt":"2025-10-18T08:52:12","guid":{"rendered":"https:\/\/www.europesays.com\/fr\/472073\/"},"modified":"2025-10-18T08:52:12","modified_gmt":"2025-10-18T08:52:12","slug":"will-zalatoris-de-retour-au-jeu-apres-7-mois-dabsence","status":"publish","type":"post","link":"https:\/\/www.europesays.com\/fr\/472073\/","title":{"rendered":"Will Zalatoris de retour au jeu apr\u00e8s 7 mois d&rsquo;absence"},"content":{"rendered":"<p>\t\t\t\t\t\t<img width=\"770\" height=\"556\" src=\"https:\/\/www.europesays.com\/fr\/wp-content\/uploads\/2025\/05\/will-zalatoris-pga-tour-770x556.jpg\" class=\"img-responsive wp-post-image\" alt=\"\" decoding=\"async\" fetchpriority=\"high\"  \/>\t\t\t\t\t<\/p>\n<p>\t\t\t\t\t\t Partager cet article <\/p>\n<p class=\"screen-reader-text juiz_sps_maybe_hidden_text\">Partager la publication \u00ab\u00a0Will Zalatoris de retour au jeu apr\u00e8s 7 mois d\u2019absence\u00a0\u00bb<\/p>\n<p><strong>Absent depuis son cut manqu\u00e9 au PGA Championship \u00e0 la mi mai, l\u2019Am\u00e9ricain Will Zalatoris a annonc\u00e9 son retour \u00e0 la comp\u00e9tition au mois de d\u00e9cembre. Il se rendra en Afrique du Sud, au Nedbank, du 4 au 7 d\u00e9cembre.\u00a0<\/strong><\/p>\n<p><strong>H.D.<\/strong><\/p>\n<p>Num\u00e9ro 7 mondial \u00e0 son meilleur d\u00e9but 2023, l\u2019Am\u00e9ricain <strong>Will Zalatoris<\/strong>, 29 ans, souffre du dos qui l\u2019emp\u00eache de performer depuis deux saisons mais le bout du tunnel est proche.<\/p>\n<p>En effet l\u2019Am\u00e9ricain disputera le <strong>Nedbank Golf Challenge in honour of Gary Player<\/strong>, nouveau nom du <strong>Nedbank Golf Championship<\/strong>, du 4 au 7 d\u00e9cembre.<\/p>\n<p>Le natif de <strong>San Francisco,\u00a0<\/strong>s\u2019est d\u00e9j\u00e0 rendu \u00e0 Sun City, dans le nord du pays, o\u00f9 il avait termin\u00e9 18\u00e8 en 2024.\u00a0<\/p>\n<blockquote class=\"twitter-tweet\" data-media-max-width=\"560\">\n<p dir=\"ltr\" lang=\"en\">The PGA TOUR stars are coming! <\/p>\n<p>American Will Zalatoris is back for his second shot at glory in \u201cAfrica\u2019s Major\u201d.<\/p>\n<p>Visit: <a href=\"https:\/\/t.co\/i9ZgYvXKyh\" rel=\"nofollow\">https:\/\/t.co\/i9ZgYvXKyh<\/a> for more info. <a href=\"https:\/\/twitter.com\/hashtag\/NGC2025?src=hash&amp;ref_src=twsrc%5Etfw\" rel=\"nofollow noopener\" target=\"_blank\">#NGC2025<\/a> <a href=\"https:\/\/twitter.com\/hashtag\/AfricasMajor?src=hash&amp;ref_src=twsrc%5Etfw\" rel=\"nofollow noopener\" target=\"_blank\">#AfricasMajor<\/a> <a href=\"https:\/\/twitter.com\/hashtag\/LoveEveryMoment?src=hash&amp;ref_src=twsrc%5Etfw\" rel=\"nofollow noopener\" target=\"_blank\">#LoveEveryMoment<\/a> <a href=\"https:\/\/t.co\/Nd5vPtKfNG\" rel=\"nofollow\">pic.twitter.com\/Nd5vPtKfNG<\/a><\/p>\n<p>\u2014 Nedbank Golf Challenge (@AfricasMajor) <a href=\"https:\/\/twitter.com\/AfricasMajor\/status\/1978356159670034878?ref_src=twsrc%5Etfw\" rel=\"nofollow noopener\" target=\"_blank\">October 15, 2025<\/a><\/p>\n<\/blockquote>\n<p>Deux hernies discales et une carri\u00e8re en pointill\u00e9<\/p>\n<p>\u00c0 la suite de son forfait pour le<strong> Charles Schwab Challenge<\/strong>, le Californien retomb\u00e9 au 154e rang mondial, avait subi une deuxi\u00e8me op\u00e9ration du dos.<\/p>\n<p>Comme en 2022,<a href=\"https:\/\/www.golfplanete.com\/?s=Will+Zalatoris\" rel=\"nofollow noopener\" target=\"_blank\"> il d\u00e9clare souffir d\u2019une double hernie discale<\/a>, sur son compte Instagram apr\u00e8s son retrait : \u00abCe printemps, j\u2019ai commenc\u00e9 \u00e0 ressentir un inconfort et une instabilit\u00e9 dans au dos et \u00e7a a empir\u00e9. Apr\u00e8s le PGA Championship, une IRM a montr\u00e9 que je souffrais d\u2019une double hernie discale.\u00bb <\/p>\n<p>En 2023, il n\u2019avait disput\u00e9 que 8 tournois dont le <strong>Hero World Challenge<\/strong>.\u00a0Afin de stabiliser son corps et tenter d\u2019\u00e9viter d\u2019autres blessures, <strong>Will Zalatoris<\/strong> avait pouss\u00e9 de la fonte et pris pr\u00e8s de 9 kilos de muscles.<\/p>\n<p>Interrog\u00e9 sur ce changement d\u2019apparence, <a href=\"https:\/\/golf.com\/news\/will-zalatoris-bulk-up-2025\/\" rel=\"nofollow noopener\" target=\"_blank\">il expliquait au site officiel du <strong>DP World Tour<\/strong><\/a> en marge de son passage \u00e0 <strong>Sun City<\/strong> : <strong>\u00ab<\/strong>Je voulais \u00eatre \u00e0 la maison, pouvoir manger mes 4 500 calories par jour et mes 200 grammes de prot\u00e9ines, m\u2019entra\u00eener et m\u2019am\u00e9liorer.\u00bb\u00a0<\/p>\n<p>\t\t\t<script async src=\"https:\/\/platform.twitter.com\/widgets.js\" charset=\"utf-8\"><\/script><\/p>\n","protected":false},"excerpt":{"rendered":"Partager cet article Partager la publication \u00ab\u00a0Will Zalatoris de retour au jeu apr\u00e8s 7 mois d\u2019absence\u00a0\u00bb Absent depuis&hellip;\n","protected":false},"author":2,"featured_media":131387,"comment_status":"","ping_status":"","sticky":false,"template":"","format":"standard","meta":{"footnotes":""},"categories":[1418],"tags":[1011,27,1472,60],"class_list":{"0":"post-472073","1":"post","2":"type-post","3":"status-publish","4":"format-standard","5":"has-post-thumbnail","7":"category-golf","8":"tag-fr","9":"tag-france","10":"tag-golf","11":"tag-sports"},"share_on_mastodon":{"url":"https:\/\/pubeurope.com\/@fr\/115394323772585593","error":""},"_links":{"self":[{"href":"https:\/\/www.europesays.com\/fr\/wp-json\/wp\/v2\/posts\/472073","targetHints":{"allow":["GET"]}}],"collection":[{"href":"https:\/\/www.europesays.com\/fr\/wp-json\/wp\/v2\/posts"}],"about":[{"href":"https:\/\/www.europesays.com\/fr\/wp-json\/wp\/v2\/types\/post"}],"author":[{"embeddable":true,"href":"https:\/\/www.europesays.com\/fr\/wp-json\/wp\/v2\/users\/2"}],"replies":[{"embeddable":true,"href":"https:\/\/www.europesays.com\/fr\/wp-json\/wp\/v2\/comments?post=472073"}],"version-history":[{"count":0,"href":"https:\/\/www.europesays.com\/fr\/wp-json\/wp\/v2\/posts\/472073\/revisions"}],"wp:featuredmedia":[{"embeddable":true,"href":"https:\/\/www.europesays.com\/fr\/wp-json\/wp\/v2\/media\/131387"}],"wp:attachment":[{"href":"https:\/\/www.europesays.com\/fr\/wp-json\/wp\/v2\/media?parent=472073"}],"wp:term":[{"taxonomy":"category","embeddable":true,"href":"https:\/\/www.europesays.com\/fr\/wp-json\/wp\/v2\/categories?post=472073"},{"taxonomy":"post_tag","embeddable":true,"href":"https:\/\/www.europesays.com\/fr\/wp-json\/wp\/v2\/tags?post=472073"}],"curies":[{"name":"wp","href":"https:\/\/api.w.org\/{rel}","templated":true}]}}