{"id":472076,"date":"2025-10-18T08:55:13","date_gmt":"2025-10-18T08:55:13","guid":{"rendered":"https:\/\/www.europesays.com\/fr\/472076\/"},"modified":"2025-10-18T08:55:13","modified_gmt":"2025-10-18T08:55:13","slug":"le-francais-integre-le-tableau-principal","status":"publish","type":"post","link":"https:\/\/www.europesays.com\/fr\/472076\/","title":{"rendered":"le Fran\u00e7ais int\u00e8gre le tableau principal"},"content":{"rendered":"<p>                <img decoding=\"async\" src=\"https:\/\/www.europesays.com\/fr\/wp-content\/uploads\/2025\/10\/H1C6.jpg\" fetchpriority=\"high\" alt=\"Rinderknech finalement pr\u00e9sent \u00e0 B\u00e2le : le Fran\u00e7ais int\u00e8gre le tableau principal\"\/><\/p>\n<p>Arthur Rinderknech devrait disputer son premier tournoi depuis sa finale surprise au Masters 1000 de Shanghai dans les prochains jours.<\/p>\n<p>Rinderknech vient de terminer le tournoi le plus fou de sa carri\u00e8re jusqu\u2019\u00e0 pr\u00e9sent. Class\u00e9 au-del\u00e0 du top 50 avant d\u2019arriver \u00e0 Shanghai, le Fran\u00e7ais a d\u00e9jou\u00e9 les pronostics, dominant notamment Michelsen, Zverev, Lehecka, Auger-Aliassime et Medvedev, avant de s\u2019incliner en finale contre son cousin Valentin Vacherot.<\/p>\n<p>Apr\u00e8s son parcours dans la ville chinoise, celui qui est d\u00e9sormais 28e mondial voulait ajuster son calendrier pour \u00eatre pr\u00eat pour le Masters 1000 de Paris. Alors qu\u2019il devait initialement disputer les qualifications au tournoi ATP 500 de B\u00e2le, Rinderknech, 30 ans, avait finalement d\u00e9cid\u00e9 d\u2019annuler son inscription, ce qui lui a permis de faire partie des alternates.<\/p>\n<p>Ces derni\u00e8res heures, une place s\u2019est lib\u00e9r\u00e9e dans le tableau, ce qui permet au Fran\u00e7ais d\u2019entrer directement dans le tableau principal, \u00e0 quelques heures du tirage au sort. Pour l\u2019instant, Arthur Fils est le seul joueur initialement inscrit assur\u00e9 de ne pas participer au tournoi. Le 31e mondial, toujours bless\u00e9 au dos, s\u2019est retir\u00e9.<\/p>\n","protected":false},"excerpt":{"rendered":"Arthur Rinderknech devrait disputer son premier tournoi depuis sa finale surprise au Masters 1000 de Shanghai dans les&hellip;\n","protected":false},"author":2,"featured_media":472077,"comment_status":"","ping_status":"","sticky":false,"template":"","format":"standard","meta":{"footnotes":""},"categories":[1415],"tags":[1011,27,60,1467],"class_list":{"0":"post-472076","1":"post","2":"type-post","3":"status-publish","4":"format-standard","5":"has-post-thumbnail","7":"category-tennis","8":"tag-fr","9":"tag-france","10":"tag-sports","11":"tag-tennis"},"share_on_mastodon":{"url":"https:\/\/pubeurope.com\/@fr\/115394335857216472","error":""},"_links":{"self":[{"href":"https:\/\/www.europesays.com\/fr\/wp-json\/wp\/v2\/posts\/472076","targetHints":{"allow":["GET"]}}],"collection":[{"href":"https:\/\/www.europesays.com\/fr\/wp-json\/wp\/v2\/posts"}],"about":[{"href":"https:\/\/www.europesays.com\/fr\/wp-json\/wp\/v2\/types\/post"}],"author":[{"embeddable":true,"href":"https:\/\/www.europesays.com\/fr\/wp-json\/wp\/v2\/users\/2"}],"replies":[{"embeddable":true,"href":"https:\/\/www.europesays.com\/fr\/wp-json\/wp\/v2\/comments?post=472076"}],"version-history":[{"count":0,"href":"https:\/\/www.europesays.com\/fr\/wp-json\/wp\/v2\/posts\/472076\/revisions"}],"wp:featuredmedia":[{"embeddable":true,"href":"https:\/\/www.europesays.com\/fr\/wp-json\/wp\/v2\/media\/472077"}],"wp:attachment":[{"href":"https:\/\/www.europesays.com\/fr\/wp-json\/wp\/v2\/media?parent=472076"}],"wp:term":[{"taxonomy":"category","embeddable":true,"href":"https:\/\/www.europesays.com\/fr\/wp-json\/wp\/v2\/categories?post=472076"},{"taxonomy":"post_tag","embeddable":true,"href":"https:\/\/www.europesays.com\/fr\/wp-json\/wp\/v2\/tags?post=472076"}],"curies":[{"name":"wp","href":"https:\/\/api.w.org\/{rel}","templated":true}]}}