{"id":472078,"date":"2025-10-18T08:57:13","date_gmt":"2025-10-18T08:57:13","guid":{"rendered":"https:\/\/www.europesays.com\/fr\/472078\/"},"modified":"2025-10-18T08:57:13","modified_gmt":"2025-10-18T08:57:13","slug":"bagnaia-desempare-sur-une-ducati-theoriquement-identique-a-celle-de-motegi","status":"publish","type":"post","link":"https:\/\/www.europesays.com\/fr\/472078\/","title":{"rendered":"Bagnaia d\u00e9sempar\u00e9 sur une Ducati \u00ab\u00a0th\u00e9oriquement identique\u00a0\u00bb \u00e0 celle de Motegi"},"content":{"rendered":"<p><a href=\"https:\/\/fr.motorsport.com\/driver\/pecco-bagnaia\/109394\/\" target=\"_blank\" rel=\"noopener\">Pecco Bagnaia<\/a> a eu des difficult\u00e9s tout au long de l&rsquo;ann\u00e9e avec la Ducati GP25, sur laquelle il a eu un mal fou \u00e0 \u00eatre en confiance avec l&rsquo;avant. Il a cru plusieurs fois avoir trouver une solution mais apr\u00e8s plusieurs d\u00e9convenues, il restait prudent dans la foul\u00e9e d&rsquo;un test de Misano encourageant. La course qui a suivi, \u00e0 Motegi, semblait pourtant confirmer son retour au sommet, entre la pole et des victoires en sprint comme en course principale. Mais depuis Mandalika, Bagnaia appara\u00eet encore plus perdu que par le pass\u00e9.<\/p>\n<p>Tr\u00e8s en retrait en Indon\u00e9sie, l&rsquo;Italien \u00e9tait en meilleure forme vendredi \u00e0 Phillip Island, malgr\u00e9 une moto qui lui convenait, qui lui a permis d&rsquo;assurer sa place en Q2, et une deuxi\u00e8me\u00a0<a href=\"https:\/\/fr.motorsport.com\/motogp\/news\/bagnaia-ducati-differentes-une-fonctionne\/10768194\/\" target=\"_blank\" rel=\"noopener\">au comportement anormal<\/a>. Ce samedi, aucune de ses machines ne lui convenait et il n&rsquo;a pris que la 11e place en qualifications, et sera 14e sur la grille de d\u00e9part <a href=\"https:\/\/fr.motorsport.com\/motogp\/news\/bagnaia-binder-penalises-grille-gp-australie\/10768623\/\" target=\"_blank\" rel=\"noopener\">en raison d&rsquo;une p\u00e9nalit\u00e9<\/a> pour avoir g\u00ean\u00e9 <a href=\"https:\/\/fr.motorsport.com\/driver\/marco-bezzecchi\/441839\/\" target=\"_blank\" rel=\"noopener\">Marco Bezzecchi<\/a>.<\/p>\n<p>Lors du sprint, Bagnaia a \u00e9t\u00e9 confront\u00e9 \u00e0 d&rsquo;inexplicables secousses et n&rsquo;a vu l&rsquo;arriv\u00e9e qu&rsquo;en 19e position,\u00a032&Prime;408 derri\u00e8re le vainqueur, Bezzecchi, et 3&Prime;453 derri\u00e8re le premier pilote qui l&rsquo;a devanc\u00e9, <a href=\"https:\/\/fr.motorsport.com\/driver\/somkiat-chantra\/823104\/\" target=\"_blank\" rel=\"noopener\">Somkiat Chantra<\/a>. Le seul \u00e0 voir l&rsquo;arriv\u00e9e derri\u00e8re lui a \u00e9t\u00e9 son co\u00e9quipier <a href=\"https:\/\/fr.motorsport.com\/driver\/michele-pirro\/86845\/\" target=\"_blank\" rel=\"noopener\">Michele Pirro<\/a>, rempla\u00e7ant de <a href=\"https:\/\/fr.motorsport.com\/driver\/marc-marquez\/92646\/\" target=\"_blank\" rel=\"noopener\">Marc M\u00e1rquez<\/a> ce week-end. Pour Bagnaia, la performance est d&rsquo;autant plus incompr\u00e9hensible que sa machine n&rsquo;a subi aucun changement technique depuis le GP du Japon o\u00f9 il se montrait dominateur. Une explication que le pilote Ducati ponctue d&rsquo;un \u00ab\u00a0th\u00e9oriquement\u00a0\u00bb, tant l&rsquo;\u00e9cart de comportement est important.<\/p>\n<p><strong>Encore une journ\u00e9e difficile&#8230;<\/strong><\/p>\n<p>Tr\u00e8s difficile oui, comme vous le dites. Mais on est dessus, on \u00e9tudie les donn\u00e9es. On ne comprend pas les choses, on essaie de les comprendre. C&rsquo;est difficile parce que ce qui se passe dans les donn\u00e9es est extr\u00eamement clair : la moto secoue beaucoup, mais on ne sait pas pourquoi.<\/p>\n<p><strong>C&rsquo;est le premier sprint sans pilote Ducati parmi les trois premiers. On ne comprend pas.<\/strong><\/p>\n<p>Moi non plus. C&rsquo;est pour \u00e7a qu&rsquo;on travaille beaucoup. Je ne sais pas combien de fois l&rsquo;\u00e9quipe a essay\u00e9 de rem\u00e9dier \u00e0 la situation cette ann\u00e9e. On comprend que ce n&rsquo;est pas li\u00e9 au [syst\u00e8me de] d\u00e9part ou \u00e0 l&rsquo;\u00e9lectronique, il s&rsquo;agit d&rsquo;autre chose et on essaie de comprendre ce que c&rsquo;est.<\/p>\n<p>   <img decoding=\"async\" draggable=\"false\" src=\"https:\/\/www.europesays.com\/fr\/wp-content\/uploads\/2025\/10\/1760777832_385_francesco-bagnaia-ducati-team.jpg\" alt=\"Francesco Bagnaia, Ducati Team\" width=\"1200\" height=\"800\" loading=\"lazy\"\/> <\/p>\n<p class=\"title\">Pecco Bagnaia<\/p>\n<p class=\"photographer\">Photo de: Gold and Goose Photography \/ LAT Images \/ via Getty Images<\/p>\n<p><strong>Hier, une moto se comportait bien et pas l&rsquo;autre&#8230;<\/strong><\/p>\n<p>Oui.<\/p>\n<p><strong>Et aujourd&rsquo;hui ?<\/strong><\/p>\n<p>[Elle ne se comportait] pas normalement. Normalement, pour moi c&rsquo;est le Japon. [L\u00e0], ce n&rsquo;\u00e9tait pas normal. C&rsquo;est bizarre parce qu&rsquo;hier je me sentais un peu mieux, ce matin je me sentais un peu mieux en qualifications j&rsquo;ai commenc\u00e9 \u00e0 sentir quelque chose d&rsquo;\u00e9trange, et de nouveau en course sprint. Je n&rsquo;ai pas pu piloter la moto, j&rsquo;\u00e9tais de nouveau un passager. J&rsquo;essayais juste de contr\u00f4ler les secousses. J&rsquo;ai d\u00fb plusieurs fois couper les gaz en sortie de courbe et c&rsquo;est \u00e9trange.<\/p>\n<blockquote>\n<p>Si Marc \u00e9tait l\u00e0, il serait sur le podium.<\/p>\n<\/blockquote>\n<p><strong>Peut-on toujours dire que la Ducati est la meilleure moto de la grille ?<\/strong><\/p>\n<p>Je pense que si Marc \u00e9tait l\u00e0, il serait sur le podium, donc peut-\u00eatre que oui. Actuellement, on essaie de comprendre ce qui ne fonctionne pas bien. Oui, notre moto est bonne quand elle fonctionne bien mais actuellement, quelle qu&rsquo;en soit la raison, aucune de mes deux motos ne fonctionne normalement. Comme je l&rsquo;ai dit, on essaie de comprendre pourquoi parce qu&rsquo;on ne peut pas expliquer tous ces mouvements, toutes ces secousses.<\/p>\n<p><strong>Quand devras-tu penser \u00e0 ton avenir ? Tu ne peux pas vivre une nouvelle saison comme \u00e7a&#8230;<\/strong><\/p>\n<p>Sinc\u00e8rement, finir cette saison comme \u00e7a est d\u00e9j\u00e0 difficile. Mais comme je l&rsquo;ai dit, heureusement que j&rsquo;ai eu Motegi. Motegi a montr\u00e9 [mon potentiel]. Pas seulement montr\u00e9, \u00e7a a aussi aid\u00e9 l&rsquo;\u00e9quipe. Nous savons que dans une situation normale, on peut se battre. On doit juste comprendre pourquoi on n&rsquo;a eu cette situation qu&rsquo;\u00e0 Motegi. Th\u00e9oriquement, tout est identique. Il manque quelque chose d&rsquo;autre et on ne comprend pas ce que c&rsquo;est.<\/p>\n<p>   <img decoding=\"async\" draggable=\"false\" src=\"https:\/\/www.europesays.com\/fr\/wp-content\/uploads\/2025\/10\/1760777833_85_francesco-bagnaia-ducati-team.jpg\" alt=\"Francesco Bagnaia, Ducati Team\" width=\"1200\" height=\"800\" loading=\"lazy\"\/> <\/p>\n<p class=\"title\">Pecco Bagnaia<\/p>\n<p class=\"photographer\">Photo de: Paul Crock \/ AFP via Getty Images<\/p>\n<p><strong>Sans entrer dans le d\u00e9tail, la moto que tu as ce week-end est la m\u00eame qu&rsquo;\u00e0 Motegi ?<\/strong><\/p>\n<p>Th\u00e9oriquement oui, c&rsquo;est la m\u00eame. Mais c&rsquo;\u00e9tait aussi la m\u00eame en Indon\u00e9sie. Elle n&rsquo;a march\u00e9 d&rsquo;une fa\u00e7on normale qu&rsquo;\u00e0 Motegi. En Indon\u00e9sie, elle a commenc\u00e9 \u00e0 avoir des probl\u00e8mes que nous avons encore du mal \u00e0 comprendre.<\/p>\n<p>Lire aussi :<\/p>\n<p><strong>As-tu demand\u00e9 \u00e0 l&rsquo;\u00e9quipe de monter une nouvelle moto ? Avec un nouveau cadre ou autre chose ?<\/strong><\/p>\n<p>Peut-\u00eatre quatre fois cette saison. Mais quand on suit le r\u00e8glement, on monte toujours les choses de la m\u00eame fa\u00e7on, comme ils le faisaient avant. Mais quelle qu&rsquo;en soit la raison, \u00e7a ne fonctionne plus comme \u00e7a. Le probl\u00e8me est que nous avons&#8230; le probl\u00e8me. L&rsquo;\u00e9quipe essaie de comprendre ce qu&rsquo;il se passe.<\/p>\n<p><strong>Mais en d\u00e9but de saison, tu \u00e9tais au moins au contact de Marc et \u00c1lex&#8230;<\/strong><\/p>\n<p>Oui, c&rsquo;est pire. Maintenant, c&rsquo;est pire et c&rsquo;est \u00e9galement difficile \u00e0 comprendre parce que sinc\u00e8rement, \u00e7a allait mieux. Je n&rsquo;\u00e9tais pas content parce que je ne pouvais pas me battre, juste suivre les autres. La moto fonctionnait diff\u00e9remment de l&rsquo;an dernier, mais d&rsquo;une fa\u00e7on similaire. Depuis plus ou moins l&rsquo;Autriche, \u00e7a a commenc\u00e9 \u00e0 \u00eatre bien pire. On essaie de comprendre pourquoi.<\/p>\n<p><strong>Penses-tu qu&rsquo;il est possible de renverser la situation pour demain ?<\/strong><\/p>\n<p>Cela d\u00e9pendra juste de mes sensations sur la moto. Si c&rsquo;est la m\u00eame chose, ce sera tr\u00e8s difficile. Sinon, je pourrai me battre pour un top 5. Il faut qu&rsquo;on essaie d&rsquo;y rem\u00e9dier.<\/p>\n<p>Lire aussi :<\/p>\n<p>            Votre avis nous int\u00e9resse !<\/p>\n<p class=\"mt-auto\">Qu&rsquo;aimeriez-vous voir sur Motorsport.com ?<\/p>\n<p>            <a href=\"#\" class=\"ms-link text-link font-bold\">R\u00e9pondez \u00e0 notre enqu\u00eate de 5 minutes.<\/a><\/p>\n<p class=\"mt-1 font-info text-body\">&#8211; L&rsquo;\u00e9quipe Motorsport.com<\/p>\n","protected":false},"excerpt":{"rendered":"Pecco Bagnaia a eu des difficult\u00e9s tout au long de l&rsquo;ann\u00e9e avec la Ducati GP25, sur laquelle il&hellip;\n","protected":false},"author":2,"featured_media":472079,"comment_status":"","ping_status":"","sticky":false,"template":"","format":"standard","meta":{"footnotes":""},"categories":[1413],"tags":[59555,4950,1011,27,56962,5038,1457,1456,1458,56963,60],"class_list":{"0":"post-472078","1":"post","2":"type-post","3":"status-publish","4":"format-standard","5":"has-post-thumbnail","7":"category-moto","8":"tag-bagnaia-du00e9semparu00e9-sur-une-ducati-thu00e9oriquement-identique-u00e0-celle-de-motegi","9":"tag-ducati-team","10":"tag-fr","11":"tag-france","12":"tag-gp-daustralie","13":"tag-marc-mu00e1rquez","14":"tag-moto","15":"tag-motocycle","16":"tag-motogp","17":"tag-phillip-island-grand-prix-circuit","18":"tag-sports"},"share_on_mastodon":{"url":"https:\/\/pubeurope.com\/@fr\/115394343825459309","error":""},"_links":{"self":[{"href":"https:\/\/www.europesays.com\/fr\/wp-json\/wp\/v2\/posts\/472078","targetHints":{"allow":["GET"]}}],"collection":[{"href":"https:\/\/www.europesays.com\/fr\/wp-json\/wp\/v2\/posts"}],"about":[{"href":"https:\/\/www.europesays.com\/fr\/wp-json\/wp\/v2\/types\/post"}],"author":[{"embeddable":true,"href":"https:\/\/www.europesays.com\/fr\/wp-json\/wp\/v2\/users\/2"}],"replies":[{"embeddable":true,"href":"https:\/\/www.europesays.com\/fr\/wp-json\/wp\/v2\/comments?post=472078"}],"version-history":[{"count":0,"href":"https:\/\/www.europesays.com\/fr\/wp-json\/wp\/v2\/posts\/472078\/revisions"}],"wp:featuredmedia":[{"embeddable":true,"href":"https:\/\/www.europesays.com\/fr\/wp-json\/wp\/v2\/media\/472079"}],"wp:attachment":[{"href":"https:\/\/www.europesays.com\/fr\/wp-json\/wp\/v2\/media?parent=472078"}],"wp:term":[{"taxonomy":"category","embeddable":true,"href":"https:\/\/www.europesays.com\/fr\/wp-json\/wp\/v2\/categories?post=472078"},{"taxonomy":"post_tag","embeddable":true,"href":"https:\/\/www.europesays.com\/fr\/wp-json\/wp\/v2\/tags?post=472078"}],"curies":[{"name":"wp","href":"https:\/\/api.w.org\/{rel}","templated":true}]}}