{"id":472080,"date":"2025-10-18T08:58:12","date_gmt":"2025-10-18T08:58:12","guid":{"rendered":"https:\/\/www.europesays.com\/fr\/472080\/"},"modified":"2025-10-18T08:58:12","modified_gmt":"2025-10-18T08:58:12","slug":"tres-grosse-catastrophe-pour-la-scuderia-hamilton-balance","status":"publish","type":"post","link":"https:\/\/www.europesays.com\/fr\/472080\/","title":{"rendered":"tr\u00e8s grosse catastrophe pour la Scuderia, Hamilton balance"},"content":{"rendered":"<p>Les qualifications sprint en vue du Grand Prix des \u00c9tats-Unis, qui se d\u00e9roulera sur le Circuit des Am\u00e9riques, ont eu lieu ces derni\u00e8res heures et Max Verstappen a \u00e9t\u00e9 immense. Le N\u00e9erlandais a devanc\u00e9 le duo de McLaren Lando Norris et Oscar Piastri et il continue de montrer qu&rsquo;il va tout donner pour conqu\u00e9rir un cinqui\u00e8me titre de champion du monde \u00e0 la suite. En revanche, du c\u00f4t\u00e9 de Ferrari, la catastrophe a \u00e9t\u00e9 grande. Lewis Hamilton a termin\u00e9 8e, alors que Charles Leclerc a termin\u00e9 10e. Et apr\u00e8s ces qualifications sprint, le septuple champion du monde a pris la parole, dans des propos repris par Motorsport.com, et il a balanc\u00e9 sur les gros soucis de Ferrari, qui va avoir bien du mal lors de la course sprint ce soir.<\/p>\n<p>Hamilton balance<\/p>\n<p>\u00ab\u00a0Tout semblait bien se passer en essais libres et la SQ1 semblait \u00e9galement tr\u00e8s correcte, puis tout a commenc\u00e9 \u00e0 nous \u00e9chapper. La voiture est tr\u00e8s, tr\u00e8s difficile \u00e0 conduire, donc oui, tout nous a \u00e9chapp\u00e9. 8 dixi\u00e8mes, c&rsquo;est tout simplement une montagne \u00e0 gravir\u00a0\u00bb, a confi\u00e9 le Britannique, qui s&rsquo;attend donc \u00e0 une course tr\u00e8s difficile en sprint ce samedi, alors que le Grand Prix sur le COTA pourrait \u00eatre encore plus dur pour la Scuderia, qui vit des derni\u00e8res semaines terribles&#8230;<\/p>\n<p>    Partagez cette info avec vos amis et vos proches en cliquant ici  <\/p>\n<p> Podcasts \u00e0 la une MEN LIFE <\/p>\n<p>    Pour r\u00e9sumer<\/p>\n<p>Les qualifications sprint en vue du Grand Prix des \u00c9tats-Unis, qui se d\u00e9roulera sur le Circuit des Am\u00e9riques, ont eu lieu ces derni\u00e8res heures et Max Verstappen a \u00e9t\u00e9 immense. Le N\u00e9erlandais a devanc\u00e9 le duo de McLaren Lando Norris et Oscar Piastri et il continue de montrer qu&rsquo;il va tout donner pour conqu\u00e9rir un cinqui\u00e8me titre de champion du monde \u00e0 la suite.<\/p>\n<p>R\u00e9dacteur<\/p>\n<p><img decoding=\"async\" width=\"76\" height=\"76\" loading=\"lazy\" src=\"https:\/\/www.europesays.com\/fr\/wp-content\/uploads\/2025\/04\/logo-victor-willems.jpg\" alt=\"Victor Willems\"\/><\/p>\n","protected":false},"excerpt":{"rendered":"Les qualifications sprint en vue du Grand Prix des \u00c9tats-Unis, qui se d\u00e9roulera sur le Circuit des Am\u00e9riques,&hellip;\n","protected":false},"author":2,"featured_media":472081,"comment_status":"","ping_status":"","sticky":false,"template":"","format":"standard","meta":{"footnotes":""},"categories":[1412],"tags":[47,1451,59556,2251,1452,1453,1454,1455,1011,27,60],"class_list":{"0":"post-472080","1":"post","2":"type-post","3":"status-publish","4":"format-standard","5":"has-post-thumbnail","7":"category-f1","8":"tag-actualite","9":"tag-f1","10":"tag-f1-grand-prix-des-etats-unis","11":"tag-ferrari","12":"tag-formula-1","13":"tag-formula1","14":"tag-formule-1","15":"tag-formule1","16":"tag-fr","17":"tag-france","18":"tag-sports"},"share_on_mastodon":{"url":"https:\/\/pubeurope.com\/@fr\/115394347552621921","error":""},"_links":{"self":[{"href":"https:\/\/www.europesays.com\/fr\/wp-json\/wp\/v2\/posts\/472080","targetHints":{"allow":["GET"]}}],"collection":[{"href":"https:\/\/www.europesays.com\/fr\/wp-json\/wp\/v2\/posts"}],"about":[{"href":"https:\/\/www.europesays.com\/fr\/wp-json\/wp\/v2\/types\/post"}],"author":[{"embeddable":true,"href":"https:\/\/www.europesays.com\/fr\/wp-json\/wp\/v2\/users\/2"}],"replies":[{"embeddable":true,"href":"https:\/\/www.europesays.com\/fr\/wp-json\/wp\/v2\/comments?post=472080"}],"version-history":[{"count":0,"href":"https:\/\/www.europesays.com\/fr\/wp-json\/wp\/v2\/posts\/472080\/revisions"}],"wp:featuredmedia":[{"embeddable":true,"href":"https:\/\/www.europesays.com\/fr\/wp-json\/wp\/v2\/media\/472081"}],"wp:attachment":[{"href":"https:\/\/www.europesays.com\/fr\/wp-json\/wp\/v2\/media?parent=472080"}],"wp:term":[{"taxonomy":"category","embeddable":true,"href":"https:\/\/www.europesays.com\/fr\/wp-json\/wp\/v2\/categories?post=472080"},{"taxonomy":"post_tag","embeddable":true,"href":"https:\/\/www.europesays.com\/fr\/wp-json\/wp\/v2\/tags?post=472080"}],"curies":[{"name":"wp","href":"https:\/\/api.w.org\/{rel}","templated":true}]}}