{"id":472084,"date":"2025-10-18T09:00:17","date_gmt":"2025-10-18T09:00:17","guid":{"rendered":"https:\/\/www.europesays.com\/fr\/472084\/"},"modified":"2025-10-18T09:00:17","modified_gmt":"2025-10-18T09:00:17","slug":"un-match-de-la-sixieme-journee-reporte-off","status":"publish","type":"post","link":"https:\/\/www.europesays.com\/fr\/472084\/","title":{"rendered":"un match de la sixi\u00e8me journ\u00e9e report\u00e9 (off)"},"content":{"rendered":"<p>Zapping Foot National \u00c0 la 93, le film <\/p>\n<p>Un match en moins ce week-end, et un casse-t\u00eate de plus pour la reprogrammation. Ce samedi 18 octobre, Bourgoin-Jallieu devait initialement se d\u00e9placer sur la pelouse de Seyssinet-Pariset dans le cadre de la sixi\u00e8me journ\u00e9e de National 3 de la saison. Une rencontre qui ne se disputera finalement pas ce week-end. Suite \u00e0 un arr\u00eat\u00e9 municipal pris par la ville de Seyssinet-Pariset, le match est report\u00e9. La F\u00e9d\u00e9ration Fran\u00e7aise de Football (FFF) d\u00e9voilera bient\u00f4t sa nouvelle programmation. L\u2019ACS est lanterne rouge du Groupe H, tandis que le FCBJ est troisi\u00e8me.\u00a0<\/p>\n<p>Le programme complet de la 6e journ\u00e9e du Groupe H<\/p>\n<p>Samedi 18 octobre, 14h :<\/p>\n<p>Samedi 18 octobre, 14h30 :<\/p>\n<ul>\n<li>Riviera FC &#8211; Lyon-La Duch\u00e8re<\/li>\n<\/ul>\n<p>Samedi 18 octobre, 18h :<\/p>\n<ul>\n<li>Carnoux &#8211; Fos-sur-Mer<\/li>\n<li>Beaucaire &#8211; OL B<\/li>\n<li>Cannet-Rocheville &#8211; Montpellier B<\/li>\n<li>ASPTT Dijon &#8211; OM B<\/li>\n<\/ul>\n<p><a href=\"https:\/\/www.foot-national.com\/data\/classement-national3-groupe-h.html\" data-cke-saved-href=\"https:\/\/www.foot-national.com\/data\/classement-national3-groupe-h.html\" data-cke-saved- target=\"_blank\" rel=\"noopener\">N3 H : le classement<\/a><\/p>\n<p>Partagez cette info avec vos amis et vos proches en cliquant ici<br \/>Pour r\u00e9sumer<\/p>\n<p>Un match en moins ce week-end, et un casse-t\u00eate de plus pour la reprogrammation. Ce samedi 18 octobre, Bourgoin-Jallieu devait initialement se d\u00e9placer sur la pelouse de Seyssinet-Pariset dans le cadre de la sixi\u00e8me journ\u00e9e de National 3 de la saison.<\/p>\n<p> <img decoding=\"async\" width=\"76\" height=\"76\" loading=\"lazy\" src=\"https:\/\/static.wui.fr\/images_v3\/avatar-footnational.png\" alt=\"Youcef Ghalaza-Boudra\"\/><\/p>\n","protected":false},"excerpt":{"rendered":"Zapping Foot National \u00c0 la 93, le film Un match en moins ce week-end, et un casse-t\u00eate de&hellip;\n","protected":false},"author":2,"featured_media":472085,"comment_status":"","ping_status":"","sticky":false,"template":"","format":"standard","meta":{"footnotes":""},"categories":[1410],"tags":[63,1011,27,59557,60],"class_list":{"0":"post-472084","1":"post","2":"type-post","3":"status-publish","4":"format-standard","5":"has-post-thumbnail","7":"category-football","8":"tag-football","9":"tag-fr","10":"tag-france","11":"tag-national-3-actus","12":"tag-sports"},"share_on_mastodon":{"url":"https:\/\/pubeurope.com\/@fr\/115394355747255985","error":""},"_links":{"self":[{"href":"https:\/\/www.europesays.com\/fr\/wp-json\/wp\/v2\/posts\/472084","targetHints":{"allow":["GET"]}}],"collection":[{"href":"https:\/\/www.europesays.com\/fr\/wp-json\/wp\/v2\/posts"}],"about":[{"href":"https:\/\/www.europesays.com\/fr\/wp-json\/wp\/v2\/types\/post"}],"author":[{"embeddable":true,"href":"https:\/\/www.europesays.com\/fr\/wp-json\/wp\/v2\/users\/2"}],"replies":[{"embeddable":true,"href":"https:\/\/www.europesays.com\/fr\/wp-json\/wp\/v2\/comments?post=472084"}],"version-history":[{"count":0,"href":"https:\/\/www.europesays.com\/fr\/wp-json\/wp\/v2\/posts\/472084\/revisions"}],"wp:featuredmedia":[{"embeddable":true,"href":"https:\/\/www.europesays.com\/fr\/wp-json\/wp\/v2\/media\/472085"}],"wp:attachment":[{"href":"https:\/\/www.europesays.com\/fr\/wp-json\/wp\/v2\/media?parent=472084"}],"wp:term":[{"taxonomy":"category","embeddable":true,"href":"https:\/\/www.europesays.com\/fr\/wp-json\/wp\/v2\/categories?post=472084"},{"taxonomy":"post_tag","embeddable":true,"href":"https:\/\/www.europesays.com\/fr\/wp-json\/wp\/v2\/tags?post=472084"}],"curies":[{"name":"wp","href":"https:\/\/api.w.org\/{rel}","templated":true}]}}