{"id":472086,"date":"2025-10-18T09:01:18","date_gmt":"2025-10-18T09:01:18","guid":{"rendered":"https:\/\/www.europesays.com\/fr\/472086\/"},"modified":"2025-10-18T09:01:18","modified_gmt":"2025-10-18T09:01:18","slug":"ce-nest-pas-ma-femme-cest-ma-maitresse-grosse-gaffe-en-pleine-emission-il-tombe-des-nues","status":"publish","type":"post","link":"https:\/\/www.europesays.com\/fr\/472086\/","title":{"rendered":"\u00ab\u00a0Ce n&rsquo;est pas ma femme, c&rsquo;est ma ma\u00eetresse\u00a0\u00bb, grosse gaffe en pleine \u00e9mission, il tombe des nues"},"content":{"rendered":"<p>Par <a class=\"author_recette\" id=\"author_name\" href=\"https:\/\/www.nextplz.fr\/auteur\/francis-uliel\" rel=\"nofollow noopener\" target=\"_blank\">Francis<br \/>\nUliel<\/a> &#8211;<br \/>\nPubli\u00e9 le 18 Oct 2025 \u00e0<br \/>\n08:30<\/p>\n<p class=\"article-intro excerpt\">Invit\u00e9 de l\u2019\u00e9mission On refait la<br \/>\nt\u00e9l\u00e9 sur RTL, Cyril F\u00e9raud, discret quand il s\u2019agit de sa vie<br \/>\npriv\u00e9e, revient sur un moment particulier v\u00e9cu avec un candidat de<br \/>\nSLAM.<\/p>\n<p>Cyril F\u00e9raud, d\u00e9sormais consid\u00e9r\u00e9 comme une figure embl\u00e9matique<br \/>\ndu PAF, est aux commandes de plusieurs \u00e9missions sur les<br \/>\ndiff\u00e9rentes cha\u00eenes de France T\u00e9l\u00e9visions. Que ce soit dans Duels<br \/>\nen familles, La Carte aux tr\u00e9sors ou encore 100\u2009% logique,<br \/>\nl\u00a0\u00bbanimateur, a r\u00e9ussi \u00e0 satisfaire le public et ses diff\u00e9rents<br \/>\ninvit\u00e9s. Le long de sa carri\u00e8re, le papa de Tim, comme nombre de<br \/>\nses comp\u00e8res, a \u00e9t\u00e9 confront\u00e9 \u00e0 des situations \u00e9tranges en pleine<br \/>\n\u00e9mission&#8230; dont une en particulier, sur le plateau de SLAM avec un<br \/>\ncandidat.<\/p>\n<p>Cyril F\u00e9raud raconte une anecdote folle avec un candidat SLAM<\/p>\n<p>Apr\u00e8s plus de quinze ans d&rsquo;animation, Cyril F\u00e9raud a d\u00e9cid\u00e9<br \/>\nd&rsquo;arr\u00eater Slam pour se consacrer \u00e0 d&rsquo;autres projets. <a href=\"https:\/\/www.nextplz.fr\/people\/511399-quand-dira-t-il-quil-est-homo-lorientation-sexuelle-de-cyril-feraud-devoilee-au-grand-jour\" rel=\"nofollow noopener\" target=\"_blank\"><br \/>\nL&rsquo;animateur, dont la sexualit\u00e9 interroge<\/a>, a alors c\u00e9d\u00e9 sa place<br \/>\n\u00e0 Th\u00e9o Curin. Durant ses ann\u00e9es \u00e0 la t\u00eate du jeu \u00e0 succ\u00e8s, ce<br \/>\ndernier a rencontr\u00e9 des candidats plus\u2026 \u00e9tranges que d\u2019autres. Il y<br \/>\na quelques mois, alors qu&rsquo;il \u00e9tait invit\u00e9 dans On refait la t\u00e9l\u00e9,<br \/>\nRTL, l&rsquo;animateur a racont\u00e9 une anecdote assez loufoque. \u00ab\u00a0En<br \/>\nd\u00e9but d\u2019\u00e9mission, avant qu\u2019on tourne, tout le monde a son micro, le<br \/>\npublic, les techniciens entendent tout ce qu\u2019il se passe\u2026 Et l\u00e0, un<br \/>\ncandidat me dit : &lsquo;Cyril, je voulais vous pr\u00e9venir, la jeune fille<br \/>\nqui m\u2019accompagne au premier rang n\u2019est pas ma femme, c\u2019est ma<br \/>\nma\u00eetresse\u00a0\u00bb, a-t-il commenc\u00e9 par relat\u00e9.<\/p>\n<p>Le candidat ne<br \/>\nl\u00e2che pas l&rsquo;affaire et r\u00e9cidive<\/p>\n<p>Apr\u00e8s cette d\u00e9claration inattendue, place \u00e0 un moment de g\u00eane<br \/>\nsur le plateau de l&rsquo;\u00e9mission. Dans la foul\u00e9e, le public se tourne<br \/>\nvers cette la jeune femme, embarrass\u00e9e, qui fait un petit coucou \u00e0<br \/>\nl&rsquo;animateur. Bien que surpris et choqu\u00e9 par cette demande os\u00e9e,<br \/>\nCyril F\u00e9raud l&rsquo;a tout de m\u00eame accept\u00e9 sans broncher. \u00ab\u00a0J&rsquo;ai dit<br \/>\nd&rsquo;accord, j&rsquo;en parlerai pas sauf que pendant toute l&rsquo;\u00e9mission, on<br \/>\nvoyait cette jeune fille applaudir au premier rang sans \u00e9videmment<br \/>\nque je lui parle\u00a0\u00bb, a-t-il rench\u00e9ri, amus\u00e9.<\/p>\n<p>Quelques ann\u00e9es plus tard, Ciryl F\u00e9raud retrouve ce m\u00eame<br \/>\ncandidat, toujours sur le plateau de l&rsquo;\u00e9mission. Il lui demande<br \/>\nalors, en rigolant : \u00ab\u00a0&lsquo;bah alors, vous en \u00eates o\u00f9 ? vous \u00eates venu<br \/>\navec qui cette fois-ci ?'\u00a0\u00bb. Ce \u00e0 quoi, le candidat r\u00e9plique :<br \/>\n\u00ab\u00a0&lsquo;Alors, il faut toujours pas parler \u00e0 la jeune fille qui est<br \/>\nau premier rang puisque entre temps, j&rsquo;ai divorc\u00e9, j&rsquo;ai \u00e9pous\u00e9 ma<br \/>\nma\u00eetresse, mais je suis l\u00e0 avec mon autre ma\u00eetresse\u00a0\u00bb.<\/p>\n<p>Cyril F\u00e9raud,<br \/>\nun papa combl\u00e9 depuis plusieurs mois<\/p>\n<p>S&rsquo;il reste discret sur sa vie priv\u00e9e, Cyril F\u00e9raud a annonc\u00e9<br \/>\n\u00eatre devenu papa d&rsquo;un petit gar\u00e7on pr\u00e9nomm\u00e9 Tim. L&rsquo;animateur a<br \/>\nainsi r\u00e9alis\u00e9 l&rsquo;un de ses plus grands r\u00eaves. Toujours sur le<br \/>\nplateau de On refait la t\u00e9l\u00e9 sur RTL, il se confiait sur sa<br \/>\nnouvelle vie. \u00ab\u00a0\u00c7a bouleverse tout. Le coup de foudre, c&rsquo;est d\u00e8s<br \/>\nle premier cri lors de l&rsquo;accouchement que vous entendez. L\u00e0, vous<br \/>\navez une esp\u00e8ce de chape de bonheur qui vous tombe dessus. J&rsquo;ai<br \/>\nl&rsquo;impression que mon c\u0153ur a explos\u00e9 au moment o\u00f9 il est arriv\u00e9 et<br \/>\nje l&rsquo;ai pris dans mes bras\u00a0\u00bb, a-t-il fait savoir. D\u00e9sormais, le<br \/>\njeune papa qui doit alterner entre vie professionnelle et vie de<br \/>\nfamille. Ainsi, <a href=\"https:\/\/www.nextplz.fr\/people\/511336-cyril-feraud-cest-fini-je-ne-sais-pas-sil-reviendra-mais\" rel=\"nofollow noopener\" target=\"_blank\"><br \/>\nil a d\u00fb r\u00e9ajuster son emploi de temps de tournage<\/a>. \u00ab\u00a0J&rsquo;avais<br \/>\nd\u00e9j\u00e0 commenc\u00e9 \u00e0 r\u00e9organiser mon planning alors que personne n&rsquo;\u00e9tait<br \/>\nau courant de l&rsquo;arriv\u00e9e de Tim\u00a0\u00bb, a-t-il indiqu\u00e9.<\/p>\n","protected":false},"excerpt":{"rendered":"Par Francis Uliel &#8211; Publi\u00e9 le 18 Oct 2025 \u00e0 08:30 Invit\u00e9 de l\u2019\u00e9mission On refait la t\u00e9l\u00e9&hellip;\n","protected":false},"author":2,"featured_media":472087,"comment_status":"","ping_status":"","sticky":false,"template":"","format":"standard","meta":{"footnotes":""},"categories":[1359],"tags":[58,59,1011,27,973],"class_list":{"0":"post-472086","1":"post","2":"type-post","3":"status-publish","4":"format-standard","5":"has-post-thumbnail","7":"category-people","8":"tag-divertissement","9":"tag-entertainment","10":"tag-fr","11":"tag-france","12":"tag-people"},"share_on_mastodon":{"url":"https:\/\/pubeurope.com\/@fr\/115394359284898949","error":""},"_links":{"self":[{"href":"https:\/\/www.europesays.com\/fr\/wp-json\/wp\/v2\/posts\/472086","targetHints":{"allow":["GET"]}}],"collection":[{"href":"https:\/\/www.europesays.com\/fr\/wp-json\/wp\/v2\/posts"}],"about":[{"href":"https:\/\/www.europesays.com\/fr\/wp-json\/wp\/v2\/types\/post"}],"author":[{"embeddable":true,"href":"https:\/\/www.europesays.com\/fr\/wp-json\/wp\/v2\/users\/2"}],"replies":[{"embeddable":true,"href":"https:\/\/www.europesays.com\/fr\/wp-json\/wp\/v2\/comments?post=472086"}],"version-history":[{"count":0,"href":"https:\/\/www.europesays.com\/fr\/wp-json\/wp\/v2\/posts\/472086\/revisions"}],"wp:featuredmedia":[{"embeddable":true,"href":"https:\/\/www.europesays.com\/fr\/wp-json\/wp\/v2\/media\/472087"}],"wp:attachment":[{"href":"https:\/\/www.europesays.com\/fr\/wp-json\/wp\/v2\/media?parent=472086"}],"wp:term":[{"taxonomy":"category","embeddable":true,"href":"https:\/\/www.europesays.com\/fr\/wp-json\/wp\/v2\/categories?post=472086"},{"taxonomy":"post_tag","embeddable":true,"href":"https:\/\/www.europesays.com\/fr\/wp-json\/wp\/v2\/tags?post=472086"}],"curies":[{"name":"wp","href":"https:\/\/api.w.org\/{rel}","templated":true}]}}