{"id":472088,"date":"2025-10-18T09:02:26","date_gmt":"2025-10-18T09:02:26","guid":{"rendered":"https:\/\/www.europesays.com\/fr\/472088\/"},"modified":"2025-10-18T09:02:26","modified_gmt":"2025-10-18T09:02:26","slug":"le-programme-dune-10e-edition-ouverte-a-tous","status":"publish","type":"post","link":"https:\/\/www.europesays.com\/fr\/472088\/","title":{"rendered":"le programme d&rsquo;une 10e \u00e9dition ouverte \u00e0 tous"},"content":{"rendered":"<p class=\"article__intro\">Jusqu\u2019au 19 octobre 2025, la 10e \u00e9dition des Journ\u00e9es nationales de l\u2019architecture se d\u00e9roule partout en France. L&rsquo;occasion d&rsquo;inviter le grand public \u00e0 y poser un nouveau regard.<\/p>\n<p>\n      L\u2019actu des r\u00e9gions\n    <\/p>\n<p>\n      Chaque jour, un tour d\u2019horizon des principales infos de toutes les r\u00e9gions.\n    <\/p>\n<p>    France T\u00e9l\u00e9visions utilise votre adresse e-mail afin de vous envoyer la newsletter \u00ab\u00a0L\u2019actu des r\u00e9gions\u00a0\u00bb. Vous pouvez vous d\u00e9sinscrire \u00e0 tout moment via le lien en bas de cette newsletter. <a target=\"_blank\" href=\"https:\/\/www.francetelevisions.fr\/groupe\/confidentialite\/politique-de-confidentialite\/politique-de-confidentialite-de-france-televisions-6503\" rel=\"nofollow noopener\">Notre politique de confidentialit\u00e9<\/a><\/p>\n<p>\u00ab\u00a0L\u2019Architecture du quotidien\u00a0\u00bb, c\u2019est le th\u00e8me choisi pour ce grand rendez-vous initi\u00e9 par le minist\u00e8re de la Culture en 2016. Que savons-nous de ces lieux que nous empruntons chaque jour, les \u00e9coles, les \u00e9quipements sportifs, les commerces, les lieux de travail, les infrastructures publiques, etc ? Percevons-nous toujours leur richesse architecturale ?<\/p>\n<p>Cette nouvelle \u00e9dition a choisi de mettre en lumi\u00e8re les b\u00e2timents qui structurent notre vie de tous les jours, car l\u2019architecture ne se limite pas aux grands monuments, elle s\u2019exprime aussi dans les espaces les plus familiers que nous c\u00f4toyons.<\/p>\n<p>Rencontres avec des architectes, des urbanistes, d\u00e9bats, visites de chantiers, promenades urbaines, exposition, l\u2019objectif de ces Journ\u00e9es nationales est de rendre l\u2019architecture accessible au plus grand nombre.<\/p>\n<p>Autour de ce th\u00e8me \u00ab\u00a0l\u2019architecture du quotidien\u00a0\u00bb, raisonne \u00e9galement le \u00ab\u00a0bien vivre ensemble\u00a0\u00bb. En nous invitant \u00e0 poser un nouveau regard sur ces lieux que nous empruntons chaque jour, ces journ\u00e9es nationales nous font prendre conscience des espaces construits dans lesquels nous vivons. Des cadres de vie qui fa\u00e7onne notre bien-\u00eatre, notre sant\u00e9, notre confort et notre fa\u00e7on de vivre ensemble. Car c\u2019est bien \u00e0 l\u2019\u00e9cole, dans les salles de sport, les commerces, sur notre lieu de travail, dans les infrastructures publiques, mais aussi dans les tiers-lieux, les jardins partag\u00e9s, les habitats participatifs ou encore chantiers b\u00e9n\u00e9voles, que nous est donn\u00e9 la possibilit\u00e9 de nous rencontrer, de partager et de construire collectivement le \u00ab\u00a0bien vivre ensemble\u00a0\u00bb.<\/p>\n<p><a data-article-figure=\"\" href=\"https:\/\/france3-regions.franceinfo.fr\/image\/-kKDbehn4t8xWZkik6xS7PjU3Gc\/2480x3508\/regions\/2025\/10\/17\/a4-affiche-ministere-de-la-culture-68f2483559e61136477333.jpg\" data-pswp-width=\"2480\" data-pswp-height=\"3508\" target=\"_blank\" rel=\"nofollow noopener\"><\/p>\n<p>          <img width=\"600\" height=\"400\" class=\"article-image lazy\" data-src=\"https:\/\/www.europesays.com\/fr\/wp-content\/uploads\/2025\/10\/a4-affiche-ministere-de-la-culture-68f2483559e61136477333.jpg\" alt=\"Journ\u00e9es nationale de l'architecture 2025\" fetchpriority=\"high\" as=\"image\"\/><\/p>\n<p>\n            Journ\u00e9es nationale de l&rsquo;architecture 2025<br \/>\n                           \u2022<br \/>\n                                      \u00a9 Minist\u00e8re de la culture\n                      <\/p>\n<p><\/a><\/p>\n<p>Les Journ\u00e9es de l\u2019architecture nous rappellent ainsi qu\u2019habiter, c\u2019est aussi imaginer &#8211; et que le patrimoine de demain s\u2019invente d\u00e8s aujourd\u2019hui. \u00c0 ce titre, l\u2019\u00e9dition 2025 des Journ\u00e9es nationales de l\u2019architecture dans les Hauts-de-France en t\u00e9moigne avec \u00e9clat avec de nombreux \u00e9v\u00e9nements qui valorisent l&rsquo;architecture contemporaine remarquable de la r\u00e9gion.<\/p>\n<p>Des cit\u00e9s mini\u00e8res aux quartiers contemporains, des reconversions industrielles aux architectures du quotidien, la programmation traduit une attention accrue \u00e0 la transformation durable, \u00e0 la sobri\u00e9t\u00e9 des mat\u00e9riaux, \u00e0 la qualit\u00e9 des usages. Elle interroge le rapport sensible entre l\u2019humain et son milieu : comment construire, restaurer ou r\u00e9habiliter sans effacer la m\u00e9moire et l\u2019esprit des lieux ? Comment inscrire l\u2019innovation dans la continuit\u00e9 des formes et des r\u00e9cits ? C\u2019est bien d\u2019une \u00e9cologie de l\u2019espace et du cadre de vie qu\u2019il s\u2019agit ici, non pas seulement environnementale, mais aussi sociale et culturelle.<\/p>\n<p>\u00c0 Croix, la Villa Cavrois<\/p>\n<p>Visite guid\u00e9e de la <a href=\"https:\/\/www.villa-cavrois.fr\/\" target=\"_blank\" rel=\"noopener noreferrer nofollow\" data-tooltip-url=\"https:\/\/www.villa-cavrois.fr\/\">Villa Cavrois<\/a> par une m\u00e9diatrice du lieu et Pauline Laufm\u00f6ller-Marlier, professionnelle du b\u00e2ti contemporain. La visite retrace l\u2019\u00e9volution du b\u00e2timent \u00e0 travers les pi\u00e8ces de la villa mais aussi par le pavillon \u00e9ph\u00e9m\u00e8re, construit \u00e0 l\u2019occasion de ses 10 ans d\u2019ouverture.<\/p>\n<p><a data-article-figure=\"\" href=\"https:\/\/france3-regions.franceinfo.fr\/image\/yW51P0wbdr-FGpIWyLMgN2qWQtM\/474x308\/regions\/2025\/10\/17\/villa-cavrois-68f2547bb3902896921057.jpeg\" data-pswp-width=\"474\" data-pswp-height=\"308\" target=\"_blank\" rel=\"nofollow noopener\"><\/p>\n<p>          <img width=\"600\" height=\"400\" class=\"article-image lazy\" data-src=\"https:\/\/www.europesays.com\/fr\/wp-content\/uploads\/2025\/10\/villa-cavrois-68f2547bb3902896921057.jpeg\" alt=\"Villa Cavrois Croix\" fetchpriority=\"high\" as=\"image\"\/><\/p>\n<p>\n            Villa Cavrois Croix<br \/>\n                           \u2022<br \/>\n                                      \u00a9 F\u00e9d\u00e9ration patrimoine environnement\n                      <\/p>\n<p><\/a><\/p>\n<p>Samedi 18 octobre. Entr\u00e9e libre.<\/p>\n<p>\u00c0 Arleux, la Ferme des Ailleurs<\/p>\n<p>La <a href=\"https:\/\/lafermedesailleurs.com\/a-propos-de-la-ferme\/\" target=\"_blank\" rel=\"noopener noreferrer nofollow\" data-tooltip-url=\"https:\/\/lafermedesailleurs.com\/a-propos-de-la-ferme\/\">Ferme des Ailleurs<\/a> propose une balade et une conf\u00e9rence pour d\u00e9couvrir le patrimoine architectural d\u2019Arleux.<\/p>\n<\/p>\n<p>Samedi 18 octobre. Entr\u00e9e libre<\/p>\n<p>\u00c0 Cassel, le mus\u00e9e de Flandre<\/p>\n<p>Le <a href=\"https:\/\/museedeflandre.fr\/\" target=\"_blank\" rel=\"noopener noreferrer nofollow\" data-tooltip-url=\"https:\/\/museedeflandre.fr\/\">mus\u00e9e de Flandre<\/a> propose des visites flash de son b\u00e2timent, en passant par ses fa\u00e7ades et par la d\u00e9couverte des myst\u00e8res de l\u2019H\u00f4tel de la Noble-Cour. En parall\u00e8le, des ateliers Kapla sont organis\u00e9s pour construire son propre ch\u00e2teau en s\u2019inspirant des tableaux conserv\u00e9s par le mus\u00e9e de Flandre.<\/p>\n<\/p>\n<p>Du 18 au 19 octobre. Entr\u00e9e libre et gratuite tout le week-end<\/p>\n<p>\u00c0 Dunkerque, le Frac Grand Large<\/p>\n<p>Pour les Journ\u00e9es nationales de l\u2019architecture, le <a href=\"https:\/\/www.fracgrandlarge-hdf.fr\/\" target=\"_blank\" rel=\"noopener noreferrer nofollow\" data-tooltip-url=\"https:\/\/www.fracgrandlarge-hdf.fr\/\">FRAC Grand Large<\/a> propose un atelier \u00ab\u00a0Cit\u00e9s imaginaires, villes partag\u00e9es\u00a0\u00bb, des mini-parcours pour les plus petits, autour de contes et de musiques, un parcours autour du b\u00e2timent du FRAC, dont les architectes sont laur\u00e9ats du prix Pritzker.<\/p>\n<\/p>\n<p>En parall\u00e8le, le FRAC propose une rencontre avec le Bureau des hypoth\u00e8ses, qui exp\u00e9rimente et travaille autour de chocs, d\u2019affects et d\u2019anecdotes pour imaginer des hypoth\u00e8ses autour de lieux ou de situations oubli\u00e9es ou n\u00e9glig\u00e9es dans le contexte dunkerquois.<\/p>\n<p><a data-article-figure=\"\" href=\"https:\/\/france3-regions.franceinfo.fr\/image\/dHYmzhK1qq6fyhao-KTKuJJQ4Ns\/6122x3941\/regions\/2025\/10\/17\/frac-grand-large-architecture-lacaton-vassal-c-paul-tahon-1-bis-68f249ab3adf6049968374.jpg\" data-pswp-width=\"6122\" data-pswp-height=\"3941\" target=\"_blank\" rel=\"nofollow noopener\"><\/p>\n<p>          <img width=\"600\" height=\"400\" class=\"article-image lazy\" data-src=\"https:\/\/www.europesays.com\/fr\/wp-content\/uploads\/2025\/10\/frac-grand-large-architecture-lacaton-vassal-c-paul-tahon-1-bis-68f249ab3adf6049968374.jpg\" alt=\"Journ\u00e9es nationales de l'architecture 2025\" fetchpriority=\"high\" as=\"image\"\/><\/p>\n<p>\n            Journ\u00e9es nationales de l&rsquo;architecture 2025<br \/>\n                           \u2022<br \/>\n                                      \u00a9 \u00a9 Paul Tahon (1)\n                      <\/p>\n<p><\/a><\/p>\n<p>Samedi 18 et dimanche 19 octobre. Gratuit sur inscription<\/p>\n<p>Le ch\u00e2teau d&rsquo;Esquelbecq<br \/>\n<a data-article-figure=\"\" href=\"https:\/\/france3-regions.franceinfo.fr\/image\/VcnsoawN8SOToyimwnR5i27aVFA\/1024x768\/regions\/2025\/10\/17\/img-20180715-wa0008-2-68f24a3d9bd7e415225969.jpg\" data-pswp-width=\"1024\" data-pswp-height=\"768\" target=\"_blank\" rel=\"nofollow noopener\"><\/p>\n<p>          <img width=\"600\" height=\"400\" class=\"article-image lazy\" data-src=\"https:\/\/www.europesays.com\/fr\/wp-content\/uploads\/2025\/10\/img-20180715-wa0008-2-68f24a3d9bd7e415225969.jpg\" alt=\"Journ\u00e9es nationales de l'architecture 2025\" fetchpriority=\"high\" as=\"image\"\/><\/p>\n<p>\n            Journ\u00e9es nationales de l&rsquo;architecture 2025<br \/>\n                           \u2022<br \/>\n                                      \u00a9 Ch\u00e2teau Esquelbecq\n                      <\/p>\n<p><\/a><\/p>\n<p>Les b\u00e9n\u00e9voles du lieu proposent une visite du ch\u00e2teau, restaur\u00e9 par de r\u00e9cents travaux, le public pourra ainsi mesurer les avanc\u00e9es depuis 2018 de la r\u00e9novation\u00a0du ch\u00e2teau,notamment les toitures et les menuiseries.<\/p>\n<p><a data-article-figure=\"\" href=\"https:\/\/france3-regions.franceinfo.fr\/image\/2n9QI95aucXw5hcpG3P8hfVCRsA\/2016x1512\/regions\/2025\/10\/17\/img-3681-1-68f24c28edf7b929799366.jpg\" data-pswp-width=\"2016\" data-pswp-height=\"1512\" target=\"_blank\" rel=\"nofollow noopener\"><\/p>\n<p>          <img width=\"600\" height=\"400\" class=\"article-image lazy\" data-src=\"https:\/\/www.europesays.com\/fr\/wp-content\/uploads\/2025\/10\/img-3681-1-68f24c28edf7b929799366.jpg\" alt=\"Journ\u00e9es nationales de l'architecture 2025\" fetchpriority=\"high\" as=\"image\"\/><\/p>\n<p>\n            Journ\u00e9es nationales de l&rsquo;architecture 2025<br \/>\n                           \u2022<br \/>\n                                      \u00a9 Ch\u00e2teau Esquelbecq\n                      <\/p>\n<p><\/a><\/p>\n<p>Un magnifique spectacle sera \u00e9galement donn\u00e9 samedi en nocturne jusqu\u2019\u00e0 21h, o\u00f9 le ch\u00e2teau s&rsquo;illuminera de 1000 feux.<\/p>\n<p>Samedi 18 et dimanche 19 octobre. Tarif pr\u00e9f\u00e9rentiel.<\/p>\n<p>Balade guid\u00e9e \u00e0 Lambersart<\/p>\n<p>La ville de Lambersart propose plusieurs balades \u00e0 travers la ville. La premi\u00e8re traverse l\u2019avenue de l\u2019Amiral Courbet et la place du docteur Martin, permettant de d\u00e9voiler les grandes villas-ch\u00e2teaux de la n\u00e9o-renaissance flamande face aux \u00e9l\u00e9gantes maisons de ville art nouveau et art d\u00e9co, menant \u00e0 un square \u00e0 l\u2019anglaise aux maisons n\u00e9oclassiques : un concentr\u00e9 d\u2019architecture de 1888 \u00e0 1935.<\/p>\n<p>La seconde balade, intitul\u00e9e \u00ab\u00a0Canteleu, un riche pass\u00e9 industriel et ouvrier\u00a0\u00bb fait d\u00e9couvrir les cour\u00e9es, \u00e9coles, commerces et blanchisseries pr\u00e8s du clocher Saint-S\u00e9pulcre de 1900. La troisi\u00e8me et derni\u00e8re promenade invite, elle, \u00e0 admirer les villas de l\u2019avenue de l\u2019Hippodrome.<\/p>\n<p>Samedi 18 et dimanche 19 octobre. Tarif pr\u00e9f\u00e9rentiel.<\/p>\n<p>Le Colys\u00e9e \u00e0 Lambersart<\/p>\n<p>\u00c0 l\u2019ext\u00e9rieur du Colys\u00e9e de Lambersart sont expos\u00e9s des croquis du groupe \u00ab\u00a0Urban Sketchers\u00a0\u00bb, mettant en lumi\u00e8re les villas de l\u2019avenue de l\u2019Hippodrome.<\/p>\n<p>Jusqu&rsquo;au dimanche 19 octobre. Entr\u00e9e libre.<\/p>\n<p>Le Bazaar Saint Sauveur<\/p>\n<p>Le \u00ab\u00a0Lille Archi market\u00a0\u00bb est de retour pour une journ\u00e9e d\u00e9di\u00e9e \u00e0 l\u2019\u00e9dition d\u2019architecture, d\u2019urbanisme et de paysage sous diff\u00e9rentes formes : livres, revues, publications, objets, impressions, tirages et photographies.<\/p>\n<p><a data-article-figure=\"\" href=\"https:\/\/france3-regions.franceinfo.fr\/image\/Mff4_RfIMAEvujgcZOKXmF3XEOU\/4500x5625\/regions\/2025\/10\/17\/lille-archi-market-visuel-68f24c887d542823436648.jpg\" data-pswp-width=\"4500\" data-pswp-height=\"5625\" target=\"_blank\" rel=\"nofollow noopener\"><\/p>\n<p>          <img width=\"600\" height=\"400\" class=\"article-image lazy\" data-src=\"https:\/\/www.europesays.com\/fr\/wp-content\/uploads\/2025\/10\/lille-archi-market-visuel-68f24c887d542823436648.jpg\" alt=\"Journ\u00e9es nationales de l'architecture 2025\" fetchpriority=\"high\" as=\"image\"\/><\/p>\n<p>\n            Journ\u00e9es nationales de l&rsquo;architecture 2025<br \/>\n                           \u2022<br \/>\n                                      \u00a9 Lille_Archi_Market\n                      <\/p>\n<p><\/a><\/p>\n<p>Samedi 18 et dimanche 19 octobre. Tarif pr\u00e9f\u00e9rentiel.<\/p>\n<p>\u00c0 Mons-en-Baroeul, la Villa Saint-Luc<\/p>\n<p>Fra\u00eechement restaur\u00e9e, cette maison bourgeoise aux influences Belle \u00e9poque et Art nouveau ouvre ses portes. La villa est accessible en visites guid\u00e9es par ses nouveaux propri\u00e9taires.<\/p>\n<p>Le travail et la vie de Gabriel Pagnerre, architecte monsois qui a r\u00e9alis\u00e9 plus de 400 maisons dans la m\u00e9tropole lilloise et qui a \u00e9rig\u00e9 la Villa Saint-Luc, sont pr\u00e9sent\u00e9s au travers de quelques archives personnelles encore jamais pr\u00e9sent\u00e9es au public.<\/p>\n<p>Samedi 18 et dimanche 19 octobre. Gratuit sur inscription.<\/p>\n<p>\u00c0 Roubaix, Le Parpaing<\/p>\n<p>Portes ouvertes de ce magasin de mat\u00e9riaux de construction de r\u00e9emploi et de leur stock de mat\u00e9riaux. \u00c0 l\u2019occasion, les avanc\u00e9es du projet de recherche \u00ab\u00a0Puisque tout est foin\u00a0\u00bb seront pr\u00e9sent\u00e9es. Ce dernier questionne les enjeux du r\u00e9emploi de mat\u00e9riaux, par le biais de celui de dalles de moquette.<\/p>\n<p>Samedi 18 et dimanche 19 octobre. Entr\u00e9e libre.<\/p>\n<p>\u00c0 Saint-Amand-Les-Eaux, la m\u00e9diath\u00e8que communautaire des Encres<\/p>\n<p>La m\u00e9diath\u00e8que de Saint-Amand-les-Eaux propose une programmation riche autour des Journ\u00e9es nationales de l\u2019architecture : atelier dessin \u00ab\u00a0La ville Steam punk\u00a0\u00bb, exposition \u00ab\u00a0Encres et rouages\u00a0\u00bb autour des \u0153uvres anciennes et cr\u00e9ations contemporaines autour de plusieurs m\u00e9thodes (calligraphie, illustration, enluminure, sculpture), et conte immersif o\u00f9 fiction et r\u00e9alit\u00e9 se m\u00e9langent pour faire revivre la m\u00e9moire ouvri\u00e8re du bassin minier, \u00e0 travers les personnages fantastiques du \u00ab\u00a0Carnaval des Spectres\u00a0\u00bb.<\/p>\n<p><a data-article-figure=\"\" href=\"https:\/\/france3-regions.franceinfo.fr\/image\/jqkFBKLMwU0CQpaVDY67XX5u_4Q\/474x355\/regions\/2025\/10\/17\/saint-amand-les-eaux-mediatheque-communautaire-des-encres-68f252c829840969767471.jpeg\" data-pswp-width=\"474\" data-pswp-height=\"355\" target=\"_blank\" rel=\"nofollow noopener\"><\/p>\n<p>          <img width=\"600\" height=\"400\" class=\"article-image lazy\" data-src=\"https:\/\/www.europesays.com\/fr\/wp-content\/uploads\/2025\/10\/saint-amand-les-eaux-mediatheque-communautaire-des-encres-68f252c829840969767471.jpeg\" alt=\"SAINT-AMAND-LES-EAUX - M\u00c9DIATH\u00c8QUE COMMUNAUTAIRE DES ENCRES\" fetchpriority=\"high\" as=\"image\"\/><\/p>\n<p>\n            SAINT-AMAND-LES-EAUX &#8211; M\u00c9DIATH\u00c8QUE COMMUNAUTAIRE DES ENCRES<br \/>\n                           \u2022<br \/>\n                                      \u00a9 SAINT-AMAND-LES-EAUX &#8211; M\u00c9DIATH\u00c8QUE COMMUNAUTAIRE DES ENCRES\n                      <\/p>\n<p><\/a><\/p>\n<p>Samedi 18 et dimanche 19 octobre. Gratuit sur inscription.<\/p>\n<p>\u00c0 Musverre, la SARS-POTERIES<\/p>\n<p>Le patrimoine verrier de l\u2019avesnois s\u2019inscrit sur le territoire d\u2019un point de vue architectural et paysager : anciennes chemin\u00e9es en briques des verreries, \u00e9pis de fa\u00eetage, MusVerre en pierres bleues au c\u0153ur du bocage. Ces \u00e9l\u00e9ments du paysage constituent souvent pour les artistes venus en r\u00e9sidence une source d\u2019inspiration.<\/p>\n<p><a data-article-figure=\"\" href=\"https:\/\/france3-regions.franceinfo.fr\/image\/LsCpVkJdiaM7lHBZO-C__K1Wj_8\/2048x1490\/regions\/2025\/10\/17\/architecture-2-68f24e16e7fdf204821441.jpg\" data-pswp-width=\"2048\" data-pswp-height=\"1490\" target=\"_blank\" rel=\"nofollow noopener\"><\/p>\n<p>          <img width=\"600\" height=\"400\" class=\"article-image lazy\" data-src=\"https:\/\/www.europesays.com\/fr\/wp-content\/uploads\/2025\/10\/architecture-2-68f24e16e7fdf204821441.jpg\" alt=\"Journ\u00e9es nationales de l'architecture 2025\" fetchpriority=\"high\" as=\"image\"\/><\/p>\n<p>\n            Journ\u00e9es nationales de l&rsquo;architecture 2025<br \/>\n                           \u2022<br \/>\n                                      \u00a9 Musverre Trelon\n                      <\/p>\n<p><\/a><\/p>\n<p>La rencontre avec les \u0153uvres permet de convoquer les th\u00e9matiques du paysage : l\u2019architecture, la nature et l\u2019\u00e9cologie. \u00c0 travers des ateliers, le MusVerre invite \u00e0 d\u00e9couvrir ses collections puis \u00e0 exp\u00e9rimenter le collage et le pliage en r\u00e9alisant son mus\u00e9e id\u00e9al, sur papier.<\/p>\n<p>Du vendredi 17 au dimanche 19 octobre. Gratuit sur inscription.<\/p>\n<p>\u00c0 Bruay-La-Buissi\u00e8re, la cit\u00e9 des \u00e9lectriciens<\/p>\n<p>Pour les Journ\u00e9es nationales de l\u2019architecture, la Cit\u00e9 des \u00e9lectriciens accueille l\u2019inauguration d\u2019un rideau contemporain aux motifs du bassin minier. En compagnie des adolescents de la communaut\u00e9 d\u2019agglom\u00e9ration de B\u00e9thune-Bruay et de l\u2019artiste Fanny Chiarello, l\u2019architecte Alice Hallynck pr\u00e9sente la restitution du travail d\u2019exploration collaborative de l\u2019architecture quotidienne.<\/p>\n<p><a data-article-figure=\"\" href=\"https:\/\/france3-regions.franceinfo.fr\/image\/fbZb7wtrEb1A-3Z4FZrTJd6tKZo\/768x432\/regions\/2025\/10\/17\/cite-des-electriciens-3-c-anteale-photo-768x432-68f24ed647617532444404.jpeg\" data-pswp-width=\"768\" data-pswp-height=\"432\" target=\"_blank\" rel=\"nofollow noopener\"><\/p>\n<p>          <img width=\"600\" height=\"400\" class=\"article-image lazy\" data-src=\"https:\/\/www.europesays.com\/fr\/wp-content\/uploads\/2025\/10\/cite-des-electriciens-3-c-anteale-photo-768x432-68f24ed647617532444404.jpeg\" alt=\"Journ\u00e9es nationales de l'architecture 2025\" fetchpriority=\"high\" as=\"image\"\/><\/p>\n<p>\n            Journ\u00e9es nationales de l&rsquo;architecture 2025<br \/>\n                           \u2022<br \/>\n                                      \u00a9 \u00a9anteale-Photo-\n                      <\/p>\n<p><\/a><\/p>\n<p>Au terme de plusieurs s\u00e9ances de travail cr\u00e9atives et d\u2019un rallye photographique, les jeunes ont s\u00e9lectionn\u00e9 deux images \u00e0 envoyer en production \u00e0 l\u2019atelier de broderie traditionnelle Dessenne-Lenoir \u00e0 Villers-Outr\u00e9aux.<\/p>\n<p>Samedi 18 octobre. Entr\u00e9e libre.<\/p>\n<p>\u00c0 Gouy-Saint-Andr\u00e9, la ferme \u00ab\u00a0L\u2019encas et l\u2019\u00e9choppe\u00a0\u00bb<\/p>\n<p>Entre petits ateliers terre et foin, visites de chantier de restauration de la fermette et conversations sur les savoirs, la ferme \u00ab\u00a0L\u2019encas et l\u2019\u00e9choppe\u00a0\u00bb accueille le public dans cette architecture du quotidien d\u2019autrefois, entre C\u00f4te d\u2019Opale et Picardie.<\/p>\n<p>Samedi 18 octobre. Gratuit sur inscription.<\/p>\n<p>Au Touquet Paris-Plage, l&rsquo;h\u00f4tel des Postes<\/p>\n<p>B\u00e2ti en 1927, l\u2019h\u00f4tel des Postes, fra\u00eechement restaur\u00e9, est un monument \u00ab\u00a0art d\u00e9co\u00a0\u00bb, inscrit aux Monuments historiques. Ce b\u00e2timent regorge de d\u00e9tails typiques de ce mouvement des ann\u00e9es folles : formes g\u00e9om\u00e9triques, fers forg\u00e9s, c\u00e9ramiques, typographies embl\u00e9matiques.<\/p>\n<p><a data-article-figure=\"\" href=\"https:\/\/france3-regions.franceinfo.fr\/image\/Cgfu_nOtletYqT7zQJ3yEqytRi4\/1280x995\/regions\/2025\/10\/17\/la-poste-le-touquet-paris-plage-68f24fa6edd55371769711.jpg\" data-pswp-width=\"1280\" data-pswp-height=\"995\" target=\"_blank\" rel=\"nofollow noopener\"><\/p>\n<p>          <img width=\"600\" height=\"400\" class=\"article-image lazy\" data-src=\"https:\/\/www.europesays.com\/fr\/wp-content\/uploads\/2025\/10\/la-poste-le-touquet-paris-plage-68f24fa6edd55371769711.jpg\" alt=\"Journ\u00e9es nationales de l'architecture 2025\" fetchpriority=\"high\" as=\"image\"\/><\/p>\n<p>\n            Journ\u00e9es nationales de l&rsquo;architecture 2025<br \/>\n                           \u2022<br \/>\n                                      \u00a9 La_Poste,_Le_Touquet-Paris-Plage\n                      <\/p>\n<p><\/a><\/p>\n<p>Samedi 18 octobre. Tarif pr\u00e9f\u00e9rentiel.<\/p>\n<p>Au Touquet Paris-Plage, le Palais des Congr\u00e8s<\/p>\n<p>Bien nich\u00e9es au milieu d\u2019arbres parfois centenaires, les villas de la for\u00eat sont construites d\u00e8s la fin du 19e si\u00e8cle. Chacune a son nom, son style, ses secrets bien gard\u00e9s. Au cours de cette balade \u00e0 v\u00e9lo, le guide du patrimoine raconte leur histoire.<\/p>\n<p>En compl\u00e9ment de cette sortie, le Palais des congr\u00e8s propose \u00e9galement une visite de l\u2019architecture baln\u00e9aire de la ville.<\/p>\n<p>Samedi 18 octobre. Tarif pr\u00e9f\u00e9rentiel.<\/p>\n<p>Au Touquet Paris-Plage, l&rsquo;h\u00f4tel de ville<\/p>\n<p>\u00c9difi\u00e9 dans la p\u00e9riode faste de l\u2019entre-deux-guerres, l\u2019h\u00f4tel de ville du Touquet-Paris-Plage impressionne par son aspect et ses dimensions imposantes. Les architectes se sont inspir\u00e9s \u00e0 la fois du style \u00ab\u00a0n\u00e9o-tudor\u00a0\u00bb, anglo-normand ou flamand, le tout avec une touche art-d\u00e9co qui lui donne toute sa personnalit\u00e9. La visite guid\u00e9e de l\u2019\u00e9difice fait d\u00e9couvrir la majestueuse salle d\u2019honneur, la salle du conseil et son mobilier original ou la salle des mariages au plafond d\u2019inspiration Tudor.<\/p>\n<p>Dimanche 19 octobre. Tarif pr\u00e9f\u00e9rentiel.<\/p>\n<p>\u00c0 Saint-Martin-lez-Tatinghem &#8211; La maison du marais<\/p>\n<p>L\u2019architecture singuli\u00e8re de la Maison du Marais s\u2019est ancr\u00e9e dans le paysage depuis 11 ans. Celle-ci propose une visite guid\u00e9e de la Maison du Marais ainsi qu\u2019une balade en bateau dans le marais audomarois.<\/p>\n<p>Samedi 18 octobre. Tarif pr\u00e9f\u00e9rentiel.<\/p>\n<p>\u00c0 Saint-Omer, balade guid\u00e9e<\/p>\n<p>Visite \u00e0 pied d\u2019un parcours s\u2019\u00e9tendant de la Maison de l\u2019Habitat \u00e0 la Maison du patrimoine. Cet \u00e9v\u00e8nement propose une r\u00e9flexion sur le lien entre patrimoine, habitations et modes de vies modernes.<\/p>\n<p>Samedi 18 octobre. Gratuit sur inscription.<\/p>\n<p>\u00c0 Th\u00e9rouanne, la maison de l&rsquo;arch\u00e9ologie<br \/>\n<a data-article-figure=\"\" href=\"https:\/\/france3-regions.franceinfo.fr\/image\/S-VFmMPXvjHjDLUv5-DEcRNlsdg\/474x247\/regions\/2025\/10\/17\/oip-rwchc67ierpanj-gxyvpwwhad3-68f251e408fa1996094951.jpeg\" data-pswp-width=\"474\" data-pswp-height=\"247\" target=\"_blank\" rel=\"nofollow noopener\"><\/p>\n<p>          <img width=\"600\" height=\"400\" class=\"article-image lazy\" data-src=\"https:\/\/www.europesays.com\/fr\/wp-content\/uploads\/2025\/10\/oip-rwchc67ierpanj-gxyvpwwhad3-68f251e408fa1996094951.jpeg\" alt=\"Maison de l'arch\u00e9ologie  Th\u00e9rouanne\" fetchpriority=\"high\" as=\"image\"\/><\/p>\n<p>\n            Maison de l&rsquo;arch\u00e9ologie  Th\u00e9rouanne<br \/>\n                           \u2022<br \/>\n                                      \u00a9 office tourisme St Omer\n                      <\/p>\n<p><\/a><\/p>\n<p>Visite guid\u00e9e de l\u2019exposition \u00ab\u00a0Vivre et habiter, la maison au fil des si\u00e8cles\u00a0\u00bb. Elle plonge les visiteurs dans l\u2019\u00e9volution de l\u2019habitat et de la vie quotidienne, de l\u2019Antiquit\u00e9 \u00e0 nos jours.<\/p>\n<p>Dimanche 19 octobre. Gratuit sur inscription.<\/p>\n","protected":false},"excerpt":{"rendered":"Jusqu\u2019au 19 octobre 2025, la 10e \u00e9dition des Journ\u00e9es nationales de l\u2019architecture se d\u00e9roule partout en France. L&rsquo;occasion&hellip;\n","protected":false},"author":2,"featured_media":472089,"comment_status":"","ping_status":"","sticky":false,"template":"","format":"standard","meta":{"footnotes":""},"categories":[1358],"tags":[1348,1384,1385,1386,58,59,1011,27],"class_list":{"0":"post-472088","1":"post","2":"type-post","3":"status-publish","4":"format-standard","5":"has-post-thumbnail","7":"category-arts-et-design","8":"tag-arts","9":"tag-arts-and-design","10":"tag-arts-et-design","11":"tag-design","12":"tag-divertissement","13":"tag-entertainment","14":"tag-fr","15":"tag-france"},"share_on_mastodon":{"url":"https:\/\/pubeurope.com\/@fr\/115394363047147821","error":""},"_links":{"self":[{"href":"https:\/\/www.europesays.com\/fr\/wp-json\/wp\/v2\/posts\/472088","targetHints":{"allow":["GET"]}}],"collection":[{"href":"https:\/\/www.europesays.com\/fr\/wp-json\/wp\/v2\/posts"}],"about":[{"href":"https:\/\/www.europesays.com\/fr\/wp-json\/wp\/v2\/types\/post"}],"author":[{"embeddable":true,"href":"https:\/\/www.europesays.com\/fr\/wp-json\/wp\/v2\/users\/2"}],"replies":[{"embeddable":true,"href":"https:\/\/www.europesays.com\/fr\/wp-json\/wp\/v2\/comments?post=472088"}],"version-history":[{"count":0,"href":"https:\/\/www.europesays.com\/fr\/wp-json\/wp\/v2\/posts\/472088\/revisions"}],"wp:featuredmedia":[{"embeddable":true,"href":"https:\/\/www.europesays.com\/fr\/wp-json\/wp\/v2\/media\/472089"}],"wp:attachment":[{"href":"https:\/\/www.europesays.com\/fr\/wp-json\/wp\/v2\/media?parent=472088"}],"wp:term":[{"taxonomy":"category","embeddable":true,"href":"https:\/\/www.europesays.com\/fr\/wp-json\/wp\/v2\/categories?post=472088"},{"taxonomy":"post_tag","embeddable":true,"href":"https:\/\/www.europesays.com\/fr\/wp-json\/wp\/v2\/tags?post=472088"}],"curies":[{"name":"wp","href":"https:\/\/api.w.org\/{rel}","templated":true}]}}