{"id":472090,"date":"2025-10-18T09:03:25","date_gmt":"2025-10-18T09:03:25","guid":{"rendered":"https:\/\/www.europesays.com\/fr\/472090\/"},"modified":"2025-10-18T09:03:25","modified_gmt":"2025-10-18T09:03:25","slug":"les-24-nuits-du-lutin-farceur-le-suricate","status":"publish","type":"post","link":"https:\/\/www.europesays.com\/fr\/472090\/","title":{"rendered":"Les 24 nuits du lutin farceur \u2022 Le Suricate"},"content":{"rendered":"<p><a href=\"https:\/\/www.editionsdelamartiniere.fr\/livres\/les-24-nuits-du-lutin-farceur\/ \" target=\"_blank\" rel=\" noreferrer noopener nofollow\"><img fetchpriority=\"high\" decoding=\"async\" width=\"464\" height=\"600\" src=\"https:\/\/www.europesays.com\/fr\/wp-content\/uploads\/2025\/10\/Lutin-farceur-couv.jpg\" alt=\"Couverture du livre pour enfants \u00ab Les 24 nuits du lutin farceur \u00bb (La Martini\u00e8re, 2025)\" class=\"wp-image-89875 size-full\"  \/><\/a><\/p>\n<p class=\"has-text-align-right\"><strong><a href=\"https:\/\/www.editionsdelamartiniere.fr\/livres\/les-24-nuits-du-lutin-farceur\/\" target=\"_blank\" rel=\"noreferrer noopener nofollow\">Les 24 nuits du lutin farceur<\/a><\/strong><br \/>Texte : <strong>Chlo\u00e9 Eloi<\/strong><br \/>Dessin : <strong>Sanoe<\/strong>,<strong> Anita Oum<\/strong><br \/>\u00c9diteur : <strong>La Martini\u00e8re<\/strong><br \/>Date de parution : <strong>10 octobre 2025<\/strong><br \/>Genre : <strong>Album jeunesse, petite enfance, livre de l\u2019Avent<\/strong><\/p>\n<p><strong>\u00c0 la mani\u00e8re d\u2019un calendrier de l\u2019Avent, Les 24 nuits du lutin farceur est un album con\u00e7u pour accompagner les enfants tout au long du mois de d\u00e9cembre, jusqu\u2019au jour de No\u00ebl. Ce livre grand format, au texte et aux illustrations assez classiques, a l\u2019avantage d\u2019\u00eatre accessible aux tout-petits d\u00e8s 4 ans.<\/strong><\/p>\n<p>Le h\u00e9ros du livre, Lulu, est un petit lutin malicieux. Dans la tradition nord-am\u00e9ricaine, ce compagnon du P\u00e8re No\u00ebl est envoy\u00e9 dans les familles pour observer les enfants et v\u00e9rifier qu\u2019ils se tiennent bien jusqu\u2019\u00e0 No\u00ebl. Mais Lulu, lui, est loin d\u2019\u00eatre un mod\u00e8le de sagesse ! Chaque nuit, il invente une nouvelle b\u00eatise que le petit gar\u00e7on et ses parents d\u00e9couvrent le lendemain.<\/p>\n<p>Dans Les 24 nuits du lutin farceur, chaque double page correspond \u00e0 un jour de l\u2019Avent, du 1er au 24 d\u00e9cembre. \u00c0 gauche, un court texte raconte la farce du jour. \u00c0 droite, une illustration la met en sc\u00e8ne. Les gags, tr\u00e8s simples, sont parfaitement adapt\u00e9s aux jeunes lecteurs. Si certaines b\u00eatises sont plut\u00f4t inoffensives \u2014 jouer aux \u00e9checs avec nounours, prendre le th\u00e9 dans la maison de poup\u00e9e \u2014, d\u2019autres sont plus espi\u00e8gles : renverser tout le sucre glace dans la cuisine pour faire de la \u00ab\u00a0neige\u00a0\u00bb, ou encore nouer les lacets de toutes les chaussures.<\/p>\n<p>Pas de v\u00e9ritable suspense ici, mais le plaisir quotidien de d\u00e9couvrir une nouvelle fac\u00e9tie du lutin. Ne soyez pas surpris si, apr\u00e8s cette lecture, votre enfant a envie d\u2019imiter Lulu en vous pr\u00e9parant quelques petites surprises chaque matin !<\/p>\n","protected":false},"excerpt":{"rendered":"Les 24 nuits du lutin farceurTexte : Chlo\u00e9 EloiDessin : Sanoe, Anita Oum\u00c9diteur : La Martini\u00e8reDate de parution&hellip;\n","protected":false},"author":2,"featured_media":472091,"comment_status":"","ping_status":"","sticky":false,"template":"","format":"standard","meta":{"footnotes":""},"categories":[1357],"tags":[1379,58,59,1011,27,1380],"class_list":{"0":"post-472090","1":"post","2":"type-post","3":"status-publish","4":"format-standard","5":"has-post-thumbnail","7":"category-livres","8":"tag-books","9":"tag-divertissement","10":"tag-entertainment","11":"tag-fr","12":"tag-france","13":"tag-livres"},"share_on_mastodon":{"url":"https:\/\/pubeurope.com\/@fr\/115394367657704237","error":""},"_links":{"self":[{"href":"https:\/\/www.europesays.com\/fr\/wp-json\/wp\/v2\/posts\/472090","targetHints":{"allow":["GET"]}}],"collection":[{"href":"https:\/\/www.europesays.com\/fr\/wp-json\/wp\/v2\/posts"}],"about":[{"href":"https:\/\/www.europesays.com\/fr\/wp-json\/wp\/v2\/types\/post"}],"author":[{"embeddable":true,"href":"https:\/\/www.europesays.com\/fr\/wp-json\/wp\/v2\/users\/2"}],"replies":[{"embeddable":true,"href":"https:\/\/www.europesays.com\/fr\/wp-json\/wp\/v2\/comments?post=472090"}],"version-history":[{"count":0,"href":"https:\/\/www.europesays.com\/fr\/wp-json\/wp\/v2\/posts\/472090\/revisions"}],"wp:featuredmedia":[{"embeddable":true,"href":"https:\/\/www.europesays.com\/fr\/wp-json\/wp\/v2\/media\/472091"}],"wp:attachment":[{"href":"https:\/\/www.europesays.com\/fr\/wp-json\/wp\/v2\/media?parent=472090"}],"wp:term":[{"taxonomy":"category","embeddable":true,"href":"https:\/\/www.europesays.com\/fr\/wp-json\/wp\/v2\/categories?post=472090"},{"taxonomy":"post_tag","embeddable":true,"href":"https:\/\/www.europesays.com\/fr\/wp-json\/wp\/v2\/tags?post=472090"}],"curies":[{"name":"wp","href":"https:\/\/api.w.org\/{rel}","templated":true}]}}