{"id":472094,"date":"2025-10-18T09:05:14","date_gmt":"2025-10-18T09:05:14","guid":{"rendered":"https:\/\/www.europesays.com\/fr\/472094\/"},"modified":"2025-10-18T09:05:14","modified_gmt":"2025-10-18T09:05:14","slug":"aujourdhui-je-nai-plus-besoin-de-crier-pour-quon-mentende","status":"publish","type":"post","link":"https:\/\/www.europesays.com\/fr\/472094\/","title":{"rendered":"\u00abAujourd\u2019hui, je n\u2019ai plus besoin de crier pour qu\u2019on m\u2019entende\u00bb"},"content":{"rendered":"<p>La chanteuse britannique revient avec \u00ab All Natural \u00bb, un single d&rsquo;electro-pop o\u00f9 elle imprime sans complexe son style et son caract\u00e8re.<\/p>\n<p>En l&rsquo;apercevant la veille dans son pantalon de cuir et sa veste l\u00e9opard, il aurait \u00e9t\u00e9 difficile de l&rsquo;imaginer d\u00e9barquer en marini\u00e8re trop grande, coiff\u00e9e d&rsquo;un bandana vert. \u00ab J&rsquo;ai l&rsquo;air d&rsquo;un petit gar\u00e7on \u00bb, s&rsquo;excuse-t-elle en souriant. <a href=\"https:\/\/www.parismatch.com\/bio\/rita-ora\" rel=\"nofollow noopener\" target=\"_blank\">Rita Ora<\/a>, 34 ans, a le teint d&rsquo;une poup\u00e9e en porcelaine. La chanteuse vient de d\u00e9voiler \u00ab All Natural \u00bb, un titre qui ne ressemble en rien \u00e0 ce qu&rsquo;elle a fait dans le pass\u00e9. \u00ab J&rsquo;avais l&rsquo;impression d&rsquo;\u00eatre un hamster dans sa roue : je tournais sans cesse en rond. Je suffoquais. Il fallait que je sorte de ma zone de confort. \u00bb Sa rencontre avec Joel Little, un producteur n\u00e9o-z\u00e9landais, la convainc de se mettre \u00e0 nu. \u00ab Il voulait que je chante diff\u00e9remment, sans artifices, comme si j&rsquo;\u00e9tais dans ma chambre. Je ne suis plus une gamine. Je n&rsquo;allais pas refaire les m\u00eames chansons qu&rsquo;\u00e0 mes 20 ans. \u00bb Le duo cherche la sinc\u00e9rit\u00e9, l\u00e0 o\u00f9 la pop accumule des couches de vernis.<\/p>\n<p>    La suite apr\u00e8s cette publicit\u00e9<\/p>\n<p>Dans le clip, r\u00e9alis\u00e9 par <a href=\"https:\/\/www.parismatch.com\/people\/rita-ora-et-taika-waititi-maries-une-ceremonie-secrete-londres-fait-grand-bruit-214834\" rel=\"nofollow noopener\" target=\"_blank\">son \u00e9poux, Taika Waititi<\/a>, elle appara\u00eet seule, sculpturale en d\u00e9bardeur et petite culotte. \u00ab J&rsquo;ai fait beaucoup de sport, confie-t-elle d&#8217;embl\u00e9e. Taika m&rsquo;a aid\u00e9e \u00e0 retrouver ma sensualit\u00e9. Il me rend belle. \u00bb Chez elle, le naturel n&rsquo;a rien d&rsquo;un slogan. Ce n&rsquo;est ni une peau nue ni un maquillage qu&rsquo;on retire. \u00ab C&rsquo;est un \u00e9tat d&rsquo;esprit. Je me suis reconnect\u00e9e \u00e0 ma f\u00e9minit\u00e9, \u00e0 mon parcours et \u00e0 mes origines. \u00bb Car Rita Ora en a fait, du chemin. N\u00e9e au Kosovo et \u00e9lev\u00e9e \u00e0 Londres, elle grandit dans le tumulte des cultures. \u00ab Mes parents ne parlaient pas anglais mais je ne me suis jamais sentie exclue. Londres m&rsquo;a accueillie. \u00bb<\/p>\n<p>\u00ab Je ne suis pas vieille, je suis exp\u00e9riment\u00e9e \u00bb<\/p>\n<p>D\u00e8s ses 6 ans, elle sait qu&rsquo;elle deviendra chanteuse en interpr\u00e9tant \u00ab Joyeux anniversaire \u00bb lors d&rsquo;un go\u00fbter d&rsquo;enfants. \u00ab C&rsquo;est l\u00e0 que j&rsquo;ai compris le pouvoir de la musique. \u00bb Sans revenus, elle se d\u00e9brouille pour enregistrer gratuitement des d\u00e9mos dans un studio en servant du th\u00e9. Le destin place l&rsquo;une d&rsquo;elles entre les mains de Jay-Z, le boss de l&rsquo;industrie musicale aux \u00c9tats-Unis, qui partage la vie de Beyonc\u00e9. \u00ab Ils m&rsquo;ont fait venir \u00e0 New York pour signer un contrat. \u00bb L&rsquo;ascension est fulgurante : elle cumule les prix et des milliards d&rsquo;\u00e9coutes sur les plateformes de streaming.<\/p>\n<p>Mais en 2016, Rita Ora est au coeur d&rsquo;une rumeur selon laquelle elle serait la ma\u00eetresse de Jay-Z &#8211; rumeur qu&rsquo;elle d\u00e9ment en publiant un selfie avec Queen B lors du gala du Met. \u00ab Quelqu&rsquo;un m&rsquo;a dit un jour : &lsquo;Le journal d&rsquo;aujourd&rsquo;hui servira d&#8217;emballage aux fish and chips de demain.&rsquo; Les rumeurs vont tellement vite. \u00bb Neuf ans plus tard, Rita Ora est toujours l\u00e0, plus affirm\u00e9e que jamais. \u00ab Je ne suis pas vieille, je suis exp\u00e9riment\u00e9e \u00bb, pr\u00e9cise-t-elle quand on \u00e9voque la peur de vieillir dans une industrie impitoyable avec les femmes. Elle cite Tina Turner, sa jumelle d&rsquo;anniversaire, comme h\u00e9ro\u00efne de toujours : \u00ab Elle a trouv\u00e9 sa libert\u00e9 dans la quarantaine. Elle m&rsquo;a appris que le temps peut \u00eatre une renaissance. \u00bb<\/p>\n<p>Au fil des ann\u00e9es, elle regarde ses fans grandir. Certains l&rsquo;accompagnent depuis plus de dix ans &#8211; \u00ab Ils sont m\u00eame devenus parents ! \u00bb -, d&rsquo;autres la d\u00e9couvrent gr\u00e2ce \u00e0 son r\u00f4le de m\u00e9chante dans le film Disney \u00ab Descendants : l&rsquo;ascension de Red \u00bb, sorti en 2024. \u00ab J&rsquo;ai dor\u00e9navant des fans de 6 ans ! Certains pleurent en me voyant, ils pensent que je suis vraiment m\u00e9chante&#8230; \u00bb Elle r\u00eave de passer plus souvent devant la cam\u00e9ra, alors qu&rsquo;elle vient \u00e0 peine de finir deux films (\u00ab He Bled Neon \u00bb et \u00ab Voltron \u00bb, pr\u00e9vus pour 2026). Et derri\u00e8re ? \u00ab Absolument pas ! C&rsquo;est beaucoup trop stressant. Il faudrait me reposer la question l&rsquo;ann\u00e9e prochaine&#8230; J&rsquo;aurai peut-\u00eatre chang\u00e9 d&rsquo;avis. \u00bb Avant de partir, elle glisse une phrase, presque pour elle-m\u00eame : \u00ab Aujourd&rsquo;hui, je n&rsquo;ai plus besoin de crier pour qu&rsquo;on m&rsquo;entende. \u00bb Et c&rsquo;est peut-\u00eatre \u00e7a, \u00ab All Natural \u00bb le son d&rsquo;une femme qui a enfin trouv\u00e9 sa voix.<\/p>\n<p>    <img decoding=\"async\" src=\"https:\/\/www.europesays.com\/fr\/wp-content\/uploads\/2025\/10\/ab67616d0000b2732f36a1889894e9d88a36c158.jpeg\" alt=\"Rita Ora, \u00abAll Natural\u00bb (BMG Rights Management)\" loading=\"lazy\"\/><\/p>\n<p>\n      Rita Ora, \u00abAll Natural\u00bb (BMG Rights Management)<\/p>\n<p>                                \u00a9 DR<\/p>\n","protected":false},"excerpt":{"rendered":"La chanteuse britannique revient avec \u00ab All Natural \u00bb, un single d&rsquo;electro-pop o\u00f9 elle imprime sans complexe son&hellip;\n","protected":false},"author":2,"featured_media":472095,"comment_status":"","ping_status":"","sticky":false,"template":"","format":"standard","meta":{"footnotes":""},"categories":[1355],"tags":[58,59,1011,27,1361,873],"class_list":{"0":"post-472094","1":"post","2":"type-post","3":"status-publish","4":"format-standard","5":"has-post-thumbnail","7":"category-musique","8":"tag-divertissement","9":"tag-entertainment","10":"tag-fr","11":"tag-france","12":"tag-music","13":"tag-musique"},"share_on_mastodon":{"url":"https:\/\/pubeurope.com\/@fr\/115394375021227219","error":""},"_links":{"self":[{"href":"https:\/\/www.europesays.com\/fr\/wp-json\/wp\/v2\/posts\/472094","targetHints":{"allow":["GET"]}}],"collection":[{"href":"https:\/\/www.europesays.com\/fr\/wp-json\/wp\/v2\/posts"}],"about":[{"href":"https:\/\/www.europesays.com\/fr\/wp-json\/wp\/v2\/types\/post"}],"author":[{"embeddable":true,"href":"https:\/\/www.europesays.com\/fr\/wp-json\/wp\/v2\/users\/2"}],"replies":[{"embeddable":true,"href":"https:\/\/www.europesays.com\/fr\/wp-json\/wp\/v2\/comments?post=472094"}],"version-history":[{"count":0,"href":"https:\/\/www.europesays.com\/fr\/wp-json\/wp\/v2\/posts\/472094\/revisions"}],"wp:featuredmedia":[{"embeddable":true,"href":"https:\/\/www.europesays.com\/fr\/wp-json\/wp\/v2\/media\/472095"}],"wp:attachment":[{"href":"https:\/\/www.europesays.com\/fr\/wp-json\/wp\/v2\/media?parent=472094"}],"wp:term":[{"taxonomy":"category","embeddable":true,"href":"https:\/\/www.europesays.com\/fr\/wp-json\/wp\/v2\/categories?post=472094"},{"taxonomy":"post_tag","embeddable":true,"href":"https:\/\/www.europesays.com\/fr\/wp-json\/wp\/v2\/tags?post=472094"}],"curies":[{"name":"wp","href":"https:\/\/api.w.org\/{rel}","templated":true}]}}