{"id":472106,"date":"2025-10-18T09:11:13","date_gmt":"2025-10-18T09:11:13","guid":{"rendered":"https:\/\/www.europesays.com\/fr\/472106\/"},"modified":"2025-10-18T09:11:13","modified_gmt":"2025-10-18T09:11:13","slug":"la-corse-veut-vous-faire-venir-elle-est-prete-a-payer-votre-billet","status":"publish","type":"post","link":"https:\/\/www.europesays.com\/fr\/472106\/","title":{"rendered":"La Corse veut vous faire venir, elle est pr\u00eate \u00e0 payer votre billet"},"content":{"rendered":"<p itemprop=\"description\">La Corse lance une initiative totalement<br \/>\nin\u00e9dite pour attirer les voyageurs, mais cette id\u00e9e ne pla\u00eet pas \u00e0<br \/>\ntout le monde.<\/p>\n<p>Pour beaucoup, la Corse est un endroit paradisiaque, le lieu<br \/>\nid\u00e9al pour passer des vacances de r\u00eave. Et si nous vous disions que<br \/>\nl\u00a0\u00bb\u00eele de Beaut\u00e9 se proposait de vous payer une partie de votre<br \/>\nbillet d&rsquo;avion ? En effet, selon un article du Point,<br \/>\nc&rsquo;est une exp\u00e9rience qui est tent\u00e9e afin de faire venir les<br \/>\ntouristes en hiver.<\/p>\n<p>Une initiative \u00e9tonnante pour relancer le tourisme en<br \/>\nCorse<\/p>\n<p>Sans grande surprise, l&rsquo;\u00e9conomie de <a href=\"https:\/\/www.maison-travaux.fr\/actualites\/15-sublimes-maisons-de-vacances-corse-denichees-airbnb-207011.html\" target=\"_blank\" rel=\"noopener\"><br \/>\nla Corse<\/a> <strong>d\u00e9pend \u00e9norm\u00e9ment du tourisme<\/strong>,<br \/>\npuisque ce secteur repr\u00e9sente pr\u00e8s de 40 % de son PIB (Produit<br \/>\nInt\u00e9rieur Brut). Tous les ans, les habitants de l&rsquo;\u00eele voient<br \/>\nd\u00e9barquer un tr\u00e8s grand nombre de touristes, ce qui a parfois<br \/>\ntendance \u00e0 les agacer. Pour essayer de r\u00e9soudre ce probl\u00e8me, la<br \/>\nCollectivit\u00e9 de Corse a eu l&rsquo;id\u00e9e <strong>de lancer un dispositif<br \/>\nin\u00e9dit<\/strong> : financer la venue de 250 000 voyageurs par an,<br \/>\nmais uniquement en dehors de l&rsquo;\u00e9t\u00e9.<\/p>\n<p>La r\u00e9gion pr\u00e9voit <strong>d&rsquo;acheter des \u00ab\u00a0flux a\u00e9riens\u00a0\u00bb<\/strong><br \/>\njusqu&rsquo;en 2030 en signant des contrats avec <a href=\"https:\/\/www.maison-travaux.fr\/actualites\/novembre-compagnie-aerienne-supprime-element-essentiel-pour-vols-vers-espagne-grece-reste-europe-598439.html\" target=\"_blank\" rel=\"noopener\"><br \/>\nles compagnies a\u00e9riennes<\/a>. Si elles ouvrent ou maintiennent des<br \/>\nlignes depuis des grandes villes, comme Bordeaux, Nantes,<br \/>\nStrasbourg, Rome ou encore Bruxelles-Charleroi, celles-ci recevront<br \/>\nune r\u00e9mun\u00e9ration. La Corse profiterait quant \u00e0 elle <strong>d&rsquo;un<br \/>\nafflux r\u00e9gulier de visiteurs<\/strong> durant toute l&rsquo;ann\u00e9e, m\u00eame en<br \/>\nautomne et en hiver. Le but est de ne plus avoir de mois \u00ab\u00a0creux\u00a0\u00bb.<br \/>\nL&rsquo;investissement annuel est estim\u00e9 \u00e0 2,5 millions d&rsquo;euros. Une<br \/>\nsomme importante, mais qu&rsquo;il faut comparer aux retomb\u00e9es<br \/>\n\u00e9conomiques qui pourraient <strong>d\u00e9passer les 100 millions<br \/>\nd&rsquo;euros<\/strong> selon les projections du gouvernement<br \/>\nr\u00e9gional.<\/p>\n<p>La Corse peut payer une partie de votre billet d&rsquo;avion<\/p>\n<p><strong>Si vous r\u00eaviez d&rsquo;aller en Corse<\/strong>, ce dispositif<br \/>\nest fait pour vous. Les vols vers l&rsquo;\u00eele de Beaut\u00e9 ne vous co\u00fbteront<br \/>\nqu&rsquo;entre 38 et 75 euros, l\u00e0 o\u00f9 un aller-retour classique peut<br \/>\nhabituellement d\u00e9passer les 200 euros. Les habitants ne sont pas<br \/>\ntous ravis de cette nouvelle, car pendant que <a href=\"https:\/\/www.maison-travaux.fr\/sequiper\/conseils-pratiques\/vacances-comportement-touristes-francais-etats-unis-passe-manque-respect-595835.html\" target=\"_blank\" rel=\"noopener\"><br \/>\nl&rsquo;arriv\u00e9e de touristes<\/a> est subventionn\u00e9e, <strong>le tarif pour<br \/>\nles r\u00e9sidents a explos\u00e9<\/strong>. Une pilule difficile \u00e0 avaler<br \/>\npour les Corses.<\/p>\n<p>\u00ab\u00a0Les voyageurs corses ont du mal \u00e0 comprendre<br \/>\n<strong>pourquoi les touristes paieraient moins cher<br \/>\nqu&rsquo;eux<\/strong>\u00ab\u00a0, confie Nicolas, agent de voyages. D&rsquo;autant<br \/>\nque cette initiative voit le jour dans un contexte difficile,<br \/>\n<a href=\"https:\/\/www.maison-travaux.fr\/renover\/petits-travaux\/bricolage\/secheresse-fissures-maison-quil-faut-faire-289586.html\" target=\"_blank\" rel=\"noopener\"><br \/>\nentre la s\u00e9cheresse<\/a>, les restrictions d&rsquo;eau et des<br \/>\ninfrastructures vieillissantes. Certaines zones, comme<br \/>\nPorto-Vecchio ou Bonifacio, <strong>sont m\u00eame oblig\u00e9es de rationner<br \/>\nl&rsquo;eau<\/strong>.<\/p>\n<p><img decoding=\"async\" src=\"data:image\/svg+xml,%3Csvg%20xmlns=\" http:=\"\" width=\"100%\" height=\"auto\" data-lazy-src=\"https:\/\/www.europesays.com\/fr\/wp-content\/uploads\/2025\/10\/1760778673_165_maxresdefault.jpg\"\/><br \/>\n<video width=\"100%\" height=\"360px\" controls=\"\" id=\"player_4491ae1a390edee514108e6abdd188bc\" preload=\"auto\" class=\"video-js vjs-default-skin vjs-big-play-centered\" style=\"display:none; text-align: center; margin-bottom: 4px;\" poster=\"https:\/\/www.europesays.com\/fr\/wp-content\/uploads\/2025\/10\/1760778673_165_maxresdefault.jpg\"\/><\/p>\n<p>Un tourisme d&rsquo;hiver sur l&rsquo;\u00eele de Beaut\u00e9<br \/>\n?<\/p>\n<p>Les professionnels du tourisme <strong>attendaient cette mesure<br \/>\navec impatience<\/strong>. \u00ab\u00a0Nous sommes \u00e0 ce jour la derni\u00e8re<br \/>\n\u00eele <a href=\"https:\/\/www.maison-travaux.fr\/actualites\/pollution-odeurs-insoutenables-trois-plages-mediterraneennes-interdites-touristes-proteger-sante-595966.html\" target=\"_blank\" rel=\"noopener\"><br \/>\nde M\u00e9diterran\u00e9e<\/a> \u00e0 ne pas avoir d\u00e9velopp\u00e9 le tourisme d&rsquo;hiver.<br \/>\nIl faut s&rsquo;y atteler en g\u00e9n\u00e9rant de nouveaux flux afin de<br \/>\n<strong>p\u00e9renniser nos activit\u00e9s et les emplois<\/strong>\u00ab\u00a0,<br \/>\nexplique Beno\u00eet Chaudron, vice-pr\u00e9sident de l&rsquo;Union des m\u00e9tiers et<br \/>\ndes industries de l&rsquo;h\u00f4tellerie de Corse.<\/p>\n<p>Des questions juridiques pourraient cependant faire obstacle<br \/>\n<strong>\u00e0 la bonne r\u00e9ussite du dispositif<\/strong>. En effet,<br \/>\nl&rsquo;Union europ\u00e9enne pourrait y voir une atteinte \u00e0 la libre<br \/>\nconcurrence et mettre en faute les subventions accord\u00e9es aux<br \/>\ncompagnies a\u00e9riennes. Les Corses, de leur c\u00f4t\u00e9, observent ce pari<br \/>\navec prudence et esp\u00e8rent qu&rsquo;ils r\u00e9ussiront \u00e0 attirer des touristes<br \/>\ntoute l&rsquo;ann\u00e9e, sans pour autant sacrifier la beaut\u00e9 et<br \/>\n<strong><a href=\"https:\/\/www.maison-travaux.fr\/sequiper\/conseils-pratiques\/foret-privee-champignons-paniers-loi-cloture-panneau-598396.html\" target=\"_blank\" rel=\"noopener\"><br \/>\nla nature pr\u00e9serv\u00e9e<\/a> de leur \u00eele<\/strong>.<\/p>\n","protected":false},"excerpt":{"rendered":"La Corse lance une initiative totalement in\u00e9dite pour attirer les voyageurs, mais cette id\u00e9e ne pla\u00eet pas \u00e0&hellip;\n","protected":false},"author":2,"featured_media":472107,"comment_status":"","ping_status":"","sticky":false,"template":"","format":"standard","meta":{"footnotes":""},"categories":[6],"tags":[35,33,34,1011,27,729],"class_list":{"0":"post-472106","1":"post","2":"type-post","3":"status-publish","4":"format-standard","5":"has-post-thumbnail","7":"category-economie","8":"tag-business","9":"tag-economie","10":"tag-economy","11":"tag-fr","12":"tag-france","13":"tag-yout_video"},"share_on_mastodon":{"url":"https:\/\/pubeurope.com\/@fr\/115394398333757236","error":""},"_links":{"self":[{"href":"https:\/\/www.europesays.com\/fr\/wp-json\/wp\/v2\/posts\/472106","targetHints":{"allow":["GET"]}}],"collection":[{"href":"https:\/\/www.europesays.com\/fr\/wp-json\/wp\/v2\/posts"}],"about":[{"href":"https:\/\/www.europesays.com\/fr\/wp-json\/wp\/v2\/types\/post"}],"author":[{"embeddable":true,"href":"https:\/\/www.europesays.com\/fr\/wp-json\/wp\/v2\/users\/2"}],"replies":[{"embeddable":true,"href":"https:\/\/www.europesays.com\/fr\/wp-json\/wp\/v2\/comments?post=472106"}],"version-history":[{"count":0,"href":"https:\/\/www.europesays.com\/fr\/wp-json\/wp\/v2\/posts\/472106\/revisions"}],"wp:featuredmedia":[{"embeddable":true,"href":"https:\/\/www.europesays.com\/fr\/wp-json\/wp\/v2\/media\/472107"}],"wp:attachment":[{"href":"https:\/\/www.europesays.com\/fr\/wp-json\/wp\/v2\/media?parent=472106"}],"wp:term":[{"taxonomy":"category","embeddable":true,"href":"https:\/\/www.europesays.com\/fr\/wp-json\/wp\/v2\/categories?post=472106"},{"taxonomy":"post_tag","embeddable":true,"href":"https:\/\/www.europesays.com\/fr\/wp-json\/wp\/v2\/tags?post=472106"}],"curies":[{"name":"wp","href":"https:\/\/api.w.org\/{rel}","templated":true}]}}