{"id":472108,"date":"2025-10-18T09:12:13","date_gmt":"2025-10-18T09:12:13","guid":{"rendered":"https:\/\/www.europesays.com\/fr\/472108\/"},"modified":"2025-10-18T09:12:13","modified_gmt":"2025-10-18T09:12:13","slug":"leon-xiv-embarque-sur-le-trois-mats-francais-bel-espoir-de-lodyssee-mediterraneenne-pour-la-paix","status":"publish","type":"post","link":"https:\/\/www.europesays.com\/fr\/472108\/","title":{"rendered":"L\u00e9on XIV embarque sur le trois-m\u00e2ts fran\u00e7ais \u00abBel espoir\u00bb de l\u2019odyss\u00e9e M\u00e9diterran\u00e9enne pour la paix"},"content":{"rendered":"<p>\n    <strong>R\u00c9CIT <\/strong>&#8211; Le pape a suivi de pr\u00e8s le p\u00e9riple de huit mois men\u00e9 en M\u00e9diterran\u00e9e par des \u00e9quipages successifs de jeunes de toutes religions et nationalit\u00e9s, au point de venir les saluer vendredi apr\u00e8s-midi, au port d\u2019Ostie pr\u00e8s de Rome, le temps d\u2019une rencontre.<\/p>\n<p class=\"fig-paragraph\">Image singuli\u00e8re que de voir le pape\u00a0<a href=\"http:\/\/www.lefigaro.fr\/actualite-france\/nous-ne-devons-pas-baisser-la-garde-face-a-la-pauvrete-avec-dilexi-te-le-pape-leon-xiv-reprend-un-theme-cher-a-son-predecesseur-20251009\" data-fig-type=\"Article\" data-gtm-custom-categorie=\"navigation\" data-gtm-custom-action=\"crossclick\" data-gtm-custom-label=\"Contextuel\" data-gtm-event=\"customEventSPE\" data-fig-domain=\"LEFIGARO\" rel=\"nofollow noopener\" target=\"_blank\">L\u00e9on XIV<\/a>\u00a0venir \u00e0 pied sur une jet\u00e9e du port d\u2019Ostie, pr\u00e8s de Rome, vendredi en fin d\u2019apr\u00e8s midi, pour saluer l\u2019\u00e9quipage du trois-m\u00e2ts, \u00abMed 25 Bel Espoir\u00bb, en escale, apr\u00e8s une odyss\u00e9e de huit mois en M\u00e9diterran\u00e9e o\u00f9 il a \u00e9t\u00e9 accueilli par le cardinal\u00a0<a href=\"http:\/\/www.lefigaro.fr\/actualite-france\/le-cardinal-jean-marc-aveline-elu-president-des-eveques-de-france-20250402\" data-fig-type=\"Article\" data-gtm-custom-categorie=\"navigation\" data-gtm-custom-action=\"crossclick\" data-gtm-custom-label=\"Contextuel\" data-gtm-event=\"customEventSPE\" data-fig-domain=\"LEFIGARO\" rel=\"nofollow noopener\" target=\"_blank\">Jean-Marc Aveline<\/a>, archev\u00eaque de Marseille \u00e0 l\u2019origine de cette initiative.<\/p>\n<p class=\"fig-paragraph\">Si le pape am\u00e9ricain a pris le temps de venir rencontrer les jeunes matelots issus de multiples nationalit\u00e9s et religions, c\u2019est parce qu\u2019il entend, dans le sillage de son pr\u00e9d\u00e9cesseur Fran\u00e7ois, cr\u00e9er tous les liens possibles entre les pays riverains de cette mer, \u00e0 travers des projets innovants comme cette croisi\u00e8re de la paix qu\u2019ils ont encourag\u00e9e. L\u2019id\u00e9e avait germ\u00e9 lors de la visite &#8211; \u00e0 dimension m\u00e9diterran\u00e9enne &#8211; de\u00a0<a href=\"http:\/\/www.lefigaro.fr\/actualite-france\/dossier\/visite-du-pape-francois-a-marseille-programme-reportages-et-analyses\" data-fig-type=\"Topic\" data-gtm-custom-categorie=\"navigation\" data-gtm-custom-action=\"crossclick\" data-gtm-custom-label=\"Contextuel\" data-gtm-event=\"customEventSPE\" data-fig-domain=\"LEFIGARO\" rel=\"nofollow noopener\" target=\"_blank\">Fran\u00e7ois \u00e0 Marseille<\/a>, les 22 et 23 septembre 2023.<\/p>\n<p>30 ports visit\u00e9s<\/p>\n<p class=\"fig-paragraph\">Pas moins de 200 jeunes, se sont donc relay\u00e9s par groupe de 25 sur le bateau, pour sillonner 30 ports de la grande bleue en donnant l\u2019exemple du dialogue plut\u00f4t que\u2026<\/p>\n<p class=\"fig-premium-paywall__infos\">\n        Cet article est r\u00e9serv\u00e9 aux abonn\u00e9s.        Il vous reste 80% \u00e0 d\u00e9couvrir.\n    <\/p>\n<p>                <img  data- alt=\"Le Figaro\" class=\"fig-img--complete fig-img\"\/><\/p>\n<p class=\"fig-premium-paywall__title\">Vous avez envie de lire la suite ?<\/p>\n<p class=\"fig-premium-paywall__subtitle\">D\u00e9bloquez tous les articles imm\u00e9diatement.<\/p>\n<p class=\"fig-premium-paywall__connect\">\n                D\u00e9j\u00e0 abonn\u00e9\u00a0?                <a class=\"fig-premium-paywall__connect-link\" href=\"https:\/\/connect.lefigaro.fr\/login?client=horizon_web&amp;type=main&amp;redirect_uri=https%3A%2F%2Fwww.lefigaro.fr%2Factualite-france%2Fleon-xvi-embarque-sur-le-trois-mats-francais-bel-espoir-de-l-odyssee-mediterraneenne-pour-la-paix-20251018\" data-js-gtm=\"{&quot;customCategorie&quot;: &quot;conversion&quot;, &quot;customAction&quot;: &quot;before_Landing_Connexion_paywall_auto&quot;, &quot;customLabel&quot;: &quot;bGVmaWdhcm8uZnJfXzFmMGFiN2VjLWYwMzMtNmJkMC1iYzk5LTFiMDVjMjU4MTk0YV9fQXJ0aWNsZQ==_L\u00e9on XIV embarque sur le trois-m\u00e2ts fran\u00e7ais \u00abBel espoir\u00bb de l\u2019odyss\u00e9e M\u00e9diterran\u00e9enne pour la paix_161&quot;, &quot;customIDSPE&quot;: &quot;bGVmaWdhcm8uZnJfXzFmMGFiN2VjLWYwMzMtNmJkMC1iYzk5LTFiMDVjMjU4MTk0YV9fQXJ0aWNsZQ==&quot;, &quot;event&quot;: &quot;customEventSPE&quot;}\" rel=\"nofollow noopener\" target=\"_blank\"><br \/>\n                    Connectez-vous<br \/>\n                <\/a>\n            <\/p>\n","protected":false},"excerpt":{"rendered":"R\u00c9CIT &#8211; Le pape a suivi de pr\u00e8s le p\u00e9riple de huit mois men\u00e9 en M\u00e9diterran\u00e9e par des&hellip;\n","protected":false},"author":2,"featured_media":472109,"comment_status":"","ping_status":"","sticky":false,"template":"","format":"standard","meta":{"footnotes":""},"categories":[5],"tags":[11,1011,27,14,19741,884,12,12672,28],"class_list":{"0":"post-472108","1":"post","2":"type-post","3":"status-publish","4":"format-standard","5":"has-post-thumbnail","7":"category-international","8":"tag-actualites","9":"tag-fr","10":"tag-france","11":"tag-international","12":"tag-leon-xiv","13":"tag-marseille","14":"tag-news","15":"tag-pape","16":"tag-world"},"share_on_mastodon":{"url":"","error":""},"_links":{"self":[{"href":"https:\/\/www.europesays.com\/fr\/wp-json\/wp\/v2\/posts\/472108","targetHints":{"allow":["GET"]}}],"collection":[{"href":"https:\/\/www.europesays.com\/fr\/wp-json\/wp\/v2\/posts"}],"about":[{"href":"https:\/\/www.europesays.com\/fr\/wp-json\/wp\/v2\/types\/post"}],"author":[{"embeddable":true,"href":"https:\/\/www.europesays.com\/fr\/wp-json\/wp\/v2\/users\/2"}],"replies":[{"embeddable":true,"href":"https:\/\/www.europesays.com\/fr\/wp-json\/wp\/v2\/comments?post=472108"}],"version-history":[{"count":0,"href":"https:\/\/www.europesays.com\/fr\/wp-json\/wp\/v2\/posts\/472108\/revisions"}],"wp:featuredmedia":[{"embeddable":true,"href":"https:\/\/www.europesays.com\/fr\/wp-json\/wp\/v2\/media\/472109"}],"wp:attachment":[{"href":"https:\/\/www.europesays.com\/fr\/wp-json\/wp\/v2\/media?parent=472108"}],"wp:term":[{"taxonomy":"category","embeddable":true,"href":"https:\/\/www.europesays.com\/fr\/wp-json\/wp\/v2\/categories?post=472108"},{"taxonomy":"post_tag","embeddable":true,"href":"https:\/\/www.europesays.com\/fr\/wp-json\/wp\/v2\/tags?post=472108"}],"curies":[{"name":"wp","href":"https:\/\/api.w.org\/{rel}","templated":true}]}}