{"id":472110,"date":"2025-10-18T09:13:12","date_gmt":"2025-10-18T09:13:12","guid":{"rendered":"https:\/\/www.europesays.com\/fr\/472110\/"},"modified":"2025-10-18T09:13:12","modified_gmt":"2025-10-18T09:13:12","slug":"a-clisson-tout-un-quartier-engage-pour-rouvrir-la-chapelle-des-templiers-datant-du-xiie-siecle","status":"publish","type":"post","link":"https:\/\/www.europesays.com\/fr\/472110\/","title":{"rendered":"\u00e0 Clisson, tout un quartier engag\u00e9 pour rouvrir la chapelle des Templiers, datant du XIIe si\u00e8cle"},"content":{"rendered":"<p>\n    Les Clissonnais ont vot\u00e9 pour sa sauvegarde dans le cadre du budget participatif de la Ville, d\u00e9bloquant une subvention de 50.000 euros. Le point de d\u00e9part d\u2019une restauration plus large, esp\u00e8rent les habitants.<\/p>\n<p class=\"fig-paragraph\">Connue pour accueillir le l\u00e9gendaire festival de m\u00e9tal qu\u2019est\u00a0<a href=\"http:\/\/www.lefigaro.fr\/musique\/hellfest-2025-une-edition-reussie-sous-une-chaleur-record-20250626\" target=\"_blank\" data-fig-type=\"Article\" rel=\"noopener nofollow\" data-gtm-custom-categorie=\"navigation\" data-gtm-custom-action=\"crossclick\" data-gtm-custom-label=\"Contextuel\" data-gtm-event=\"customEventSPE\" data-fig-domain=\"LEFIGARO\">le Hellfest<\/a>, la jolie cit\u00e9 de\u00a0<a href=\"https:\/\/www.lefigaro.fr\/voyages\/clisson-toscane-sur-loire-20200728\" target=\"_blank\" data-fig-type=\"Article\" rel=\"noopener nofollow\" data-gtm-custom-categorie=\"navigation\" data-gtm-custom-action=\"crossclick\" data-gtm-custom-label=\"Contextuel\" data-gtm-event=\"customEventSPE\" data-fig-domain=\"LEFIGARO\">Clisson<\/a>\u00a0(Loire-Atlantique) dispose d\u2019autres d\u2019atouts. Avec son charme \u00e0 l\u2019italienne, la commune de 7500 habitants est r\u00e9put\u00e9e dans le\u00a0<a href=\"http:\/\/www.lefigaro.fr\/nantes\/dans-le-vignoble-nantais-comment-le-muscadet-veut-monter-en-gamme-20250715\" target=\"_blank\" data-fig-type=\"NewsFlash\" rel=\"noopener nofollow\" data-gtm-custom-categorie=\"navigation\" data-gtm-custom-action=\"crossclick\" data-gtm-custom-label=\"Contextuel\" data-gtm-event=\"customEventSPE\" data-fig-domain=\"LEFIGARO\">vignoble de Nantes<\/a>\u00a0pour son\u00a0<a href=\"http:\/\/www.lefigaro.fr\/nantes\/de-la-mobilisation-du-village-a-la-visite-de-la-ministre-comment-l-eglise-de-maumusson-a-ete-sauvee-20250329\" target=\"_blank\" data-fig-type=\"NewsFlash\" rel=\"noopener nofollow\" data-gtm-custom-categorie=\"navigation\" data-gtm-custom-action=\"crossclick\" data-gtm-custom-label=\"Contextuel\" data-gtm-event=\"customEventSPE\" data-fig-domain=\"LEFIGARO\">patrimoine<\/a>. 14 de ses monuments sont class\u00e9s, dont la chapelle des Templiers. Depuis quelques mois, un nouvel avenir se dessine pour cette \u00e9glise de style roman de la fin du XIIe si\u00e8cle ferm\u00e9e depuis une quinzaine d\u2019ann\u00e9es.<\/p>\n<p class=\"fig-paragraph\">Dans le cadre du\u00a0<a href=\"https:\/\/www.lefigaro.fr\/politique\/quelles-sont-les-400-communes-disposant-d-un-budget-participatif-20221101\" target=\"_blank\" data-fig-type=\"Article\" rel=\"noopener nofollow\" data-gtm-custom-categorie=\"navigation\" data-gtm-custom-action=\"crossclick\" data-gtm-custom-label=\"Contextuel\" data-gtm-event=\"customEventSPE\" data-fig-domain=\"LEFIGARO\">budget participatif<\/a>\u00a0lanc\u00e9 par la Ville, les Clissonnais ont \u00e9t\u00e9 invit\u00e9s \u00e0 voter pour un projet visant \u00e0 am\u00e9liorer le cadre de vie de la commune. Le dossier de Fanny Nicou, \u00e9labor\u00e9 autour du lieu de culte d\u00e9sacralis\u00e9, a \u00e9t\u00e9 retenu, permettant ainsi de d\u00e9bloquer une subvention de 50.000 euros. \u00abJ\u2019en avais envie pour le quartier, et pour toute l\u2019implication que chacun a mis dedans. \u00c7a a \u00e9t\u00e9 une agr\u00e9able surprise\u00bb, se r\u00e9jouit la riveraine, qui habite \u00e0 200 m\u00e8tres.<\/p>\n<p>                                    <a class=\"fig-a11y-skip a11y-hidden\" href=\"#fig-a11y-skip-main-inarticle\"><br \/>\n        Passer la publicit\u00e9<br \/>\n    <\/a><\/p>\n<p>Lieu de rassemblement<\/p>\n<p class=\"fig-paragraph\">L\u2019id\u00e9e de cette remise en \u00e9tat est n\u00e9e collectivement et progressivement. Chaque ann\u00e9e, les voisins ont l\u2019habitude de se rassembler autour de cette b\u00e2tisse, propri\u00e9t\u00e9 de la mairie, pour partager un moment convivial. \u00abOn avait des regrets sur cette chapelle qui, \u00e0 notre go\u00fbt, restait dans l\u2019oubli. Elle n\u2019\u00e9tait pas forc\u00e9ment entretenue comme elle aurait d\u00fb. La v\u00e9g\u00e9tation s\u2019installait. Cela a engag\u00e9 une r\u00e9flexion commune\u00bb. D\u2019autant qu\u2019\u00ab\u00e0 l\u2019int\u00e9rieur, elle est magnifique. Je ne m\u2019attendais pas \u00e0 \u00e7a\u00bb, se souvient Fanny Nicou, qui a pu visiter l\u2019int\u00e9rieur lors des\u00a0<a href=\"http:\/\/www.lefigaro.fr\/culture\/patrimoine\/journees-du-patrimoine-2025-decouvrez-en-cartes-les-tresors-francais-et-europeens-20250920\" target=\"_blank\" data-fig-type=\"NewsFlash\" rel=\"noopener nofollow\" data-gtm-custom-categorie=\"navigation\" data-gtm-custom-action=\"crossclick\" data-gtm-custom-label=\"Contextuel\" data-gtm-event=\"customEventSPE\" data-fig-domain=\"LEFIGARO\">Journ\u00e9es du patrimoine<\/a>. \u00c0 terme, l\u2019id\u00e9e est de la remettre en \u00e9tat pour accueillir ponctuellement des \u00e9v\u00e9nements culturels, comme des concerts ou de conf\u00e9rences.<\/p>\n<p class=\"fig-paragraph\">\u00abDans un contexte o\u00f9 les finances publiques sont de plus en plus restreintes, il nous faut composer avec les moyens du bord\u00bb, observe Laurence Luneau, maire de Clisson, \u00e0 propos de cet \u00e9difice un peu excentr\u00e9 du centre-ville. \u00abLe fait d\u2019avoir ce budget participatif allou\u00e9 \u00e0 une partie de la s\u00e9curisation et \u00e0 des travaux de premi\u00e8re conservation va aider \u00e0 intervenir plus rapidement\u00bb, se r\u00e9jouit l\u2019\u00e9dile, ravie de ce chantier. \u00abLa chapelle m\u00e9rite qu\u2019on la mette davantage en exergue sur le plan patrimonial\u00bb.<\/p>\n<p class=\"fig-paragraph\">Les 50.000 euros vont servir au jointement de certaines pierres du devant qui commencent \u00e0 tomber, et \u00e0 mettre hors d\u2019eau la t\u00eate des murs. Un acc\u00e8s pour les personnes handicap\u00e9es va \u00eatre fait, ainsi qu\u2019un diagnostic de la toiture et une ouverture lat\u00e9rale. \u00abCe n\u2019est pas une enveloppe tr\u00e8s \u00e9lev\u00e9e. Quand on parle des b\u00e2timents historiques, on se doit de les restaurer dans les pratiques et le respect du patrimoine\u00bb, conna\u00eet trop bien l\u2019\u00e9lue. \u00abOn n\u2019aura pas fait toute la restauration, mais ces premiers travaux vont permettre de s\u00e9curiser et d\u2019en faciliter l\u2019acc\u00e8s\u00bb.<\/p>\n<p>Restaurer&#8230; avec des subventions en baisse<\/p>\n<p class=\"fig-paragraph\">Pour le reste, l\u2019avenir le dira. Un diagnostic fait en amont \u00e9voque un co\u00fbt de remise en \u00e9tat de 400.000 euros. Or, les subventions ne cessent de diminuer en ce qui concerne la pr\u00e9servation des monuments patrimoniaux. \u00abAvant, le d\u00e9partement subventionnait \u00e0 hauteur de 25%, aujourd\u2019hui c\u2019est 0. L\u2019\u00c9tat est pass\u00e9 de 25% \u00e0 15%. La R\u00e9gion de 20\/25% \u00e0 15%. Et on annonce encore des restrictions sur 2026, d\u00e9crit Laurence Luneau. Pour une ville de 7500 habitants, entretenir son patrimoine, c\u2019est tr\u00e8s on\u00e9reux et \u00e7a vient impacter d\u2019autres projets\u00bb. La commune r\u00e9fl\u00e9chit \u00e0 mettre en place un plan pluriannuel d\u2019investissement du patrimoine pour les ann\u00e9es \u00e0 venir.<\/p>\n<p class=\"fig-paragraph\">Toutefois, l\u2019engouement des habitants lance une dynamique. \u00abOn sent que la mairie a envie d\u2019y participer\u00bb, positive Fanny Nicou. Une nouvelle association, intitul\u00e9e La chapelle des Templiers au c\u0153ur de notre quartier, a d\u2019ailleurs \u00e9t\u00e9 lanc\u00e9e pour coordonner les actions. \u00abOn est en train de se structurer. Il faut qu\u2019on passe \u00e0 la vitesse sup\u00e9rieure\u00bb, explique le nouveau pr\u00e9sident Dominique Proust, songeant \u00e0 solliciter des organismes pouvant les aider financi\u00e8rement. Celui-ci est \u00e9galement membre de l\u2019association Clisson Histoire et Patrimoine qui a accompagn\u00e9 et renseign\u00e9 les habitants sur le pass\u00e9 la chapelle, ultime \u00e9difice d\u2019une des nombreuses commanderies des Templiers.<\/p>\n<p>                                    <a class=\"fig-a11y-skip a11y-hidden\" href=\"#fig-a11y-skip-main-inarticle_mtf\"><br \/>\n        Passer la publicit\u00e9<br \/>\n    <\/a><\/p>\n<p class=\"fig-paragraph\">En 1794, \u00abla commanderie est enti\u00e8rement d\u00e9truite par les colonnes infernales des arm\u00e9es r\u00e9publicaines, hormis le sanctuaire des Templiers\u00bb, indique dans une fiche historique la structure associative. Aussi, \u00abau d\u00e9but du XXe si\u00e8cle, cette \u00e9glise fait encore l\u2019objet de p\u00e8lerinages\u00bb. Class\u00e9e Monument historique en 1975, elle a \u00e9t\u00e9 r\u00e9nov\u00e9e par les compagnons du Devoir entre 1970 et 1980. La derni\u00e8re \u00e0 avoir investi le lieu est l\u2019association Les Arts Graphiques en Vall\u00e9e de Clisson. En 2015, cette structure qui propose des visites autour de la fabrication du papier a d\u00e9m\u00e9nag\u00e9 \u00e0 Gorges pour investir un moulin plus spacieux qu\u2019elle a r\u00e9habilit\u00e9.<\/p>\n<p>    Photo prise lors d\u2019un concert des ClisSonnantes dans la chapelle.<br \/>\n                Ville de Clisson<\/p>\n<p>    La chapelle des Templiers vue de l\u2019int\u00e9rieur, en septembre 2025.<br \/>\n                Fanny Nicou<\/p>\n","protected":false},"excerpt":{"rendered":"Les Clissonnais ont vot\u00e9 pour sa sauvegarde dans le cadre du budget participatif de la Ville, d\u00e9bloquant une&hellip;\n","protected":false},"author":2,"featured_media":472111,"comment_status":"","ping_status":"","sticky":false,"template":"","format":"standard","meta":{"footnotes":""},"categories":[4],"tags":[11,1011,27,12,2551,25,2021],"class_list":{"0":"post-472110","1":"post","2":"type-post","3":"status-publish","4":"format-standard","5":"has-post-thumbnail","7":"category-france","8":"tag-actualites","9":"tag-fr","10":"tag-france","11":"tag-news","12":"tag-patrimoine","13":"tag-republique-francaise","14":"tag-restauration"},"share_on_mastodon":{"url":"https:\/\/pubeurope.com\/@fr\/115394406357946997","error":""},"_links":{"self":[{"href":"https:\/\/www.europesays.com\/fr\/wp-json\/wp\/v2\/posts\/472110","targetHints":{"allow":["GET"]}}],"collection":[{"href":"https:\/\/www.europesays.com\/fr\/wp-json\/wp\/v2\/posts"}],"about":[{"href":"https:\/\/www.europesays.com\/fr\/wp-json\/wp\/v2\/types\/post"}],"author":[{"embeddable":true,"href":"https:\/\/www.europesays.com\/fr\/wp-json\/wp\/v2\/users\/2"}],"replies":[{"embeddable":true,"href":"https:\/\/www.europesays.com\/fr\/wp-json\/wp\/v2\/comments?post=472110"}],"version-history":[{"count":0,"href":"https:\/\/www.europesays.com\/fr\/wp-json\/wp\/v2\/posts\/472110\/revisions"}],"wp:featuredmedia":[{"embeddable":true,"href":"https:\/\/www.europesays.com\/fr\/wp-json\/wp\/v2\/media\/472111"}],"wp:attachment":[{"href":"https:\/\/www.europesays.com\/fr\/wp-json\/wp\/v2\/media?parent=472110"}],"wp:term":[{"taxonomy":"category","embeddable":true,"href":"https:\/\/www.europesays.com\/fr\/wp-json\/wp\/v2\/categories?post=472110"},{"taxonomy":"post_tag","embeddable":true,"href":"https:\/\/www.europesays.com\/fr\/wp-json\/wp\/v2\/tags?post=472110"}],"curies":[{"name":"wp","href":"https:\/\/api.w.org\/{rel}","templated":true}]}}