{"id":472114,"date":"2025-10-18T09:15:34","date_gmt":"2025-10-18T09:15:34","guid":{"rendered":"https:\/\/www.europesays.com\/fr\/472114\/"},"modified":"2025-10-18T09:15:34","modified_gmt":"2025-10-18T09:15:34","slug":"saint-etienne-un-mcdo-bientot-a-la-place-du-glasgow-il-ny-a-absolument-rien-de-signe","status":"publish","type":"post","link":"https:\/\/www.europesays.com\/fr\/472114\/","title":{"rendered":"Saint-\u00c9tienne. Un McDo bient\u00f4t \u00e0 la place du Glasgow\u00a0? \u00ab\u00a0Il n\u2019y a absolument rien de sign\u00e9\u00a0\u00bb"},"content":{"rendered":"<p>La rumeur est tenace. Voici des mois que le bruit court que le c\u00e9l\u00e8bre restaurant Le Glasgow, place de l\u2019H\u00f4tel-de-Ville, serait repris par le g\u00e9ant am\u00e9ricain du fast-food, McDonald\u2019s.<\/p>\n<p>De la malbouffe \u00e0 la place d\u2019un restaurant historique et embl\u00e9matique de Saint-\u00c9tienne (il a \u00e9t\u00e9 inaugur\u00e9 le jour m\u00eame de la fameuse finale perdue par les Verts, le 12\u00a0mai 1976)\u00a0? De nombreuses voix s\u2019\u00e9l\u00e8vent d\u00e9j\u00e0 pour crier au scandale.<\/p>\n<p>  McDo n\u2019est plus pr\u00e9sent en centre-ville depuis 2003<\/p>\n<p>Ces derniers jours, la rumeur n\u2019a fait que s\u2019amplifier, de nombreux St\u00e9phanois assurant tenir l\u2019information \u00ab\u00a0de source s\u00fbre\u00a0\u00bb. Pourtant, de notre c\u00f4t\u00e9, nous avons contact\u00e9 \u00e0 la fois le propri\u00e9taire du fonds de commerce et le propri\u00e9taire des murs, qui nous ont tous les deux fermement assur\u00e9 qu\u2019un McDo \u00e0 la place du Glasgow, ce n\u2019est, \u00e0 l\u2019heure actuelle, qu\u2019une rumeur.<\/p>\n<p>Une rumeur qui n\u2019est cependant pas tout \u00e0 fait sans fondement. Une chose semble \u00e0 peu pr\u00e8s certaine, en effet, c\u2019est que l\u2019enseigne am\u00e9ricaine cherche \u00e0 s\u2019implanter dans le centre-ville st\u00e9phanois. Ou plut\u00f4t \u00e0 s\u2019y r\u00e9implanter.<\/p>\n<p>McDonald\u2019s compte six restaurants \u00e0 Saint-\u00c9tienne ou dans ses proches alentours (\u00e0 Centre Deux, Ch\u00e2teaucreux, Steel, Saint-Priest-en-Jarez, Saint-Genest-Lerpt et La Ricamarie), mais aucun en centre-ville depuis que l\u2019enseigne avait ferm\u00e9 son restaurant de la place du Peuple en 2003.<\/p>\n<p>  \u00c0 la recherche d\u2019un local entre Jean-Jaur\u00e8s et Dorian<\/p>\n<p>Or, comme on le sait depuis plusieurs mois, cet ancien emplacement de McDonald\u2019s (qui \u00e9tait devenu Zara hommes) va \u00eatre repris par Burger King, qui ouvrira ses portes d\u2019ici \u00e0 fin novembre ou d\u00e9but d\u00e9cembre. Et c\u2019est pr\u00e9cis\u00e9ment cette arriv\u00e9e de Burger King qui aurait motiv\u00e9 McDonald\u2019s \u00e0 r\u00e9investir le centre-ville st\u00e9phanois, histoire de ne pas c\u00e9der trop de terrain \u00e0 son principal concurrent.<\/p>\n<p>McDonald\u2019s serait \u00e0 la recherche de la perle rare (il lui faudrait au minimum 300 m\u00b2), dans un p\u00e9rim\u00e8tre compris entre la place Jean-Jaur\u00e8s et la place Dorian.<\/p>\n<p>Peggy Th\u00e9venin, la patronne de la cr\u00eaperie Jeannette, place Jean-Jaur\u00e8s, nous confirme ainsi avoir \u00e9t\u00e9 approch\u00e9e par un franchis\u00e9 de l\u2019enseigne voici environ un an. Sans suite. \u00ab\u00a0Je ne sais pas si c\u2019est le prix qui les a rebut\u00e9s, ou si les locaux ne leur convenaient pas. En tout cas, apparemment, c\u2019est compliqu\u00e9 pour eux de trouver le local id\u00e9al.\u00a0\u00bb<\/p>\n<p>  \u00ab\u00a0J\u2019ai \u00e9t\u00e9 approch\u00e9, comme d\u2019autres confr\u00e8res du centre-ville\u00a0\u00bb<\/p>\n<p>Le Glasgow pourrait-il \u00eatre ce local id\u00e9al\u00a0? L\u2019emplacement semble parfait, la taille du restaurant (sur deux \u00e9tages), aussi. En tout cas, Franck Porte, propri\u00e9taire du fonds de commerce, l\u2019affirme haut et fort\u00a0: \u00ab\u00a0Il n\u2019y a absolument rien de sign\u00e9, je n\u2019ai pas vendu \u00e0 McDo. J\u2019ai \u00e9t\u00e9 approch\u00e9, comme d\u2019autres confr\u00e8res du centre-ville, mais il n\u2019y a m\u00eame pas eu le commencement de n\u00e9gociations. Apr\u00e8s, si demain quelqu\u2019un m\u2019en donne un bon prix, je vends\u00a0: la situation du centre-ville est devenue tellement compliqu\u00e9e\u2026\u00a0\u00bb<\/p>\n<p>\u00ab\u00a0Un cabinet immobilier m\u2019a fait savoir que McDo serait int\u00e9ress\u00e9 par Le Glasgow, entre autres, mais en tout cas, l\u2019enseigne ne m\u2019a pas contact\u00e9 directement. Il n\u2019y a donc rien de fait \u00e0 ce jour\u00a0\u00bb, confirme Ren\u00e9 Saada, propri\u00e9taire des murs. Et de souligner\u00a0: \u00ab\u00a0Quand ces grandes enseignes cherchent un emplacement, \u00e7a peut prendre du temps.\u00a0\u00bb<\/p>\n<p>Mais en\u00a0g\u00e9n\u00e9ral, elles parviennent toujours \u00e0 leurs fins.<\/p>\n","protected":false},"excerpt":{"rendered":"La rumeur est tenace. Voici des mois que le bruit court que le c\u00e9l\u00e8bre restaurant Le Glasgow, place&hellip;\n","protected":false},"author":2,"featured_media":472115,"comment_status":"","ping_status":"","sticky":false,"template":"","format":"standard","meta":{"footnotes":""},"categories":[9653],"tags":[1111,11,2430,4406,33,7539,1777,674,1011,27,12,25,4001,7538],"class_list":{"0":"post-472114","1":"post","2":"type-post","3":"status-publish","4":"format-standard","5":"has-post-thumbnail","7":"category-saint-etienne","8":"tag-actu","9":"tag-actualites","10":"tag-auvergne-rhone-alpes","11":"tag-commerce-et-services","12":"tag-economie","13":"tag-edition-loire-sud","14":"tag-eu","15":"tag-europe","16":"tag-fr","17":"tag-france","18":"tag-news","19":"tag-republique-francaise","20":"tag-saint-etienne","21":"tag-saint-etienne-ville"},"share_on_mastodon":{"url":"https:\/\/pubeurope.com\/@fr\/115394414293346782","error":""},"_links":{"self":[{"href":"https:\/\/www.europesays.com\/fr\/wp-json\/wp\/v2\/posts\/472114","targetHints":{"allow":["GET"]}}],"collection":[{"href":"https:\/\/www.europesays.com\/fr\/wp-json\/wp\/v2\/posts"}],"about":[{"href":"https:\/\/www.europesays.com\/fr\/wp-json\/wp\/v2\/types\/post"}],"author":[{"embeddable":true,"href":"https:\/\/www.europesays.com\/fr\/wp-json\/wp\/v2\/users\/2"}],"replies":[{"embeddable":true,"href":"https:\/\/www.europesays.com\/fr\/wp-json\/wp\/v2\/comments?post=472114"}],"version-history":[{"count":0,"href":"https:\/\/www.europesays.com\/fr\/wp-json\/wp\/v2\/posts\/472114\/revisions"}],"wp:featuredmedia":[{"embeddable":true,"href":"https:\/\/www.europesays.com\/fr\/wp-json\/wp\/v2\/media\/472115"}],"wp:attachment":[{"href":"https:\/\/www.europesays.com\/fr\/wp-json\/wp\/v2\/media?parent=472114"}],"wp:term":[{"taxonomy":"category","embeddable":true,"href":"https:\/\/www.europesays.com\/fr\/wp-json\/wp\/v2\/categories?post=472114"},{"taxonomy":"post_tag","embeddable":true,"href":"https:\/\/www.europesays.com\/fr\/wp-json\/wp\/v2\/tags?post=472114"}],"curies":[{"name":"wp","href":"https:\/\/api.w.org\/{rel}","templated":true}]}}