{"id":472118,"date":"2025-10-18T09:17:13","date_gmt":"2025-10-18T09:17:13","guid":{"rendered":"https:\/\/www.europesays.com\/fr\/472118\/"},"modified":"2025-10-18T09:17:13","modified_gmt":"2025-10-18T09:17:13","slug":"on-connait-la-date-de-fermeture-du-magasin-ca-au-centre-commercial-saint-sebastien","status":"publish","type":"post","link":"https:\/\/www.europesays.com\/fr\/472118\/","title":{"rendered":"on conna\u00eet la date de fermeture du magasin C&#038;A au centre commercial Saint S\u00e9bastien"},"content":{"rendered":"<p>            Par<br \/>\n        <strong><br \/>\n            <a href=\"https:\/\/actu.fr\/auteur\/pierre-emile-bouchy-actu-fr\" title=\"Consulter tous les articles de Paul-Emile Bouchy\" target=\"_blank\" rel=\"noopener\">Paul-Emile Bouchy<\/a><br \/>\n        <\/strong><\/p>\n<p>        Publi\u00e9 le<\/p>\n<p>            17 oct. 2025 \u00e0 11h29        <\/p>\n<p>La nouvelle \u00e9tait tomb\u00e9e en mars dernier\u2009: <a href=\"https:\/\/actu.fr\/grand-est\/nancy_54395\/centre-commercial-saint-sebastien-a-nancy-l-emblematique-magasin-c-amp-a-va-fermer_62433804.html\" target=\"_blank\" rel=\"noopener\">l\u2019embl\u00e9matique magasin C&amp;A va fermer au centre commercial Saint S\u00e9bastien<\/a> \u00e0 <a href=\"https:\/\/actu.fr\/grand-est\/nancy_54395\" target=\"_blank\" rel=\"noopener\">Nancy<\/a> (Meurthe-et-Moselle).<\/p>\n<p class=\" wall-content\">Pr\u00e9sente depuis pr\u00e8s de 50\u00a0ans dans le centre-ville nanc\u00e9ien, l\u2019enseigne vit ses derniers instants. <strong>On conna\u00eet d\u00e9sormais sa date de fermeture d\u00e9finitive<\/strong>.<\/p>\n<p>Le magasin C&amp;A de Nancy fermera en novembre<\/p>\n<p class=\" wall-content\">En rentrant dans le magasin, les clients peuvent se rendre compte que la fermeture approche\u2009: les murs sont vides, des rayons sont d\u00e9j\u00e0 rang\u00e9s et certaines palettes sont d\u00e9j\u00e0 emball\u00e9es.<\/p>\n<p class=\" wall-content\">Contact\u00e9 par\u00a0Lorraine Actu, le service client indique que <strong>le magasin C&amp;A fermera le samedi 22\u00a0novembre 2025<\/strong>. Une information confirm\u00e9e sur place aupr\u00e8s d\u2019un vendeur.<\/p>\n<p>    <img   decoding=\"async\" loading=\"lazy\" src=\"https:\/\/www.europesays.com\/fr\/wp-content\/uploads\/2025\/10\/magasin-ca-nancy-960x640.jpg\" alt=\"L'int\u00e9rieur du magasin C&amp;A de Nancy commence d\u00e9j\u00e0 \u00e0 se vider.\" width=\"960\" height=\"640\"\/><br \/>\n    L\u2019int\u00e9rieur du magasin C&amp;A de Nancy commence d\u00e9j\u00e0 \u00e0 se vider. (\u00a9Paul-Emile Bouchy \/ Lorraine Actu)Des promotions jusqu\u2019\u00e0 -70\u2009% jusqu\u2019\u00e0 la fermeture<\/p>\n<p class=\" wall-content\">Jusqu\u2019\u00e0 la fermeture, les clients peuvent profiter <strong>de r\u00e9ductions de 30\u2009% et 50\u2009% sur une s\u00e9lection d\u2019articles<\/strong>. Pour l\u2019achat de deux produits, les promotions peuvent <strong>descendre \u00e0 \u2013 70\u2009% sur le moins cher des deux<\/strong>.<\/p>\n<p class=\" wall-content\">Une partie du stock n\u2019est pas et ne sera pas sold\u00e9e avant la fermeture du 22 novembre. Les produits restants seront envoy\u00e9s vers d\u2019autres magasins C&amp;A.<\/p>\n<p class=\" wall-content\">Personnalisez votre actualit\u00e9 en ajoutant vos villes et m\u00e9dias en favori avec <a href=\"https:\/\/moncompte.actu.fr\" title=\"D\u00e9couvez Mon Actu\" rel=\"nofollow noopener\" data-trk=\"{&quot;cta&quot;:{&quot;action&quot;:&quot;https:\\\/\\\/moncompte.actu.fr&quot;,&quot;category&quot;:&quot;mon compte&quot;,&quot;from&quot;:&quot;article footer&quot;,&quot;name&quot;:&quot;Mon actu&quot;,&quot;type&quot;:&quot;cta&quot;}}\" target=\"_blank\">Mon Actu<\/a>.<\/p>\n","protected":false},"excerpt":{"rendered":"Par Paul-Emile Bouchy Publi\u00e9 le 17 oct. 2025 \u00e0 11h29 La nouvelle \u00e9tait tomb\u00e9e en mars dernier\u2009: l\u2019embl\u00e9matique&hellip;\n","protected":false},"author":2,"featured_media":472119,"comment_status":"","ping_status":"","sticky":false,"template":"","format":"standard","meta":{"footnotes":""},"categories":[9635],"tags":[1111,11,18940,215,33,1777,674,1011,27,775,1702,12,25],"class_list":{"0":"post-472118","1":"post","2":"type-post","3":"status-publish","4":"format-standard","5":"has-post-thumbnail","7":"category-nancy","8":"tag-actu","9":"tag-actualites","10":"tag-centre-commercial-saint-sebastien","11":"tag-commerce","12":"tag-economie","13":"tag-eu","14":"tag-europe","15":"tag-fr","16":"tag-france","17":"tag-grand-est","18":"tag-nancy","19":"tag-news","20":"tag-republique-francaise"},"share_on_mastodon":{"url":"https:\/\/pubeurope.com\/@fr\/115394422513741957","error":""},"_links":{"self":[{"href":"https:\/\/www.europesays.com\/fr\/wp-json\/wp\/v2\/posts\/472118","targetHints":{"allow":["GET"]}}],"collection":[{"href":"https:\/\/www.europesays.com\/fr\/wp-json\/wp\/v2\/posts"}],"about":[{"href":"https:\/\/www.europesays.com\/fr\/wp-json\/wp\/v2\/types\/post"}],"author":[{"embeddable":true,"href":"https:\/\/www.europesays.com\/fr\/wp-json\/wp\/v2\/users\/2"}],"replies":[{"embeddable":true,"href":"https:\/\/www.europesays.com\/fr\/wp-json\/wp\/v2\/comments?post=472118"}],"version-history":[{"count":0,"href":"https:\/\/www.europesays.com\/fr\/wp-json\/wp\/v2\/posts\/472118\/revisions"}],"wp:featuredmedia":[{"embeddable":true,"href":"https:\/\/www.europesays.com\/fr\/wp-json\/wp\/v2\/media\/472119"}],"wp:attachment":[{"href":"https:\/\/www.europesays.com\/fr\/wp-json\/wp\/v2\/media?parent=472118"}],"wp:term":[{"taxonomy":"category","embeddable":true,"href":"https:\/\/www.europesays.com\/fr\/wp-json\/wp\/v2\/categories?post=472118"},{"taxonomy":"post_tag","embeddable":true,"href":"https:\/\/www.europesays.com\/fr\/wp-json\/wp\/v2\/tags?post=472118"}],"curies":[{"name":"wp","href":"https:\/\/api.w.org\/{rel}","templated":true}]}}