{"id":472120,"date":"2025-10-18T09:18:24","date_gmt":"2025-10-18T09:18:24","guid":{"rendered":"https:\/\/www.europesays.com\/fr\/472120\/"},"modified":"2025-10-18T09:18:24","modified_gmt":"2025-10-18T09:18:24","slug":"une-cinquieme-recrue-pour-lasptt-nancy-actualite","status":"publish","type":"post","link":"https:\/\/www.europesays.com\/fr\/472120\/","title":{"rendered":"Une cinqui\u00e8me recrue pour l\u2019ASPTT Nancy &#8211; Actualit\u00e9"},"content":{"rendered":"<p>                                                                    <img decoding=\"async\" src=\"https:\/\/www.europesays.com\/fr\/wp-content\/uploads\/2025\/10\/68f2562399f79.jpeg\" height=\"auto\" loading=\"lazy\"\/><br \/>\n                                                                    Cr\u00e9dit photo Alexis Dancerelle \/ DirectVelo<\/p>\n<p class=\"images-caption\">Cr\u00e9dit photo Alexis Dancerelle \/ DirectVelo<\/p>\n<p class=\"metadata\">\n            Par<br \/>\n        <strong class=\"text-black\">    <a href=\"https:\/\/www.directvelo.com\/auteur\/2\/nicolas-gachet\" class=\"hover-underline\" rel=\"author noopener\" target=\"_blank\">NICOLAS GACHET<\/a><br \/>\n<\/strong><br \/>\n                    <br \/>Le<br \/>\n    18 octobre 2025, 09:26<\/p>\n<p style=\"text-align: justify;\">L\u2019ASPTT Nancy Meurthe-et-Moselle compte une cinqui\u00e8me recrue pour la saison 2026, \u00e0 savoir Thomas Maupassant qui vient de passer plusieurs saisons au VC Dolois.<\/p>\n<p>Le coureur de 21 ans a termin\u00e9 cette ann\u00e9e 3e du Crit\u00e9rium Nocturne de Dole, 5e du Prix de Cuiseaux, 6e du Championnat de Bourgogne-Franche-Comt\u00e9 Espoirs ou encore 19e de la Pelousey Classic.<\/p>\n<p>Retrouvez toutes les mutations du peloton amateur\u00a0<strong><a href=\"https:\/\/www.directvelo.com\/mutations\/2026\" target=\"_blank\" rel=\"noopener\">en cliquant ici<\/a><\/strong>.<\/p>\n<p>            En savoir plus : coureurs et \u00e9quipes associ\u00e9s<\/p>\n<p>                Coureurs<\/p>\n<p>                    <img decoding=\"async\" src=\"https:\/\/www.europesays.com\/fr\/wp-content\/uploads\/2025\/10\/67d3f7fc1b438.jpg\" height=\"auto\" loading=\"lazy\"\/><\/p>\n<p>                            Portrait de Thomas MAUPASSANT<\/p>\n<p>                \u00c9quipes<\/p>\n","protected":false},"excerpt":{"rendered":"Cr\u00e9dit photo Alexis Dancerelle \/ DirectVelo Cr\u00e9dit photo Alexis Dancerelle \/ DirectVelo Par NICOLAS GACHET Le 18 octobre&hellip;\n","protected":false},"author":2,"featured_media":472121,"comment_status":"","ping_status":"","sticky":false,"template":"","format":"standard","meta":{"footnotes":""},"categories":[9635],"tags":[1111,11,834,828,836,829,837,827,83,826,824,823,207,814,817,815,816,822,821,1777,674,832,211,839,1011,27,775,820,818,819,1702,12,835,831,830,833,838,25,212,208,825],"class_list":{"0":"post-472120","1":"post","2":"type-post","3":"status-publish","4":"format-standard","5":"has-post-thumbnail","7":"category-nancy","8":"tag-actu","9":"tag-actualites","10":"tag-attaque","11":"tag-belgique","12":"tag-braquet","13":"tag-bretagne","14":"tag-chute","15":"tag-competition","16":"tag-coupe-de-france","17":"tag-coureur","18":"tag-course-cyclisme","19":"tag-course-cycliste","20":"tag-cyclisme","21":"tag-direct","22":"tag-direct-velo","23":"tag-directvelo","24":"tag-directvelo-com","25":"tag-epreuve","26":"tag-epreuve-cycliste","27":"tag-eu","28":"tag-europe","29":"tag-federation-francaise-de-cyclisme","30":"tag-ffc","31":"tag-flandres","32":"tag-fr","33":"tag-france","34":"tag-grand-est","35":"tag-live","36":"tag-live-course","37":"tag-live-epreuve","38":"tag-nancy","39":"tag-news","40":"tag-peloton","41":"tag-radio-peloton","42":"tag-radio-tour","43":"tag-ravitaillement","44":"tag-relance","45":"tag-republique-francaise","46":"tag-uci","47":"tag-velo","48":"tag-velos"},"share_on_mastodon":{"url":"","error":"Validation failed: Text character limit of 500 exceeded"},"_links":{"self":[{"href":"https:\/\/www.europesays.com\/fr\/wp-json\/wp\/v2\/posts\/472120","targetHints":{"allow":["GET"]}}],"collection":[{"href":"https:\/\/www.europesays.com\/fr\/wp-json\/wp\/v2\/posts"}],"about":[{"href":"https:\/\/www.europesays.com\/fr\/wp-json\/wp\/v2\/types\/post"}],"author":[{"embeddable":true,"href":"https:\/\/www.europesays.com\/fr\/wp-json\/wp\/v2\/users\/2"}],"replies":[{"embeddable":true,"href":"https:\/\/www.europesays.com\/fr\/wp-json\/wp\/v2\/comments?post=472120"}],"version-history":[{"count":0,"href":"https:\/\/www.europesays.com\/fr\/wp-json\/wp\/v2\/posts\/472120\/revisions"}],"wp:featuredmedia":[{"embeddable":true,"href":"https:\/\/www.europesays.com\/fr\/wp-json\/wp\/v2\/media\/472121"}],"wp:attachment":[{"href":"https:\/\/www.europesays.com\/fr\/wp-json\/wp\/v2\/media?parent=472120"}],"wp:term":[{"taxonomy":"category","embeddable":true,"href":"https:\/\/www.europesays.com\/fr\/wp-json\/wp\/v2\/categories?post=472120"},{"taxonomy":"post_tag","embeddable":true,"href":"https:\/\/www.europesays.com\/fr\/wp-json\/wp\/v2\/tags?post=472120"}],"curies":[{"name":"wp","href":"https:\/\/api.w.org\/{rel}","templated":true}]}}