{"id":472125,"date":"2025-10-18T09:21:09","date_gmt":"2025-10-18T09:21:09","guid":{"rendered":"https:\/\/www.europesays.com\/fr\/472125\/"},"modified":"2025-10-18T09:21:09","modified_gmt":"2025-10-18T09:21:09","slug":"une-manoeuvre-insensee-et-un-conducteur-deja-bien-connu-des-policiers","status":"publish","type":"post","link":"https:\/\/www.europesays.com\/fr\/472125\/","title":{"rendered":"une man\u0153uvre insens\u00e9e et un conducteur d\u00e9j\u00e0 bien connu des policiers"},"content":{"rendered":"<p>            Par<br \/>\n        <strong><br \/>\n            <a href=\"https:\/\/actu.fr\/auteur\/lea-pippinato\" title=\"Consulter tous les articles de L\u00e9a Pippinato\" target=\"_blank\" rel=\"noopener\">L\u00e9a Pippinato<\/a><br \/>\n        <\/strong><\/p>\n<p>        Publi\u00e9 le<\/p>\n<p>            18 oct. 2025 \u00e0 10h29        <\/p>\n<p><strong>Ce mercredi 15 octobre 2025<\/strong>, vers 18h, la sc\u00e8ne s\u2019est d\u00e9roul\u00e9e dans le quartier du Petit Bard \u00e0 Montpellier. Des CRS (compagnies r\u00e9publicaines de s\u00e9curit\u00e9) ont voulu contr\u00f4ler un automobiliste qui venait de commettre une infraction au code de la route. L\u2019homme, seul \u00e0 bord de son v\u00e9hicule, a d\u2019abord ralenti, donnant l\u2019impression de se soumettre au contr\u00f4le.<\/p>\n<p>    <a href=\"https:\/\/www.google.com\/maps\/embed?pb=!1m18!1m12!1m3!1d23114.090373704526!2d3.8338559999999995!3d43.6011008!2m3!1f0!2f0!3f0!3m2!1i1024!2i768!4f13.1!3m3!1m2!1s0x12b6ae8f2e9cbe8f%3A0x2f5b02ebaa63bf7e!2sPergola%20Petit-Bard%2C%2034080%20Montpellier!5e0!3m2!1sen!2sfr!4v1760773145341!5m2!1sen!2sfr\" title=\"Ouvrie le lien\" target=\"_blank\" rel=\"noopener\">Cliquez ici pour visualiser le contenu<\/a><\/p>\n<p class=\" wall-content\">Soudain, le conducteur a enclench\u00e9 la marche arri\u00e8re et recul\u00e9 \u00e0 vive allure sur pr\u00e8s de trente m\u00e8tres, percutant de plein fouet un autre v\u00e9hicule. Malgr\u00e9 le choc et les d\u00e9g\u00e2ts mat\u00e9riels, il a continu\u00e9 de reculer avant d\u2019abandonner sa voiture en pleine voie.<\/p>\n<p>Une fuite de courte dur\u00e9e<\/p>\n<p class=\" wall-content\">L\u2019homme a tent\u00e9 de s\u2019\u00e9chapper \u00e0 pied, sous les yeux des forces de l\u2019ordre. Les CRS l\u2019ont rapidement rattrap\u00e9 et interpell\u00e9. Le conducteur de 39 ans ne poss\u00e9dait pas de permis de conduire valide, et son v\u00e9hicule n\u2019\u00e9tait pas assur\u00e9. Lors du contr\u00f4le, il a refus\u00e9 de se soumettre \u00e0 un test d\u2019alcool\u00e9mie. Il faisait en outre l\u2019objet d\u2019une interdiction de para\u00eetre en Occitanie. Le trentenaire a \u00e9t\u00e9 convoqu\u00e9 par un officier de police judiciaire et compara\u00eetra <strong>le 20 janvier prochain<\/strong> devant le tribunal judiciaire de Montpellier.<\/p>\n<p class=\" wall-content\">Personnalisez votre actualit\u00e9 en ajoutant vos villes et m\u00e9dias en favori avec <a href=\"https:\/\/moncompte.actu.fr\" title=\"D\u00e9couvez Mon Actu\" rel=\"nofollow noopener\" data-trk=\"{&quot;cta&quot;:{&quot;action&quot;:&quot;https:\\\/\\\/moncompte.actu.fr&quot;,&quot;category&quot;:&quot;mon compte&quot;,&quot;from&quot;:&quot;article footer&quot;,&quot;name&quot;:&quot;Mon actu&quot;,&quot;type&quot;:&quot;cta&quot;}}\" target=\"_blank\">Mon Actu<\/a>.<\/p>\n","protected":false},"excerpt":{"rendered":"Par L\u00e9a Pippinato Publi\u00e9 le 18 oct. 2025 \u00e0 10h29 Ce mercredi 15 octobre 2025, vers 18h, la&hellip;\n","protected":false},"author":2,"featured_media":472126,"comment_status":"","ping_status":"","sticky":false,"template":"","format":"standard","meta":{"footnotes":""},"categories":[9599],"tags":[1111,11,1777,674,118,1011,27,2208,12,2680,1072,2852,25,5009],"class_list":{"0":"post-472125","1":"post","2":"type-post","3":"status-publish","4":"format-standard","5":"has-post-thumbnail","7":"category-montpellier","8":"tag-actu","9":"tag-actualites","10":"tag-eu","11":"tag-europe","12":"tag-faits-divers","13":"tag-fr","14":"tag-france","15":"tag-montpellier","16":"tag-news","17":"tag-occitanie","18":"tag-police","19":"tag-refus-dobtemperer","20":"tag-republique-francaise","21":"tag-securite-routiere"},"share_on_mastodon":{"url":"https:\/\/pubeurope.com\/@fr\/115394437863775239","error":""},"_links":{"self":[{"href":"https:\/\/www.europesays.com\/fr\/wp-json\/wp\/v2\/posts\/472125","targetHints":{"allow":["GET"]}}],"collection":[{"href":"https:\/\/www.europesays.com\/fr\/wp-json\/wp\/v2\/posts"}],"about":[{"href":"https:\/\/www.europesays.com\/fr\/wp-json\/wp\/v2\/types\/post"}],"author":[{"embeddable":true,"href":"https:\/\/www.europesays.com\/fr\/wp-json\/wp\/v2\/users\/2"}],"replies":[{"embeddable":true,"href":"https:\/\/www.europesays.com\/fr\/wp-json\/wp\/v2\/comments?post=472125"}],"version-history":[{"count":0,"href":"https:\/\/www.europesays.com\/fr\/wp-json\/wp\/v2\/posts\/472125\/revisions"}],"wp:featuredmedia":[{"embeddable":true,"href":"https:\/\/www.europesays.com\/fr\/wp-json\/wp\/v2\/media\/472126"}],"wp:attachment":[{"href":"https:\/\/www.europesays.com\/fr\/wp-json\/wp\/v2\/media?parent=472125"}],"wp:term":[{"taxonomy":"category","embeddable":true,"href":"https:\/\/www.europesays.com\/fr\/wp-json\/wp\/v2\/categories?post=472125"},{"taxonomy":"post_tag","embeddable":true,"href":"https:\/\/www.europesays.com\/fr\/wp-json\/wp\/v2\/tags?post=472125"}],"curies":[{"name":"wp","href":"https:\/\/api.w.org\/{rel}","templated":true}]}}