{"id":472127,"date":"2025-10-18T09:22:23","date_gmt":"2025-10-18T09:22:23","guid":{"rendered":"https:\/\/www.europesays.com\/fr\/472127\/"},"modified":"2025-10-18T09:22:23","modified_gmt":"2025-10-18T09:22:23","slug":"usld-mhsc-albert-sanchez-dunkerque-dans-les-prochains-mois-montpellier-sera-dans-le-haut-du-tableau","status":"publish","type":"post","link":"https:\/\/www.europesays.com\/fr\/472127\/","title":{"rendered":"[USLD-MHSC] Albert S\u00e1nchez (Dunkerque ) : \u201cDans les prochains mois, Montpellier sera dans le haut du tableau\u201d"},"content":{"rendered":"<p>Albert Sanchez, le coach des Maritimes, a \u00e9voqu\u00e9 la rencontre face \u00e0 Montpellier. Il a abord\u00e9 ce qui avait \u00e9t\u00e9 travaill\u00e9 durant la tr\u00eave internationale et selon lui, le MHSC va remonter au classement d\u2019ici peu.<\/p>\n<p>\u00ab On a eu beaucoup de temps pour travailler avec l\u2019\u00e9quipe. Il y a eu le match contre le Cercle Bruges la semaine derni\u00e8re et c\u2019\u00e9tait un bon r\u00e9sultat pour nous. On travaille aussi bien sur l\u2019attaque que sur la d\u00e9fense mais on a une attention particuli\u00e8re sur les petits d\u00e9tails dans les situations d\u00e9fensives et aussi en attaque dans la d\u00e9fense adverse. <\/p>\n<p>Montpellier est une grosse \u00e9quipe. Ils ont de tr\u00e8s bons joueurs. Ils n\u2019ont pas d\u00e9marr\u00e9 la saison de la meilleure des fa\u00e7ons au niveau des r\u00e9sultats. Mais on sait que dans les prochains mois, Montpellier va remonter au classement sera dans le haut du tableau. Ce sera un match int\u00e9ressant \u00e0 jouer. \u00bb<\/p>\n<p>Esp\u00e9rons que le plus jeune entra\u00eeneur de Ligue 2 (ndlr : il a 38 ans) et ancien entraineur de l\u2019\u00e9quipe r\u00e9serve du FC Barcelone soit dans le vrai et que Montpellier entame sa remont\u00e9e au classement d\u00e8s cet apr\u00e8s-midi au stade Marcel Tribut.<\/p><\/p>\n","protected":false},"excerpt":{"rendered":"Albert Sanchez, le coach des Maritimes, a \u00e9voqu\u00e9 la rencontre face \u00e0 Montpellier. Il a abord\u00e9 ce qui&hellip;\n","protected":false},"author":2,"featured_media":472128,"comment_status":"","ping_status":"","sticky":false,"template":"","format":"standard","meta":{"footnotes":""},"categories":[9599],"tags":[328,1111,11,1777,674,1011,27,2208,12,2680,25,59559],"class_list":{"0":"post-472127","1":"post","2":"type-post","3":"status-publish","4":"format-standard","5":"has-post-thumbnail","7":"category-montpellier","8":"tag-a-la-une","9":"tag-actu","10":"tag-actualites","11":"tag-eu","12":"tag-europe","13":"tag-fr","14":"tag-france","15":"tag-montpellier","16":"tag-news","17":"tag-occitanie","18":"tag-republique-francaise","19":"tag-usld-mhsc"},"share_on_mastodon":{"url":"https:\/\/pubeurope.com\/@fr\/115394441828255668","error":""},"_links":{"self":[{"href":"https:\/\/www.europesays.com\/fr\/wp-json\/wp\/v2\/posts\/472127","targetHints":{"allow":["GET"]}}],"collection":[{"href":"https:\/\/www.europesays.com\/fr\/wp-json\/wp\/v2\/posts"}],"about":[{"href":"https:\/\/www.europesays.com\/fr\/wp-json\/wp\/v2\/types\/post"}],"author":[{"embeddable":true,"href":"https:\/\/www.europesays.com\/fr\/wp-json\/wp\/v2\/users\/2"}],"replies":[{"embeddable":true,"href":"https:\/\/www.europesays.com\/fr\/wp-json\/wp\/v2\/comments?post=472127"}],"version-history":[{"count":0,"href":"https:\/\/www.europesays.com\/fr\/wp-json\/wp\/v2\/posts\/472127\/revisions"}],"wp:featuredmedia":[{"embeddable":true,"href":"https:\/\/www.europesays.com\/fr\/wp-json\/wp\/v2\/media\/472128"}],"wp:attachment":[{"href":"https:\/\/www.europesays.com\/fr\/wp-json\/wp\/v2\/media?parent=472127"}],"wp:term":[{"taxonomy":"category","embeddable":true,"href":"https:\/\/www.europesays.com\/fr\/wp-json\/wp\/v2\/categories?post=472127"},{"taxonomy":"post_tag","embeddable":true,"href":"https:\/\/www.europesays.com\/fr\/wp-json\/wp\/v2\/tags?post=472127"}],"curies":[{"name":"wp","href":"https:\/\/api.w.org\/{rel}","templated":true}]}}