{"id":472134,"date":"2025-10-18T09:26:22","date_gmt":"2025-10-18T09:26:22","guid":{"rendered":"https:\/\/www.europesays.com\/fr\/472134\/"},"modified":"2025-10-18T09:26:22","modified_gmt":"2025-10-18T09:26:22","slug":"ce-que-la-7e-journee-de-pro-d2-nous-dit-vraiment","status":"publish","type":"post","link":"https:\/\/www.europesays.com\/fr\/472134\/","title":{"rendered":"ce que la 7e journ\u00e9e de Pro D2 nous dit vraiment"},"content":{"rendered":"<p><a href=\"https:\/\/www.xvovalie.com\/tag\/colomiers-rugby\/\" rel=\"nofollow noopener\" target=\"_blank\">Colomiers<\/a> et <a data-ilj-link-preview=\"true\" data-excerpt=\"Fond\u00e9 en 1950, le RC Vannes a gravi les \u00e9chelons pour atteindre l&#039;\u00e9lite du rugby fran\u00e7ais. Le club, qui \u00e9volue d\u00e9sormais en Top 14, incarne l&#039;ambition et la pers\u00e9v\u00e9rance du rugby breton.&#013;&#010;Staff et pr\u00e9sidence :&#013;&#010;&#013;&#010; &#009;Pr\u00e9sident : Olivier Cloarec&#013;&#010; &#009;Entra\u00eeneur : Jean-No\u00ebl Spitzer (manager g\u00e9n\u00e9ral)&#013;&#010; &#009;Entra\u00eeneurs adjoints : Pierre Venayre (arri\u00e8res), St\u00e9phane Trainini (avants), Tom Smith (comp\u00e9tences sp\u00e9cifiques)&#013;&#010;&#013;&#010;Palmar\u00e8s du RC Vannes&#013;&#010;&#013;&#010;&#013;&#010;&#013;&#010;Comp\u00e9tition&#013;&#010;Titres&#013;&#010;Ann\u00e9es des victoires&#013;&#010;&#013;&#010;&#013;&#010;&#013;&#010;&#013;&#010;Championnat de France F\u00e9d\u00e9rale 1&#013;&#010;1&#013;&#010;2016&#013;&#010;&#013;&#010;&#013;&#010;Championnat de Pro D2&#013;&#010;1&#013;&#010;2024 (accession en Top 14)\" href=\"https:\/\/www.xvovalie.com\/tag\/rc-vannes\/\" rel=\"nofollow noopener\" target=\"_blank\">Vannes<\/a> se tiennent en laisse en t\u00eate du championnat, Agen a mis une racl\u00e9e \u00e0 <a data-ilj-link-preview=\"true\" data-excerpt=\"Le club de rugby de Brive, \u00e9galement connu sous le nom de CAB (Club Athl\u00e9tique Brive), est bas\u00e9 \u00e0 Brive-la-Gaillarde, dans le d\u00e9partement de la Corr\u00e8ze en France. Fond\u00e9 en 1910, le club est reconnu pour son histoire et sa tradition, avec notamment une victoire en 1997 en Coupe d&#039;Europe des clubs champions.&#013;&#010;&#013;&#010;Le club a \u00e9galement remport\u00e9 le championnat de France de rugby \u00e0 XV \u00e0 deux reprises, en 1949 et en 1998.\" href=\"https:\/\/www.xvovalie.com\/brive\/\" rel=\"nofollow noopener\" target=\"_blank\">Brive<\/a>, <a href=\"https:\/\/www.xvovalie.com\/tag\/fcg\/\" rel=\"nofollow noopener\" target=\"_blank\">Grenoble<\/a> inqui\u00e8te s\u00e9rieusement, et Dax continue de creuser. La 7e journ\u00e9e de <strong><a href=\"https:\/\/www.xvovalie.com\/pro-d2\/\" rel=\"nofollow noopener\" target=\"_blank\">Pro D2<\/a><\/strong>, c\u2019\u00e9tait du <strong>haut niveau<\/strong>, du <strong>drama<\/strong>, et des gros virages au classement.<\/p>\n<p>En bref<\/p>\n<ul class=\"wp-block-list\">\n<li><strong>Colomiers et Vannes au coude \u00e0 coude<\/strong> : Les deux clubs partagent la premi\u00e8re place avec <strong>26 points<\/strong>, apr\u00e8s leurs victoires respectives face \u00e0 <strong>Carcassonne (15-13)<\/strong> et <strong><a data-ilj-link-preview=\"true\" data-excerpt=\"L&#039;Union Sportive Oyonnax Rugby, fond\u00e9e en 1909, est un club de rugby qui \u00e9volue Top 14.&#013;&#010;Staff et pr\u00e9sidence :&#013;&#010;&#013;&#010; &#009;Pr\u00e9sident : Dougal Bendjaballah&#013;&#010; &#009;Entra\u00eeneur : Joe El Abd&#013;&#010; &#009;Vincent Debaty (m\u00eal\u00e9e)&#013;&#010; &#009;Dewald Senekal (touche)&#013;&#010; &#009;Fabien Cibray (attaque)&#013;&#010;&#013;&#010;Palmar\u00e8s d&#039;Oyonnax :&#013;&#010;&#013;&#010;&#013;&#010;&#013;&#010;Comp\u00e9tition&#013;&#010;Titre \/ Distinction&#013;&#010;Ann\u00e9es&#013;&#010;&#013;&#010;&#013;&#010;Championnat de France de Pro D2&#013;&#010;Champion&#013;&#010;2013, 2017, 2023&#013;&#010;&#013;&#010;&#013;&#010;Vice-champion&#013;&#010;1967&#013;&#010;&#013;&#010;&#013;&#010;Championnat de France de F\u00e9d\u00e9rale 1&#013;&#010;Champion&#013;&#010;2001&#013;&#010;&#013;&#010;&#013;&#010;Vice-champion&#013;&#010;2003&#013;&#010;&#013;&#010;&#013;&#010;Championnat de France groupe B&#013;&#010;Vice-champion&#013;&#010;1992\" href=\"https:\/\/www.xvovalie.com\/oyonnax\/\" rel=\"nofollow noopener\" target=\"_blank\">Oyonnax<\/a> (36-17)<\/strong>.<\/li>\n<li><strong><a href=\"https:\/\/www.xvovalie.com\/tag\/su-agen\/\" rel=\"nofollow noopener\" target=\"_blank\">Agen<\/a> corrige Brive et revient fort<\/strong> : Le <strong>SUA<\/strong> a \u00e9cras\u00e9 <strong>Brive 41-10<\/strong> \u00e0 Armandie et remonte sur le podium \u00e0 <strong>3 longueurs<\/strong> du duo de t\u00eate.<\/li>\n<li><strong>Grenoble s\u2019enfonce, encore<\/strong> : Battu \u00e0 <strong>Mont-de-Marsan (32-18)<\/strong>, le FCG encha\u00eene une <strong>troisi\u00e8me d\u00e9faite<\/strong>, reste englu\u00e9 \u00e0 la <strong>10e place<\/strong>, et traverse une grosse zone de turbulences.<\/li>\n<li><strong><a href=\"https:\/\/www.xvovalie.com\/tag\/bopb\/\" rel=\"nofollow noopener\" target=\"_blank\">Biarritz<\/a> arrache la victoire, <a href=\"https:\/\/www.xvovalie.com\/tag\/us-dax\/\" rel=\"nofollow noopener\" target=\"_blank\">Dax<\/a> s\u2019\u00e9croule encore<\/strong> : Le <strong>BO<\/strong> souffle enfin \u00e0 Soyaux-Angoul\u00eame (<strong>21-20<\/strong> apr\u00e8s la sir\u00e8ne), pendant que <strong>Dax<\/strong> perd un match fou \u00e0 <strong><a href=\"https:\/\/www.xvovalie.com\/tag\/stade-aurillacois\/\" rel=\"nofollow noopener\" target=\"_blank\">Aurillac<\/a> (36-33)<\/strong> malgr\u00e9 une sup\u00e9riorit\u00e9 num\u00e9rique d\u2019une heure.<\/li>\n<\/ul>\n<p>Deux patrons pour un tr\u00f4ne : Colomiers \u2013 Vannes, suspense total<\/p>\n<p>Ils sont deux \u00e0 vouloir s\u2019asseoir sur le fauteuil, et pour l\u2019instant, c\u2019est <strong>copropri\u00e9t\u00e9<\/strong>. <strong>Colomiers<\/strong>, vainqueur \u00e0 <strong>Carcassonne<\/strong> dans la douleur, conserve sa dynamique mais sans le bonus (<strong>15-13<\/strong>). En face, <strong>Vannes<\/strong> s\u2019est montr\u00e9 plus tranchant avec une large victoire <strong>36-17 contre Oyonnax<\/strong>, bonus offensif \u00e0 la cl\u00e9.<\/p>\n<p>R\u00e9sultat : <strong>\u00e9galit\u00e9 parfaite<\/strong> en t\u00eate (<strong>26 points chacun<\/strong>), et un face-\u00e0-face direct d\u00e8s la <strong>prochaine journ\u00e9e<\/strong>. Autant dire que ce sera une bataille pour la vraie couronne.<\/p>\n<p>Agen fait mal et revient dans le game<\/p>\n<p>C\u2019est la grosse perf de la journ\u00e9e. Agen a explos\u00e9 Brive \u00e0 domicile, <strong>41-10<\/strong>, une le\u00e7on rugbystique bien envoy\u00e9e apr\u00e8s leur passage \u00e0 vide \u00e0 Colomiers. Les Agenais retrouvent <strong>le podium<\/strong> (3e avec 23 points) et en profitent pour remettre la t\u00eate \u00e0 l\u2019endroit.<\/p>\n<p>Mention sp\u00e9ciale \u00e0 l\u2019intensit\u00e9 d\u00e9ploy\u00e9e par le SUA, qui n\u2019a laiss\u00e9 aucune ouverture aux Brivistes, d\u00e9pass\u00e9s dans l\u2019envie et la pr\u00e9cision.<\/p>\n<p>Valence-Romans continue de monter en pression<\/p>\n<p>C\u2019est peut-\u00eatre l\u2019\u00e9quipe la plus sous-cot\u00e9e de cette premi\u00e8re partie de saison. Les <strong>Damiers<\/strong> sont all\u00e9s battre <strong><a href=\"https:\/\/www.xvovalie.com\/tag\/asbh\/\" rel=\"nofollow noopener\" target=\"_blank\">B\u00e9ziers<\/a> chez lui (37-29)<\/strong>, une <strong>premi\u00e8re historique<\/strong> pour le club au stade Raoul-Barri\u00e8re. Et ils n\u2019ont pas vol\u00e9 leur succ\u00e8s.<\/p>\n<p>Avec <strong>21 points<\/strong>, Valence-Romans est <strong>4e<\/strong>, derri\u00e8re les mastodontes. Et vu leur forme, il va falloir les prendre au s\u00e9rieux.<\/p>\n<p>Grenoble : grosse ambiance, z\u00e9ro r\u00e9sultat<\/p>\n<p>On pensait que le changement d\u2019entra\u00eeneur (adieu <strong>Nicolas Nadau<\/strong>) allait rebooster le groupe. Spoiler : <strong>non<\/strong>. \u00c0 <strong>Mont-de-Marsan<\/strong>, les Is\u00e9rois ont encore pris l\u2019eau <strong>(32-18)<\/strong>. Troisi\u00e8me revers d\u2019affil\u00e9e, d\u00e9fense aux abonn\u00e9s absents, jeu brouillon\u2026 Rien ne tourne.<\/p>\n<p>Avec <strong>15 points<\/strong> et une <strong>10e place<\/strong> au classement, le FCG est <strong>loin de ses ambitions<\/strong> de Top 6. Et vu la tension en coulisses (licenciements, menace de gr\u00e8ve), le plus dur pourrait encore arriver.<\/p>\n<p>Le BO souffle enfin, mais c\u2019est encore fragile<\/p>\n<p>Apr\u00e8s deux d\u00e9faites, un pr\u00e9sident d\u00e9missionnaire (Shaun Hegarty), et une \u00e9quipe dans le dur, <strong>Biarritz<\/strong> s\u2019est offert un petit r\u00e9pit en gagnant \u00e0 <strong>Soyaux-Angoul\u00eame 21-20<\/strong>, sur une <strong>p\u00e9nalit\u00e9 de Selponi apr\u00e8s la sir\u00e8ne<\/strong>.<\/p>\n<p>Un <strong>succ\u00e8s qui compte double<\/strong> pour le moral, mais qui ne fait pas oublier les limites actuelles du BO. Toujours 12e, avec <strong>11 petits points<\/strong>, les Basques ont besoin d\u2019encha\u00eener.<\/p>\n<p>Dax : m\u00eame les matchs en sup\u00e9riorit\u00e9, ils les perdent<\/p>\n<p>Il y a des soir\u00e9es o\u00f9 rien ne passe. Et <strong>Dax<\/strong>, lanterne rouge, en a v\u00e9cu une <strong>tr\u00e8s symbolique \u00e0 Aurillac<\/strong>. Les Landais ont jou\u00e9 <strong>plus d\u2019une heure en sup\u00e9riorit\u00e9 num\u00e9rique<\/strong>, menaient <strong>27-13<\/strong>, et ont <strong>tout laiss\u00e9 filer (d\u00e9faite 36-33)<\/strong>.<\/p>\n<p>Cerise sur le g\u00e2teau : \u00e0 la derni\u00e8re action, leur <strong>ballon port\u00e9 aplati dans l\u2019en-but est refus\u00e9 par l\u2019arbitre<\/strong>. Et quand leur manager demande de tenter la p\u00e9nalit\u00e9 du match nul, les joueurs vont en touche\u2026 pour rien. D\u00e9faite, regrets, et toujours <strong>2 points au classement<\/strong>. Seul club sous la barre des 10.<\/p>\n<p>Mont-de-Marsan, s\u00e9rieux pour une fois<\/p>\n<p>Face \u00e0 un Grenoble \u00e0 la peine, <strong>le Stade Montois<\/strong> s\u2019est rassur\u00e9 avec une victoire ma\u00eetris\u00e9e. Retour de <strong>Torsten Van Jaarsveld<\/strong>, discipline retrouv\u00e9e, et <strong>deux essais sign\u00e9s Tuifua et Sayerse<\/strong> pour conclure le travail. R\u00e9sultat : un peu d\u2019air (15e, 9 pts), et l\u2019impression de pouvoir enfin encha\u00eener.<\/p>\n<p>Et maintenant ?<\/p>\n<p>La 8e journ\u00e9e va faire monter la pression : <strong>Colomiers re\u00e7oit Vannes<\/strong>, match de feu annonc\u00e9. Dax devra <strong>absolument battre B\u00e9ziers<\/strong> pour ne pas sombrer. Et Agen a une carte \u00e0 jouer pour <strong>s\u2019incruster dans le duel de t\u00eate<\/strong>.<\/p>\n<p>On commence \u00e0 y voir plus clair sur les hi\u00e9rarchies, mais la Pro D2 reste fid\u00e8le \u00e0 elle-m\u00eame : impr\u00e9visible, rude, et pleine de rebondissements.<\/p>\n<p><img loading=\"lazy\" src=\"data:image\/svg+xml,%3Csvg%20xmlns=\" http:=\"\" height=\"100\" width=\"100\" class=\" sp-no-webp\" alt=\"whatsapp image 2024 07 31 at 09.08.32\" decoding=\"async\" data-lazy-src=\"https:\/\/www.europesays.com\/fr\/wp-content\/uploads\/2025\/04\/whatsapp-image-2024-07-31-at-09.08.32-e1727245864215.jpeg\"\/> <\/p>\n<p>J\u2019ai grandi dans une famille o\u00f9 le rugby \u00e9tait de tous les moments. J\u2019\u00e9tais au bord du terrain quand Castres a battu Pau et a rejoint l\u2019\u00e9lite, j\u2019\u00e9tais dans le Stade Pierre Antoine face \u00e0 Gary Whetton quand il a fait son Haka pour c\u00e9l\u00e9brer le Brennus de 1993 et j\u2019ai toujours \u00e9t\u00e9 berc\u00e9 des l\u00e9gendes de ce sport. Maintenant, c\u2019est avec XV Ovalie que j\u2019entends prolonger l\u2019aventure. #TeamCO<\/p>\n","protected":false},"excerpt":{"rendered":"Colomiers et Vannes se tiennent en laisse en t\u00eate du championnat, Agen a mis une racl\u00e9e \u00e0 Brive,&hellip;\n","protected":false},"author":2,"featured_media":472135,"comment_status":"","ping_status":"","sticky":false,"template":"","format":"standard","meta":{"footnotes":""},"categories":[9566],"tags":[1111,11,2430,59560,11282,1777,674,32263,1011,27,2731,9390,12,3164,25,23101,59561,59562],"class_list":{"0":"post-472134","1":"post","2":"type-post","3":"status-publish","4":"format-standard","5":"has-post-thumbnail","7":"category-grenoble","8":"tag-actu","9":"tag-actualites","10":"tag-auvergne-rhone-alpes","11":"tag-bopb","12":"tag-colomiers-rugby","13":"tag-eu","14":"tag-europe","15":"tag-fcg","16":"tag-fr","17":"tag-france","18":"tag-grenoble","19":"tag-mont-de-marsan","20":"tag-news","21":"tag-rc-vannes","22":"tag-republique-francaise","23":"tag-stade-aurillacois","24":"tag-su-agen","25":"tag-valence-romans"},"share_on_mastodon":{"url":"https:\/\/pubeurope.com\/@fr\/115394457494978330","error":""},"_links":{"self":[{"href":"https:\/\/www.europesays.com\/fr\/wp-json\/wp\/v2\/posts\/472134","targetHints":{"allow":["GET"]}}],"collection":[{"href":"https:\/\/www.europesays.com\/fr\/wp-json\/wp\/v2\/posts"}],"about":[{"href":"https:\/\/www.europesays.com\/fr\/wp-json\/wp\/v2\/types\/post"}],"author":[{"embeddable":true,"href":"https:\/\/www.europesays.com\/fr\/wp-json\/wp\/v2\/users\/2"}],"replies":[{"embeddable":true,"href":"https:\/\/www.europesays.com\/fr\/wp-json\/wp\/v2\/comments?post=472134"}],"version-history":[{"count":0,"href":"https:\/\/www.europesays.com\/fr\/wp-json\/wp\/v2\/posts\/472134\/revisions"}],"wp:featuredmedia":[{"embeddable":true,"href":"https:\/\/www.europesays.com\/fr\/wp-json\/wp\/v2\/media\/472135"}],"wp:attachment":[{"href":"https:\/\/www.europesays.com\/fr\/wp-json\/wp\/v2\/media?parent=472134"}],"wp:term":[{"taxonomy":"category","embeddable":true,"href":"https:\/\/www.europesays.com\/fr\/wp-json\/wp\/v2\/categories?post=472134"},{"taxonomy":"post_tag","embeddable":true,"href":"https:\/\/www.europesays.com\/fr\/wp-json\/wp\/v2\/tags?post=472134"}],"curies":[{"name":"wp","href":"https:\/\/api.w.org\/{rel}","templated":true}]}}