{"id":472138,"date":"2025-10-18T09:28:11","date_gmt":"2025-10-18T09:28:11","guid":{"rendered":"https:\/\/www.europesays.com\/fr\/472138\/"},"modified":"2025-10-18T09:28:11","modified_gmt":"2025-10-18T09:28:11","slug":"nouvelle-gare-boite-de-nuit-municipale-extension-du-roazhon-park-a-rennes-comment-les-communistes-veulent-peser-sur-les-municipales","status":"publish","type":"post","link":"https:\/\/www.europesays.com\/fr\/472138\/","title":{"rendered":"Nouvelle gare, bo\u00eete de nuit municipale, extension du Roazhon Park : \u00e0 Rennes, comment les communistes veulent peser sur les municipales"},"content":{"rendered":"<p>Depuis 1977 et le premier mandat Edmond Herv\u00e9, les communistes rennais sont pr\u00e9sents sans interruption dans la majorit\u00e9 municipale de gauche. Une logique d\u2019union avec le PS de Nathalie App\u00e9r\u00e9 qui devrait perdurer pour les prochaines \u00e9lections municipales de mars 2026.<\/p>\n<p>\u00ab On en reparlera mi-novembre quand l\u2019assembl\u00e9e g\u00e9n\u00e9rale de la section du PCF de Rennes M\u00e9tropole aura pris sa d\u00e9cision, explique Yannick Nadesan, d\u00e9sign\u00e9 chef de file du PCF en vue de ces municipales et adjoint \u00e0 la maire de Rennes \u00e0 la Sant\u00e9. Se rassembler avec d\u2019autres, \u00e7a doit se baser sur des discussions qui portent sur un projet. Nous, on n\u2019a pas la pr\u00e9tention de dire qu\u2019on a raison tout seul. Mais quand on a la pr\u00e9tention d\u2019\u00eatre des acteurs de cette ville de premier plan depuis pr\u00e8s de 50 ans. \u00bb<\/p>\n<p>\u00ab Nous souhaitons un encadrement des loyers \u00bb<\/p>\n<p>Ces derni\u00e8res ann\u00e9es, Yannick Nadesan met en avant les sujets sur lesquels son groupe \u00ab a pes\u00e9, \u00e0 travers l\u2019ouverture de cr\u00e8ches, le gros investissement sur les questions de l\u2019eau, la pi\u00e9tonnisation du centre-ville de Rennes ou encore la mise en place de la gratuit\u00e9 sociale des transports \u00bb.<\/p>\n<p>Avant un tr\u00e8s probable ralliement au PS, les \u00e9lus communistes tiennent donc \u00e0 faire entendre leur voix, et mettre sur la table leurs 25 nouvelles propositions, \u00ab \u00e0 la fois ambitieuses et pragmatiques \u00bb, pour peser dans cette campagne. Sur le pouvoir d\u2019achat, le groupe communiste souhaite mettre en place un encadrement des loyers et un plafonnement des loyers des colocations \u00ab o\u00f9 il y a beaucoup d\u2019abus \u00bb, d\u00e9nonce Yannick Nadesan. Sur les mobilit\u00e9s, aussi, avec cette proposition, d\u00e9j\u00e0 formul\u00e9e par le pass\u00e9, d\u2019ouvrir une deuxi\u00e8me gare \u00e0 Rennes, sur le secteur de Via Silva \u00ab car la gare est arriv\u00e9e \u00e0 saturation. On ne peut se satisfaire de cette situation o\u00f9 nos infrastructures sont insuffisantes alors qu\u2019on veut d\u00e9velopper le train du quotidien \u00bb, pose Elsa Koerner, secr\u00e9taire d\u00e9partementale du PCF.<\/p>\n<p>Divergences avec les \u00e9colos sur les aides aux entreprises et le Blizz<\/p>\n<p>Au rayon \u00e9quipements, ils souhaitent, p\u00eale-m\u00eale, investir dans un centre de vacances m\u00e9tropolitain \u00ab afin de permettre aux familles de b\u00e9n\u00e9ficier de vacances \u00e0 moindre co\u00fbt \u00bb, l\u2019ouverture d\u2019une bo\u00eete de nuit municipale, r\u00e9nover le stade Commandant Bougouin, h\u00f4te du REC Rugby, et se montrent favorables \u00e0 l\u2019extension du Roazhon Park, \u00ab \u00e0 condition que la Ville ne verse pas un euro et que les travaux soient port\u00e9s par le propri\u00e9taire du Stade Rennais, comme ce fut le cas pour La Piverdi\u00e8re \u00bb, pr\u00e9vient Yannick Nadesan.<\/p>\n<p>Un programme qui marque, aussi, certaines diff\u00e9rences avec leurs alli\u00e9s \u00e9cologistes \u00e0 la majorit\u00e9 (eux aussi en n\u00e9gociation pour rallier le PS au premier tour). Car l\u00e0 o\u00f9 le PCF marque sa volont\u00e9 de \u00ab d\u00e9velopper les emplois industriels comme crit\u00e8re prioritaire dans les conditions \u00e0 remplir pour b\u00e9n\u00e9ficier des aides \u00e0 l\u2019emploi et \u00e0 l\u2019investissement \u00bb, Confluences (le groupe form\u00e9 par les \u00c9cologistes en vue des municipales), souhaite conditionner ces aides au respect du PCAET (Plan climat air \u00e9nergie territorial). Divergences, aussi, sur le futur de la patinoire Le Blizz, dont le PCF souhaite conserver l\u2019usage actuel (patinoire l\u2019hiver, glisse urbaine l\u2019\u00e9t\u00e9), alors que les \u00e9colos la jugent trop \u00e9nergivore.<\/p>\n<p>\u00ab Nous avons constat\u00e9 des convergences fortes \u00bb avec les forces de gauche<\/p>\n<p>\u00ab Lors de nos \u00e9changes avec les autres forces de gauche, nous avons surtout constat\u00e9 des convergences fortes \u00bb, pointe Elsa Koerner. Convergences avec Les \u00c9cologistes, notamment, sur le renforcement du soutien aux familles monoparentales (renforcement du dispositif de garde d\u2019enfant), sur la mise en place d\u2019un Bail r\u00e9el solidaire pour les commerces dans les quartiers et le centre-ville, la pr\u00e9sence accrue de la police municipale sur les lignes de m\u00e9tro (les \u00e9colos, mais aussi l\u2019opposition de la droite et du centre, demandent la cr\u00e9ation d\u2019une police m\u00e9tropolitaine des transports).<\/p>\n<p>Ou encore \u00ab pousser le curseur plus loin dans la gratuit\u00e9 des transports \u00bb, une volont\u00e9 partag\u00e9e par Les \u00c9cologistes et les Insoumis (dont la proposition est de garantir la gratuit\u00e9 pour les moins de 26 ans). Des Insoumis qui ne devraient, en revanche, pas s\u2019allier \u00e0 la majorit\u00e9 en place en mars prochain.<\/p>\n","protected":false},"excerpt":{"rendered":"Depuis 1977 et le premier mandat Edmond Herv\u00e9, les communistes rennais sont pr\u00e9sents sans interruption dans la majorit\u00e9&hellip;\n","protected":false},"author":2,"featured_media":472139,"comment_status":"","ping_status":"","sticky":false,"template":"","format":"standard","meta":{"footnotes":""},"categories":[2821],"tags":[1111,11,829,2761,1777,674,1011,27,848,26053,12,584,25],"class_list":{"0":"post-472138","1":"post","2":"type-post","3":"status-publish","4":"format-standard","5":"has-post-thumbnail","7":"category-rennes","8":"tag-actu","9":"tag-actualites","10":"tag-bretagne","11":"tag-elections-municipales-2026","12":"tag-eu","13":"tag-europe","14":"tag-fr","15":"tag-france","16":"tag-ille-et-vilaine","17":"tag-municipales-2026-a-rennes","18":"tag-news","19":"tag-rennes","20":"tag-republique-francaise"},"share_on_mastodon":{"url":"https:\/\/pubeurope.com\/@fr\/115394465570568652","error":""},"_links":{"self":[{"href":"https:\/\/www.europesays.com\/fr\/wp-json\/wp\/v2\/posts\/472138","targetHints":{"allow":["GET"]}}],"collection":[{"href":"https:\/\/www.europesays.com\/fr\/wp-json\/wp\/v2\/posts"}],"about":[{"href":"https:\/\/www.europesays.com\/fr\/wp-json\/wp\/v2\/types\/post"}],"author":[{"embeddable":true,"href":"https:\/\/www.europesays.com\/fr\/wp-json\/wp\/v2\/users\/2"}],"replies":[{"embeddable":true,"href":"https:\/\/www.europesays.com\/fr\/wp-json\/wp\/v2\/comments?post=472138"}],"version-history":[{"count":0,"href":"https:\/\/www.europesays.com\/fr\/wp-json\/wp\/v2\/posts\/472138\/revisions"}],"wp:featuredmedia":[{"embeddable":true,"href":"https:\/\/www.europesays.com\/fr\/wp-json\/wp\/v2\/media\/472139"}],"wp:attachment":[{"href":"https:\/\/www.europesays.com\/fr\/wp-json\/wp\/v2\/media?parent=472138"}],"wp:term":[{"taxonomy":"category","embeddable":true,"href":"https:\/\/www.europesays.com\/fr\/wp-json\/wp\/v2\/categories?post=472138"},{"taxonomy":"post_tag","embeddable":true,"href":"https:\/\/www.europesays.com\/fr\/wp-json\/wp\/v2\/tags?post=472138"}],"curies":[{"name":"wp","href":"https:\/\/api.w.org\/{rel}","templated":true}]}}