{"id":472156,"date":"2025-10-18T09:37:10","date_gmt":"2025-10-18T09:37:10","guid":{"rendered":"https:\/\/www.europesays.com\/fr\/472156\/"},"modified":"2025-10-18T09:37:10","modified_gmt":"2025-10-18T09:37:10","slug":"ou-manger-un-bon-croque-monsieur-a-toulouse-voici-ladresse-coup-de-coeur-du-mangeur-masque","status":"publish","type":"post","link":"https:\/\/www.europesays.com\/fr\/472156\/","title":{"rendered":"O\u00f9 manger un bon croque-monsieur \u00e0 Toulouse ? Voici l&rsquo;adresse coup de c\u0153ur du Mangeur Masqu\u00e9"},"content":{"rendered":"<p>            Par<br \/>\n        <strong><br \/>\n            <a href=\"https:\/\/actu.fr\/auteur\/redaction-toulouse\" title=\"Consulter tous les articles de R\u00e9daction de Toulouse\" target=\"_blank\" rel=\"noopener\">R\u00e9daction de Toulouse<\/a><br \/>\n        <\/strong><\/p>\n<p>        Publi\u00e9 le<\/p>\n<p>            18 oct. 2025 \u00e0 11h10        <\/p>\n<p>Je les avais connus, ador\u00e9s, et surtout d\u00e9vor\u00e9s il y a quelques ann\u00e9es, rue du Rempart-Villeneuve. C\u2019\u00e9tait dans un local \u00e0 peine plus grand qu\u2019un d\u00e9 \u00e0 coudre, anim\u00e9 par une patronne rigolote en toute saison. Sauf si vous prononciez en sa pr\u00e9sence le mot \u00a0\u00bb croque-monsieur \u00ab\u00a0. Car elle, elle fait des MAM. La m\u00eame chose, mais en mieux. Du pain toast\u00e9, et beaucoup d\u2019amour entre chaque tranche.\u00a0<\/p>\n<p>Un changement gagnant<br \/>\n    <img   decoding=\"async\" loading=\"lazy\" src=\"https:\/\/www.europesays.com\/fr\/wp-content\/uploads\/2025\/10\/1d77e504ace861187e504ace81587ev-960x640.jpg\" alt=\"Passion bois et formica, avec un c\u0153ur gros comme \u00e7a !\" width=\"960\" height=\"640\"\/><br \/>\n    Passion bois et formica, avec un c\u0153ur gros comme \u00e7a ! (\u00a9L.M.M.)<\/p>\n<p class=\" wall-content\">Bonne nouvelle : apr\u00e8s avoir ferm\u00e9 il y a un an et demi, les voil\u00e0 de retour, cette fois tout pr\u00e8s du Canal, au c\u0153ur de la haut-perch\u00e9e<strong> avenue de la Gloire.<\/strong> Le nouveau lieu ? Beaucoup plus spacieux : grande salle, petite terrasse sur le trottoir, et joli comptoir, vestige du bar d\u00e9cati qui a pass\u00e9 la main. Heureusement, tout est joliment appr\u00eat\u00e9 \u00e0 l\u2019int\u00e9rieur, avec ce c\u00f4t\u00e9 vintage qui n\u2019a jamais \u00e9t\u00e9 autant dans l\u2019air du temps. Et toujours cette m\u00eame patronne \u00e0 la gouaille r\u00e9jouissante, activ\u00e9e d\u00e8s la prise de commande.<\/p>\n<p class=\" wall-content\">Sur l\u2019ardoise, trois MAM s\u2019affichent. Et aguichent : l\u2019incontournable<strong> jambon blanc\/fromage \u00e0 bloc<\/strong> (cheddar, mozza, cream cheese),<strong> le v\u00e9g\u00e9 plut\u00f4t b\u00e9g\u00e9<\/strong> \u00e0 base de pesto de persil maison\/piquillos\/oignons rouges. Sans oublier<strong> le \u00a0\u00bb Ham Mam \u00ab\u00a0<\/strong> (ils ont de l\u2019humour) avec poulet de la maison Samaran et sa marinade d\u2019inspiration marocaine.<\/p>\n<p>Un pain qui croustille parfaitement !<\/p>\n<p class=\" wall-content\">Dans l\u2019assiette, toujours cette g\u00e9n\u00e9rosit\u00e9, avec des MAM taill\u00e9s en 4 (pratique si besoin de partager), une belle coloration <strong>du pain qui croustille parfaitement<\/strong>, et une garniture qui d\u00e9borde.<\/p>\n<p class=\" wall-content\">L\u00e9ger b\u00e9mol sur les accompagnements, qui n\u2019ont pas chang\u00e9 non plus : la <strong>salade<\/strong> servie dans un bol (pas tr\u00e8s pratique pour la manger) pourrait \u00eatre un peu plus gourmande et travaill\u00e9e. Quant aux <strong>chips<\/strong>, c\u2019est un peu chiche.<\/p>\n<p>Votre r\u00e9gion, votre actu !<\/p>\n<p>Recevez chaque jour les infos qui comptent pour vous.<\/p>\n<p>\t<a href=\"https:\/\/actu.fr\/newsletter\" class=\"ac-btn ac-btn--corner ac-btn--medium ac-btn--blue800\" target=\"_blank\" rel=\"noopener\">S&rsquo;incrire<\/a><br \/>\n\u00c7a croque aussi le soir<\/p>\n<p class=\" wall-content\">C\u00f4t\u00e9 prix, il faut compter entre 11\u20ac50 et 12\u20ac50 le MAM seul. Peut-\u00eatre un poil cher sauf si l\u2019on bascule, moyennant quelques euros de plus, <strong>en mode formule<\/strong>, rajoutant au choix un accompagnement, une boisson, un dessert ou la totale, pour une addition un peu plus raccord avec la faim. Une formule uniquement dispo le midi, car c\u2019est la nouveaut\u00e9, le restaurant est d\u00e9sormais <strong>ouvert le soir \u00e9galement<\/strong>. Avec toujours des MAM, mais aussi des cocktails, et parait-il, si j\u2019en crois les conversations entendues au comptoir, un shooter d\u00e9moniaque. MAMl\u00e9fique !<\/p>\n<p class=\" wall-content\"><a href=\"https:\/\/www.instagram.com\/le_mangeur_masque\/?hl=fr\" target=\"_blank\" rel=\"noopener\"><strong>Le Mangeur Masqu\u00e9<\/strong><\/a><\/p>\n<p><a href=\"https:\/\/www.instagram.com\/mam.streetfood\/?hl=fr\" target=\"_blank\" rel=\"noopener\">MAM<\/a>, 11 Avenue de la Gloire.\u00a0<\/p>\n<p class=\" wall-content\">Personnalisez votre actualit\u00e9 en ajoutant vos villes et m\u00e9dias en favori avec <a href=\"https:\/\/moncompte.actu.fr\" title=\"D\u00e9couvez Mon Actu\" rel=\"nofollow noopener\" data-trk=\"{&quot;cta&quot;:{&quot;action&quot;:&quot;https:\\\/\\\/moncompte.actu.fr&quot;,&quot;category&quot;:&quot;mon compte&quot;,&quot;from&quot;:&quot;article footer&quot;,&quot;name&quot;:&quot;Mon actu&quot;,&quot;type&quot;:&quot;cta&quot;}}\" target=\"_blank\">Mon Actu<\/a>.<\/p>\n<p>                    <script async src=\"\/\/www.instagram.com\/embed.js\"><\/script><\/p>\n","protected":false},"excerpt":{"rendered":"Par R\u00e9daction de Toulouse Publi\u00e9 le 18 oct. 2025 \u00e0 11h10 Je les avais connus, ador\u00e9s, et surtout&hellip;\n","protected":false},"author":2,"featured_media":472157,"comment_status":"","ping_status":"","sticky":false,"template":"","format":"standard","meta":{"footnotes":""},"categories":[2816],"tags":[1111,11,1777,674,1011,27,1652,12,2680,25,2850,2312],"class_list":{"0":"post-472156","1":"post","2":"type-post","3":"status-publish","4":"format-standard","5":"has-post-thumbnail","7":"category-toulouse","8":"tag-actu","9":"tag-actualites","10":"tag-eu","11":"tag-europe","12":"tag-fr","13":"tag-france","14":"tag-loisirs-culture","15":"tag-news","16":"tag-occitanie","17":"tag-republique-francaise","18":"tag-restaurants-de-toulouse","19":"tag-toulouse"},"share_on_mastodon":{"url":"https:\/\/pubeurope.com\/@fr\/115394500886868334","error":""},"_links":{"self":[{"href":"https:\/\/www.europesays.com\/fr\/wp-json\/wp\/v2\/posts\/472156","targetHints":{"allow":["GET"]}}],"collection":[{"href":"https:\/\/www.europesays.com\/fr\/wp-json\/wp\/v2\/posts"}],"about":[{"href":"https:\/\/www.europesays.com\/fr\/wp-json\/wp\/v2\/types\/post"}],"author":[{"embeddable":true,"href":"https:\/\/www.europesays.com\/fr\/wp-json\/wp\/v2\/users\/2"}],"replies":[{"embeddable":true,"href":"https:\/\/www.europesays.com\/fr\/wp-json\/wp\/v2\/comments?post=472156"}],"version-history":[{"count":0,"href":"https:\/\/www.europesays.com\/fr\/wp-json\/wp\/v2\/posts\/472156\/revisions"}],"wp:featuredmedia":[{"embeddable":true,"href":"https:\/\/www.europesays.com\/fr\/wp-json\/wp\/v2\/media\/472157"}],"wp:attachment":[{"href":"https:\/\/www.europesays.com\/fr\/wp-json\/wp\/v2\/media?parent=472156"}],"wp:term":[{"taxonomy":"category","embeddable":true,"href":"https:\/\/www.europesays.com\/fr\/wp-json\/wp\/v2\/categories?post=472156"},{"taxonomy":"post_tag","embeddable":true,"href":"https:\/\/www.europesays.com\/fr\/wp-json\/wp\/v2\/tags?post=472156"}],"curies":[{"name":"wp","href":"https:\/\/api.w.org\/{rel}","templated":true}]}}