{"id":472160,"date":"2025-10-18T09:39:11","date_gmt":"2025-10-18T09:39:11","guid":{"rendered":"https:\/\/www.europesays.com\/fr\/472160\/"},"modified":"2025-10-18T09:39:11","modified_gmt":"2025-10-18T09:39:11","slug":"la-metropole-europeenne-de-lille-annonce-lachat-de-41-bus-electriques","status":"publish","type":"post","link":"https:\/\/www.europesays.com\/fr\/472160\/","title":{"rendered":"La M\u00e9tropole europ\u00e9enne de Lille annonce l&rsquo;achat de 41 bus \u00e9lectriques"},"content":{"rendered":"<p>            Par<br \/>\n        <strong><br \/>\n            <a href=\"https:\/\/actu.fr\/auteur\/nicolas-demollien\" title=\"Consulter tous les articles de Nicolas Demollien\" target=\"_blank\" rel=\"noopener\">Nicolas Demollien<\/a><br \/>\n        <\/strong><\/p>\n<p>        Publi\u00e9 le<\/p>\n<p>            18 oct. 2025 \u00e0 10h46        <\/p>\n<p>\u00ab\u00a0Nous voulons r\u00e9pondre \u00e0 la r\u00e9glementation sur l\u2019<b>achat de v\u00e9hicules propres<\/b> et poursuivre notre engagement en faveur de la transition \u00e9cologique\u00a0\u00bb. La <a href=\"https:\/\/actu.fr\/tag\/metropole-europeenne-de-lille\" target=\"_blank\" rel=\"noopener\">M\u00e9tropole europ\u00e9enne de Lille<\/a> (Nord) vient d\u2019annoncer l\u2019<b>achat prochain de 41 bus \u00e9lectriques standards<\/b>. Il sera accompagn\u00e9 de l\u2019am\u00e9nagement du site de remisage situ\u00e9 \u00e0 <a href=\"https:\/\/actu.fr\/hauts-de-france\/sequedin_59566\" target=\"_blank\" rel=\"noopener\">Sequedin<\/a>.<\/p>\n<p>La M\u00e9tropole de Lille passe aux bus \u00e9lectriques<\/p>\n<p class=\" wall-content\">Un premier pas puisque la collectivit\u00e9 pr\u00e9voit, dans le cadre de son contrat de concession des transports, l<b>\u2018acquisition de 65 bus \u00e9lectriques standards et articul\u00e9s sur la p\u00e9riode 2027-2031<\/b>. La d\u00e9lib\u00e9ration adopt\u00e9e vendredi 17 octobre 2025 concerne sp\u00e9cifiquement les bus \u00e9lectriques standards, l\u2019acquisition des bus articul\u00e9s interviendra dans un second temps. Afin d\u2019acqu\u00e9rir ces nouveaux bus, la MEL va conclure un accord-cadre sur 5 ans d\u2019un montant minimum de 15 M\u20ac HT et maximum de 40 M\u20ac HT. Le montant estim\u00e9 des bons de commande est de 23 M\u20ac HT.<\/p>\n<p class=\" wall-content\">Rappelons que la <b>flotte de bus de la MEL compte aujourd\u2019hui 460 v\u00e9hicules<\/b>, tous aliment\u00e9s au gaz naturel pour v\u00e9hicules (GNV) depuis 2013. La transition vers le BioGNV est d\u00e9sormais engag\u00e9e : depuis le 1er avril 2025, <a href=\"https:\/\/actu.fr\/tag\/ilevia\" target=\"_blank\" rel=\"noopener\">Il\u00e9via<\/a> ach\u00e8te des garanties d\u2019origine couvrant 25 % de la consommation de ses bus GNV, avec pour objectif d\u2019atteindre 100 % d\u2019ici 2028. Pour accompagner l\u2019arriv\u00e9e future des nouveaux bus, le site de remisage de Sequedin fera l\u2019objet d\u2019une adaptation compl\u00e8te. \u00ab\u00a0Le projet comprend notamment l\u2019installation de bornes de recharge, le raccordement \u00e9lectrique, le d\u00e9mant\u00e8lement partiel des installations GNV existantes, ainsi que divers travaux de voirie et r\u00e9seaux n\u00e9cessaires\u00a0\u00bb, assure la M\u00e9tropole europ\u00e9enne.<\/p>\n<p data-end=\"2837\" class=\" wall-content\">Ces am\u00e9nagements doivent permettre d\u2019assurer la recharge quotidienne et la maintenance des nouveaux v\u00e9hicules. Quant au co\u00fbt de cette op\u00e9ration, il est estim\u00e9 \u00e0 7,1 M\u20ac HT. La dur\u00e9e pr\u00e9visionnelle du chantier est de 24 mois.<\/p>\n<p class=\" wall-content\">Personnalisez votre actualit\u00e9 en ajoutant vos villes et m\u00e9dias en favori avec <a href=\"https:\/\/moncompte.actu.fr\" title=\"D\u00e9couvez Mon Actu\" rel=\"nofollow noopener\" data-trk=\"{&quot;cta&quot;:{&quot;action&quot;:&quot;https:\\\/\\\/moncompte.actu.fr&quot;,&quot;category&quot;:&quot;mon compte&quot;,&quot;from&quot;:&quot;article footer&quot;,&quot;name&quot;:&quot;Mon actu&quot;,&quot;type&quot;:&quot;cta&quot;}}\" target=\"_blank\">Mon Actu<\/a>.<\/p>\n","protected":false},"excerpt":{"rendered":"Par Nicolas Demollien Publi\u00e9 le 18 oct. 2025 \u00e0 10h46 \u00ab\u00a0Nous voulons r\u00e9pondre \u00e0 la r\u00e9glementation sur l\u2019achat&hellip;\n","protected":false},"author":2,"featured_media":472161,"comment_status":"","ping_status":"","sticky":false,"template":"","format":"standard","meta":{"footnotes":""},"categories":[2815],"tags":[1111,11,1777,674,1011,27,811,4288,1307,4863,12,25,104,2803],"class_list":{"0":"post-472160","1":"post","2":"type-post","3":"status-publish","4":"format-standard","5":"has-post-thumbnail","7":"category-lille","8":"tag-actu","9":"tag-actualites","10":"tag-eu","11":"tag-europe","12":"tag-fr","13":"tag-france","14":"tag-hauts-de-france","15":"tag-ilevia","16":"tag-lille","17":"tag-metropole-europeenne-de-lille","18":"tag-news","19":"tag-republique-francaise","20":"tag-societe","21":"tag-transport"},"share_on_mastodon":{"url":"https:\/\/pubeurope.com\/@fr\/115394508687752387","error":""},"_links":{"self":[{"href":"https:\/\/www.europesays.com\/fr\/wp-json\/wp\/v2\/posts\/472160","targetHints":{"allow":["GET"]}}],"collection":[{"href":"https:\/\/www.europesays.com\/fr\/wp-json\/wp\/v2\/posts"}],"about":[{"href":"https:\/\/www.europesays.com\/fr\/wp-json\/wp\/v2\/types\/post"}],"author":[{"embeddable":true,"href":"https:\/\/www.europesays.com\/fr\/wp-json\/wp\/v2\/users\/2"}],"replies":[{"embeddable":true,"href":"https:\/\/www.europesays.com\/fr\/wp-json\/wp\/v2\/comments?post=472160"}],"version-history":[{"count":0,"href":"https:\/\/www.europesays.com\/fr\/wp-json\/wp\/v2\/posts\/472160\/revisions"}],"wp:featuredmedia":[{"embeddable":true,"href":"https:\/\/www.europesays.com\/fr\/wp-json\/wp\/v2\/media\/472161"}],"wp:attachment":[{"href":"https:\/\/www.europesays.com\/fr\/wp-json\/wp\/v2\/media?parent=472160"}],"wp:term":[{"taxonomy":"category","embeddable":true,"href":"https:\/\/www.europesays.com\/fr\/wp-json\/wp\/v2\/categories?post=472160"},{"taxonomy":"post_tag","embeddable":true,"href":"https:\/\/www.europesays.com\/fr\/wp-json\/wp\/v2\/tags?post=472160"}],"curies":[{"name":"wp","href":"https:\/\/api.w.org\/{rel}","templated":true}]}}