{"id":472163,"date":"2025-10-18T09:41:10","date_gmt":"2025-10-18T09:41:10","guid":{"rendered":"https:\/\/www.europesays.com\/fr\/472163\/"},"modified":"2025-10-18T09:41:10","modified_gmt":"2025-10-18T09:41:10","slug":"marseille-un-jeune-homme-entre-la-vie-et-la-mort-apres-une-violente-agression-au-couteau","status":"publish","type":"post","link":"https:\/\/www.europesays.com\/fr\/472163\/","title":{"rendered":"Marseille. Un jeune homme entre la vie et la mort apr\u00e8s une violente agression au couteau"},"content":{"rendered":"<p>            Par<br \/>\n        <strong><br \/>\n            <a href=\"https:\/\/actu.fr\/auteur\/fabien-binacchi\" title=\"Consulter tous les articles de Fabien Binacchi\" target=\"_blank\" rel=\"noopener\">Fabien Binacchi<\/a><br \/>\n        <\/strong><\/p>\n<p>        Publi\u00e9 le<\/p>\n<p>            18 oct. 2025 \u00e0 10h09        <\/p>\n<p><strong>INFO ACTU MARSEILLE.<\/strong> Une agression dans des circonstances tr\u00e8s troubles. Dans la nuit de vendredi \u00e0 ce samedi 18\u00a0octobre 2025, un jeune homme a \u00e9t\u00e9 retrouv\u00e9\u00a0<strong>gri\u00e8vement bless\u00e9 \u00e0 l\u2019arme blanche,<\/strong> en pleine rue dans le 15e arrondissement de <a href=\"https:\/\/actu.fr\/marseille\/\" target=\"_blank\" rel=\"noopener\">Marseille<\/a>.<\/p>\n<p class=\" wall-content\">Son pronostic vital est engag\u00e9.<\/p>\n<p>Victime de coups de couteau et frapp\u00e9 au visage<\/p>\n<p class=\" wall-content\">Un peu avant 3h du matin, ce samedi, les marins-pompiers prennent en charge un jeune homme de 22\u00a0ans gri\u00e8vement bless\u00e9 au couteau. Selon les informations d\u2019actu Marseille, il est d\u00e9couvert sur la voie publique, entre deux v\u00e9hicules, dans le quartier Saint-Louis. Il pr\u00e9sente notamment <strong>des plaies profondes<\/strong> au niveau des fesses.<\/p>\n<p class=\" wall-content\">La victime, qui a perdu beaucoup de sang et qui a \u00e9galement \u00e9t\u00e9 <strong>violemment frapp\u00e9e au visage,<\/strong> est m\u00e9dicalis\u00e9e sur place et transport\u00e9e d\u2019urgence vers un h\u00f4pital.<\/p>\n<p>Un chargeur de pistolet retrouv\u00e9<\/p>\n<p class=\" wall-content\">Des sp\u00e9cialistes de la <strong>police scientifique<\/strong> se sont imm\u00e9diatement rendus sur place. Toujours selon nos informations, le chargeur d\u2019une arme de poing et plusieurs balles auraient \u00e9galement \u00e9t\u00e9 retrouv\u00e9s sur les lieux.<\/p>\n<p class=\" wall-content\">Une enqu\u00eate a \u00e9t\u00e9 ouverte pour pr\u00e9ciser les circonstances de cette agression.<\/p>\n<p class=\" wall-content\">Personnalisez votre actualit\u00e9 en ajoutant vos villes et m\u00e9dias en favori avec <a href=\"https:\/\/moncompte.actu.fr\" title=\"D\u00e9couvez Mon Actu\" rel=\"nofollow noopener\" data-trk=\"{&quot;cta&quot;:{&quot;action&quot;:&quot;https:\\\/\\\/moncompte.actu.fr&quot;,&quot;category&quot;:&quot;mon compte&quot;,&quot;from&quot;:&quot;article footer&quot;,&quot;name&quot;:&quot;Mon actu&quot;,&quot;type&quot;:&quot;cta&quot;}}\" target=\"_blank\">Mon Actu<\/a>.<\/p>\n","protected":false},"excerpt":{"rendered":"Par Fabien Binacchi Publi\u00e9 le 18 oct. 2025 \u00e0 10h09 INFO ACTU MARSEILLE. Une agression dans des circonstances&hellip;\n","protected":false},"author":2,"featured_media":326949,"comment_status":"","ping_status":"","sticky":false,"template":"","format":"standard","meta":{"footnotes":""},"categories":[2814],"tags":[1111,11,1777,674,118,1011,27,17289,884,12,1072,882,25],"class_list":{"0":"post-472163","1":"post","2":"type-post","3":"status-publish","4":"format-standard","5":"has-post-thumbnail","7":"category-marseille","8":"tag-actu","9":"tag-actualites","10":"tag-eu","11":"tag-europe","12":"tag-faits-divers","13":"tag-fr","14":"tag-france","15":"tag-marin-pompier","16":"tag-marseille","17":"tag-news","18":"tag-police","19":"tag-provence-alpes-cote-dazur","20":"tag-republique-francaise"},"share_on_mastodon":{"url":"https:\/\/pubeurope.com\/@fr\/115394516530215632","error":""},"_links":{"self":[{"href":"https:\/\/www.europesays.com\/fr\/wp-json\/wp\/v2\/posts\/472163","targetHints":{"allow":["GET"]}}],"collection":[{"href":"https:\/\/www.europesays.com\/fr\/wp-json\/wp\/v2\/posts"}],"about":[{"href":"https:\/\/www.europesays.com\/fr\/wp-json\/wp\/v2\/types\/post"}],"author":[{"embeddable":true,"href":"https:\/\/www.europesays.com\/fr\/wp-json\/wp\/v2\/users\/2"}],"replies":[{"embeddable":true,"href":"https:\/\/www.europesays.com\/fr\/wp-json\/wp\/v2\/comments?post=472163"}],"version-history":[{"count":0,"href":"https:\/\/www.europesays.com\/fr\/wp-json\/wp\/v2\/posts\/472163\/revisions"}],"wp:featuredmedia":[{"embeddable":true,"href":"https:\/\/www.europesays.com\/fr\/wp-json\/wp\/v2\/media\/326949"}],"wp:attachment":[{"href":"https:\/\/www.europesays.com\/fr\/wp-json\/wp\/v2\/media?parent=472163"}],"wp:term":[{"taxonomy":"category","embeddable":true,"href":"https:\/\/www.europesays.com\/fr\/wp-json\/wp\/v2\/categories?post=472163"},{"taxonomy":"post_tag","embeddable":true,"href":"https:\/\/www.europesays.com\/fr\/wp-json\/wp\/v2\/tags?post=472163"}],"curies":[{"name":"wp","href":"https:\/\/api.w.org\/{rel}","templated":true}]}}