{"id":472164,"date":"2025-10-18T09:42:14","date_gmt":"2025-10-18T09:42:14","guid":{"rendered":"https:\/\/www.europesays.com\/fr\/472164\/"},"modified":"2025-10-18T09:42:14","modified_gmt":"2025-10-18T09:42:14","slug":"une-partie-de-boules-explosive-fait-38-morts","status":"publish","type":"post","link":"https:\/\/www.europesays.com\/fr\/472164\/","title":{"rendered":"une partie de boules explosive fait 38 morts"},"content":{"rendered":"<p>\u00a0<br \/>\nUn calme&#8230; tr\u00e8s relatif<\/p>\n<p>Nous sommes au printemps 1792. Comme l&rsquo;explique Michel M\u00e9t\u00e9nier, Marseille est une ville encore relativement calme. La R\u00e9volution est en marche, le maire Jean-Raymond Mouraille est un Jacobin convaincu, mais la guillotine n&rsquo;a pas encore \u00e9t\u00e9 install\u00e9e et le commerce, moteur de la cit\u00e9, est toujours prosp\u00e8re. L&rsquo;agitation est pourtant sous-jacente. La France vient de d\u00e9clarer la guerre \u00e0 une bonne partie de l&rsquo;Europe, et les r\u00e9volutionnaires marseillais sont all\u00e9s mettre au pas la voisine \u00ab\u00a0aristocratique\u00a0\u00bb, Arles.<\/p>\n<p>C&rsquo;est dans ce contexte que des soldats de la Garde Nationale, de jeunes bourgeois, reviennent de leur exp\u00e9dition arl\u00e9sienne et prennent leurs quartiers.<\/p>\n<p>\u00a0<\/p>\n<p>L&rsquo;ennui, le jeu et le drame<\/p>\n<p>Ces gardes nationaux sont charg\u00e9s d&rsquo;une mission : surveiller l&rsquo;ancien couvent des R\u00e9collets, situ\u00e9 du c\u00f4t\u00e9 de l&rsquo;actuel cours Belsunce. Confisqu\u00e9 \u00e0 l&rsquo;\u00c9glise, le b\u00e2timent sert d\u00e9sormais d&rsquo;arsenal o\u00f9 sont entrepos\u00e9es des armes, des fusils, et surtout&#8230; des tonneaux de poudre.<\/p>\n<p>Les journ\u00e9es sont longues et les jeunes soldats s&rsquo;ennuient. Pour passer le temps, ils d\u00e9cident de faire une partie de boules. \u00ab\u00a0Attention, on ne joue pas \u00e0 la p\u00e9tanque, \u00e7a n&rsquo;existe pas encore !\u00a0\u00bb, pr\u00e9cise Michel M\u00e9t\u00e9nier. On joue aux boules, mais avec ce qu&rsquo;on a sous la main, et ce jour-l\u00e0, sous la main, il y avait <strong>des boulets de canon<\/strong> !<\/p>\n<p>Le sol en pierre du couvent r\u00e9sonne sous le choc des projectiles, mais le pire \u00e9tait \u00e0 venir. \u00ab\u00a0\u00c0 un moment donn\u00e9, vraisemblablement, une \u00e9tincelle&#8230;\u00a0\u00bb raconte l&rsquo;historien. L&rsquo;\u00e9tincelle, provoqu\u00e9e par le choc d&rsquo;un boulet sur les dalles, met le feu aux tonneaux de poudre stock\u00e9s juste \u00e0 c\u00f4t\u00e9.<\/p>\n<p>\u00a0<\/p>\n<p>Un \u00ab\u00a0gros boum\u00a0\u00bb en plein Marseille<\/p>\n<p>Le <strong>28 avril 1792<\/strong>, une explosion d\u00e9vastatrice secoue tout le quartier. Le bilan est terrible : une partie du couvent s&rsquo;effondre, on d\u00e9nombre <strong>38 morts et plus de 200 bless\u00e9s<\/strong>. L&rsquo;\u00e9v\u00e9nement, bien que tragique, est rapidement authentifi\u00e9. Les rescap\u00e9s ont d\u00fb avouer l&rsquo;origine de l&rsquo;accident : une simple partie de boules, ou plut\u00f4t de boulets, pour tromper l&rsquo;ennui.<\/p>\n<p>De cet ancien couvent, il ne reste aujourd&rsquo;hui plus de traces directes. Apr\u00e8s avoir \u00e9t\u00e9 reconstruit, le site abrite d\u00e9sormais l&rsquo;\u00e9glise Saint-Th\u00e9odore connue des Marseillais dans le quartier de Belsunce. Une histoire explosive, au sens propre du terme, qui nous rappelle que le pass\u00e9 de Marseille rec\u00e8le bien des anecdotes surprenantes.<\/p>\n<p>\u00a0<\/p>\n<p><a href=\"https:\/\/www.comiteduvieuxmarseille.net\/\" target=\"_blank\" rel=\"noopener\">https:\/\/www.comiteduvieuxmarseille.net\/<\/a><\/p>\n<p>Voir la <a href=\"https:\/\/youtu.be\/mgInMbe0Ilw?si=_Lbl3cKQfZ6lJJx_&amp;t=1830\" target=\"_blank\" rel=\"noopener\">vid\u00e9o de Michel M\u00e9t\u00e9nier dans La Famille Maritima<\/a><\/p>\n<p>\u00a0<\/p>\n","protected":false},"excerpt":{"rendered":"\u00a0 Un calme&#8230; tr\u00e8s relatif Nous sommes au printemps 1792. Comme l&rsquo;explique Michel M\u00e9t\u00e9nier, Marseille est une ville&hellip;\n","protected":false},"author":2,"featured_media":472165,"comment_status":"","ping_status":"","sticky":false,"template":"","format":"standard","meta":{"footnotes":""},"categories":[2814],"tags":[1111,11,1777,674,1011,27,937,59563,884,12,1186,882,25,59564],"class_list":{"0":"post-472164","1":"post","2":"type-post","3":"status-publish","4":"format-standard","5":"has-post-thumbnail","7":"category-marseille","8":"tag-actu","9":"tag-actualites","10":"tag-eu","11":"tag-europe","12":"tag-fr","13":"tag-france","14":"tag-histoire","15":"tag-la-famille-maritima","16":"tag-marseille","17":"tag-news","18":"tag-provence","19":"tag-provence-alpes-cote-dazur","20":"tag-republique-francaise","21":"tag-tie-du-sud"},"share_on_mastodon":{"url":"https:\/\/pubeurope.com\/@fr\/115394520456168994","error":""},"_links":{"self":[{"href":"https:\/\/www.europesays.com\/fr\/wp-json\/wp\/v2\/posts\/472164","targetHints":{"allow":["GET"]}}],"collection":[{"href":"https:\/\/www.europesays.com\/fr\/wp-json\/wp\/v2\/posts"}],"about":[{"href":"https:\/\/www.europesays.com\/fr\/wp-json\/wp\/v2\/types\/post"}],"author":[{"embeddable":true,"href":"https:\/\/www.europesays.com\/fr\/wp-json\/wp\/v2\/users\/2"}],"replies":[{"embeddable":true,"href":"https:\/\/www.europesays.com\/fr\/wp-json\/wp\/v2\/comments?post=472164"}],"version-history":[{"count":0,"href":"https:\/\/www.europesays.com\/fr\/wp-json\/wp\/v2\/posts\/472164\/revisions"}],"wp:featuredmedia":[{"embeddable":true,"href":"https:\/\/www.europesays.com\/fr\/wp-json\/wp\/v2\/media\/472165"}],"wp:attachment":[{"href":"https:\/\/www.europesays.com\/fr\/wp-json\/wp\/v2\/media?parent=472164"}],"wp:term":[{"taxonomy":"category","embeddable":true,"href":"https:\/\/www.europesays.com\/fr\/wp-json\/wp\/v2\/categories?post=472164"},{"taxonomy":"post_tag","embeddable":true,"href":"https:\/\/www.europesays.com\/fr\/wp-json\/wp\/v2\/tags?post=472164"}],"curies":[{"name":"wp","href":"https:\/\/api.w.org\/{rel}","templated":true}]}}