{"id":472167,"date":"2025-10-18T09:44:16","date_gmt":"2025-10-18T09:44:16","guid":{"rendered":"https:\/\/www.europesays.com\/fr\/472167\/"},"modified":"2025-10-18T09:44:16","modified_gmt":"2025-10-18T09:44:16","slug":"a-lyon-il-pousse-sa-moto-a-160km-h-dans-une-zone-limitee-a-30","status":"publish","type":"post","link":"https:\/\/www.europesays.com\/fr\/472167\/","title":{"rendered":"A Lyon, il pousse sa moto \u00e0 160km\/h dans une zone limit\u00e9e \u00e0 30"},"content":{"rendered":"<p itemprop=\"description\"><strong>Pas besoin d&rsquo;autoroute ou de grands espaces pour battre des records dangereux de vitesse.<\/strong><\/p>\n<p>Mardi matin, la police municipale a rep\u00e9r\u00e9 un motard qui piquait de grandes pointes rue Jean Bouin dans le 7e arrondissement de Lyon.<\/p>\n<p>Sur cet axe limit\u00e9 \u00e0 30km\/h le long du Matmut Stadium et de la Plaine des Jeux de Gerland, l&rsquo;individu a \u00e9t\u00e9 flash\u00e9 \u00e0 157km\/h !<\/p>\n<p>Contr\u00f4l\u00e9 par les forces de l&rsquo;ordre, le trentenaire a \u00e9t\u00e9 oblig\u00e9 d&rsquo;avouer que sa moto n&rsquo;\u00e9tait pas non plus assur\u00e9e.<\/p>\n<p>Son permis lui a \u00e9t\u00e9 confisqu\u00e9 imm\u00e9diatement et la Yamaha FZR a \u00e9t\u00e9 remise \u00e0 la fourri\u00e8re.<\/p>\n<p>A pied, le motard devra prochainement se rendre au commissariat dans le cadre de la proc\u00e9dure ouverte contre lui.<\/p>\n","protected":false},"excerpt":{"rendered":"Pas besoin d&rsquo;autoroute ou de grands espaces pour battre des records dangereux de vitesse. Mardi matin, la police&hellip;\n","protected":false},"author":2,"featured_media":472168,"comment_status":"","ping_status":"","sticky":false,"template":"","format":"standard","meta":{"footnotes":""},"categories":[1889],"tags":[1111,11,2813,2190,2430,1109,251,1112,2811,1777,674,118,1011,27,1922,1110,1114,2428,2810,12,241,316,25,2812,517,800],"class_list":{"0":"post-472167","1":"post","2":"type-post","3":"status-publish","4":"format-standard","5":"has-post-thumbnail","7":"category-lyon","8":"tag-actu","9":"tag-actualites","10":"tag-article","11":"tag-asvel","12":"tag-auvergne-rhone-alpes","13":"tag-breves","14":"tag-culture","15":"tag-depeches","16":"tag-economique","17":"tag-eu","18":"tag-europe","19":"tag-faits-divers","20":"tag-fr","21":"tag-france","22":"tag-info","23":"tag-informations","24":"tag-infos","25":"tag-lyon","26":"tag-lyonmag","27":"tag-news","28":"tag-ol","29":"tag-politique","30":"tag-republique-francaise","31":"tag-sociale","32":"tag-sport","33":"tag-transports"},"share_on_mastodon":{"url":"https:\/\/pubeurope.com\/@fr\/115394528317244208","error":""},"_links":{"self":[{"href":"https:\/\/www.europesays.com\/fr\/wp-json\/wp\/v2\/posts\/472167","targetHints":{"allow":["GET"]}}],"collection":[{"href":"https:\/\/www.europesays.com\/fr\/wp-json\/wp\/v2\/posts"}],"about":[{"href":"https:\/\/www.europesays.com\/fr\/wp-json\/wp\/v2\/types\/post"}],"author":[{"embeddable":true,"href":"https:\/\/www.europesays.com\/fr\/wp-json\/wp\/v2\/users\/2"}],"replies":[{"embeddable":true,"href":"https:\/\/www.europesays.com\/fr\/wp-json\/wp\/v2\/comments?post=472167"}],"version-history":[{"count":0,"href":"https:\/\/www.europesays.com\/fr\/wp-json\/wp\/v2\/posts\/472167\/revisions"}],"wp:featuredmedia":[{"embeddable":true,"href":"https:\/\/www.europesays.com\/fr\/wp-json\/wp\/v2\/media\/472168"}],"wp:attachment":[{"href":"https:\/\/www.europesays.com\/fr\/wp-json\/wp\/v2\/media?parent=472167"}],"wp:term":[{"taxonomy":"category","embeddable":true,"href":"https:\/\/www.europesays.com\/fr\/wp-json\/wp\/v2\/categories?post=472167"},{"taxonomy":"post_tag","embeddable":true,"href":"https:\/\/www.europesays.com\/fr\/wp-json\/wp\/v2\/tags?post=472167"}],"curies":[{"name":"wp","href":"https:\/\/api.w.org\/{rel}","templated":true}]}}