{"id":472169,"date":"2025-10-18T09:45:16","date_gmt":"2025-10-18T09:45:16","guid":{"rendered":"https:\/\/www.europesays.com\/fr\/472169\/"},"modified":"2025-10-18T09:45:16","modified_gmt":"2025-10-18T09:45:16","slug":"voici-les-brocantes-et-vide-greniers-organises-le-week-end-des-18-et-19-octobre","status":"publish","type":"post","link":"https:\/\/www.europesays.com\/fr\/472169\/","title":{"rendered":"voici les brocantes et vide-greniers organis\u00e9s le week-end des 18 et 19 octobre"},"content":{"rendered":"<p>            Par<br \/>\n        <strong><br \/>\n            <a href=\"https:\/\/actu.fr\/auteur\/redaction-paris\" title=\"Consulter tous les articles de R\u00e9daction Paris\" target=\"_blank\" rel=\"noopener\">R\u00e9daction Paris<\/a><br \/>\n        <\/strong><\/p>\n<p>        Publi\u00e9 le<\/p>\n<p>            16 oct. 2025 \u00e0 11h29        <\/p>\n<p>Malgr\u00e9 l\u2019arriv\u00e9e des <strong>vacances de Toussaint<\/strong>, il y a encore des <a href=\"https:\/\/actu.fr\/tag\/brocante\" target=\"_blank\" rel=\"noopener\">brocantes<\/a> et <a href=\"https:\/\/actu.fr\/tag\/vide-greniers\" target=\"_blank\" rel=\"noopener\">vide-greniers<\/a> organis\u00e9s samedi 18 et dimanche 19 octobre \u00e0 Paris et dans l\u2019ensemble de l\u2019\u00cele-de-France. De nombreuses occasion de chiner. Voici notre s\u00e9lection.\u00a0<\/p>\n<p>Les brocantes et vide-greniers en \u00cele-de-France samedi 18 octobre<\/p>\n<ul class=\" wall-content\">\n<li>Paris 6e : vide-greniers \u2013 S\u0153urs du Bon Secours, Rue Notre-Dame-des-Champs \u2013\u00a0<\/li>\n<li>Chilly-Mazarin (91) : brocante \u2013 L\u2019Empire, 3, Route de Longjumeau \u2013 De 7h30 \u00e0 18h<\/li>\n<li>Igny (91) : brocante \u2013 Centre Culturel Isadora Duncan, Place de Stalingrad \u2013 De 8h \u00e0 18h<\/li>\n<li>Montreuil (93) : vide-greniers \u2013 Place du March\u00e9, Boulevard Chanzy \u2013 De 8h \u00e0 18h<\/li>\n<li>Le Blanc-Mesnil (93) : brocante \u2013 Square Maurice Audin \u2013 De 8h \u00e0 18h<\/li>\n<\/ul>\n<p>Les brocantes et vide-greniers en \u00cele-de-France dimanche 19 octobre<\/p>\n<ul class=\" wall-content\">\n<li>Paris 5e : vide-greniers \u2013 \u00a0Place de la Contrescarpe\u00a0<\/li>\n<li>Paris 19e : vide-greniers \u2013 Rue Botzaris \u2013 De 6h \u00e0 19h<\/li>\n<li>Sartrouville (78) : puces \u2013 Rue L\u00e9on Jouhaux, Za du Prunay\u00a0<\/li>\n<li>Andr\u00e9sy (78) : brocante \u2013 March\u00e9 d\u2019Andr\u00e9sy \u2013 De 8h \u00e0 18h<\/li>\n<li>Chilly-Mazarin (91) : brocante \u2013 L\u2019Empire, 3, Route de Longjumeau \u2013 De 7h30 \u00e0 18h<\/li>\n<li>Saint-Michel-sur-Orge (91) : vide-greniers \u2013 Nouveau parking Casino rue sainte Genevi\u00e8ve des bois\u00a0<\/li>\n<li>\u00c9tampes (91) : brocante \u2013 Avenue Charles de Gaulle \u2013 De 6h \u00e0 19h<\/li>\n<li>Ormesson-sur-Marne (94) : brocante \u2013 Carrefour, Route de Provins \u2013 De 8h \u00e0 18h<\/li>\n<\/ul>\n<p class=\" wall-content\">Personnalisez votre actualit\u00e9 en ajoutant vos villes et m\u00e9dias en favori avec <a href=\"https:\/\/moncompte.actu.fr\" title=\"D\u00e9couvez Mon Actu\" rel=\"nofollow noopener\" data-trk=\"{&quot;cta&quot;:{&quot;action&quot;:&quot;https:\\\/\\\/moncompte.actu.fr&quot;,&quot;category&quot;:&quot;mon compte&quot;,&quot;from&quot;:&quot;article footer&quot;,&quot;name&quot;:&quot;Mon actu&quot;,&quot;type&quot;:&quot;cta&quot;}}\" target=\"_blank\">Mon Actu<\/a>.<\/p>\n","protected":false},"excerpt":{"rendered":"Par R\u00e9daction Paris Publi\u00e9 le 16 oct. 2025 \u00e0 11h29 Malgr\u00e9 l\u2019arriv\u00e9e des vacances de Toussaint, il y&hellip;\n","protected":false},"author":2,"featured_media":456830,"comment_status":"","ping_status":"","sticky":false,"template":"","format":"standard","meta":{"footnotes":""},"categories":[1592],"tags":[1111,11,6961,1777,674,1011,27,662,1652,12,626,25,3365],"class_list":{"0":"post-472169","1":"post","2":"type-post","3":"status-publish","4":"format-standard","5":"has-post-thumbnail","7":"category-ile-de-france","8":"tag-actu","9":"tag-actualites","10":"tag-brocante","11":"tag-eu","12":"tag-europe","13":"tag-fr","14":"tag-france","15":"tag-ile-de-france","16":"tag-loisirs-culture","17":"tag-news","18":"tag-paris","19":"tag-republique-francaise","20":"tag-vide-greniers"},"share_on_mastodon":{"url":"https:\/\/pubeurope.com\/@fr\/115394532194333228","error":""},"_links":{"self":[{"href":"https:\/\/www.europesays.com\/fr\/wp-json\/wp\/v2\/posts\/472169","targetHints":{"allow":["GET"]}}],"collection":[{"href":"https:\/\/www.europesays.com\/fr\/wp-json\/wp\/v2\/posts"}],"about":[{"href":"https:\/\/www.europesays.com\/fr\/wp-json\/wp\/v2\/types\/post"}],"author":[{"embeddable":true,"href":"https:\/\/www.europesays.com\/fr\/wp-json\/wp\/v2\/users\/2"}],"replies":[{"embeddable":true,"href":"https:\/\/www.europesays.com\/fr\/wp-json\/wp\/v2\/comments?post=472169"}],"version-history":[{"count":0,"href":"https:\/\/www.europesays.com\/fr\/wp-json\/wp\/v2\/posts\/472169\/revisions"}],"wp:featuredmedia":[{"embeddable":true,"href":"https:\/\/www.europesays.com\/fr\/wp-json\/wp\/v2\/media\/456830"}],"wp:attachment":[{"href":"https:\/\/www.europesays.com\/fr\/wp-json\/wp\/v2\/media?parent=472169"}],"wp:term":[{"taxonomy":"category","embeddable":true,"href":"https:\/\/www.europesays.com\/fr\/wp-json\/wp\/v2\/categories?post=472169"},{"taxonomy":"post_tag","embeddable":true,"href":"https:\/\/www.europesays.com\/fr\/wp-json\/wp\/v2\/tags?post=472169"}],"curies":[{"name":"wp","href":"https:\/\/api.w.org\/{rel}","templated":true}]}}