{"id":472172,"date":"2025-10-18T09:47:12","date_gmt":"2025-10-18T09:47:12","guid":{"rendered":"https:\/\/www.europesays.com\/fr\/472172\/"},"modified":"2025-10-18T09:47:12","modified_gmt":"2025-10-18T09:47:12","slug":"ancien-soutien-danne-hidalgo-ce-celebre-chanteur-est-desormais-derriere-rachida-dati","status":"publish","type":"post","link":"https:\/\/www.europesays.com\/fr\/472172\/","title":{"rendered":"ancien soutien d&rsquo;Anne Hidalgo, ce c\u00e9l\u00e8bre chanteur est d\u00e9sormais derri\u00e8re Rachida Dati"},"content":{"rendered":"<p>            Par<br \/>\n        <strong><br \/>\n            <a href=\"https:\/\/actu.fr\/auteur\/thomas-martin\" title=\"Consulter tous les articles de Thomas Martin\" target=\"_blank\" rel=\"noopener\">Thomas Martin<\/a><br \/>\n        <\/strong><\/p>\n<p>        Publi\u00e9 le<\/p>\n<p>            18 oct. 2025 \u00e0 10h42        <\/p>\n<p>La campagne de <a href=\"https:\/\/actu.fr\/tag\/rachida-dati\" target=\"_blank\" rel=\"noopener\">Rachida Dati<\/a> pour les <a href=\"https:\/\/actu.fr\/politique\/elections-municipales\" target=\"_blank\" rel=\"noopener\">municipales<\/a> \u00e0 Paris est officiellement lanc\u00e9e avec l\u2019inauguration de son <strong>QG de campagne<\/strong> rue Charles Baudelaire dans le 12e arrondissement de la capitale. \u00ab\u00a0Paris n\u2019est pas condamn\u00e9 \u00e0 la m\u00e9diocrit\u00e9 de l\u2019\u00e9quipe municipale sortante. Paris n\u2019est pas condamn\u00e9 \u00e0 \u00eatre tir\u00e9 vers le bas\u00a0\u00bb, a-t-elle notamment d\u00e9clar\u00e9 \u00e0 ses quelque 500 soutiens venus \u00e0 cette occasion.<\/p>\n<p>Ancien soutien de Nicolas Sarkozy et\u2026d\u2019Anne Hidalgo<\/p>\n<p class=\" wall-content\">Parmi ces derniers, un chanteur c\u00e9l\u00e8bre avait fait le d\u00e9placement : <a href=\"https:\/\/actu.fr\/ile-de-france\/paris_75056\/des-boules-puantes-jetees-durant-le-concert-d-enrico-macias-a-paris-le-chanteur-ne-va-pas-en-rester-la_62380973.html\" target=\"_blank\" rel=\"noopener\">Enrico Macias<\/a>. Ce dernier avait pourtant \u00e9t\u00e9 soutien d\u2019Anne Hidalgo \u00e0 l\u2019occasion des municipales de 2014. \u00ab\u00a0Beaucoup me l\u2019ont reproch\u00e9, notamment Carla Bruni \u00ab\u00a0, avait-il expliqu\u00e9 au JDD.\u00a0<\/p>\n<p class=\" wall-content\">\n<p class=\" wall-content\">Le chanteur, connu pour son amiti\u00e9 avec <a href=\"https:\/\/actu.fr\/tag\/nicolas-sarkozy\" target=\"_blank\" rel=\"noopener\">Nicolas Sarkozy<\/a>, avait en effet surpris en faisant partie du comit\u00e9 de soutien de la candidate PS \u00e0 la mairie de Paris. Lui s\u2019\u00e9tant toujours pr\u00e9sent\u00e9 comme un homme de gauche, avait f\u00eat\u00e9 la victoire Nicolas Sarkozy en s\u2019affichant \u00e0 ses c\u00f4t\u00e9s le 6 mai 2007, place de la Concorde.<\/p>\n<p class=\" wall-content\">Il \u00e9tait rest\u00e9 proche de Nicolas Sarkozy pendant son quinquennat et s\u2019\u00e9tait engag\u00e9 en sa faveur pendant sa derni\u00e8re campagne pr\u00e9sidentielle. Interrog\u00e9 alors par Le Figaro TV, l\u2019artiste avait indiqu\u00e9 avoir le c\u0153ur \u00e0 gauche \u00abpour la justice sociale\u00bb et de l\u2019amiti\u00e9 pour \u00abl\u2019homme Sarkozy\u00bb. Il avait expliqu\u00e9 qu\u2019il restait un homme de gauche et que son engagement n\u2019\u00e9tait pas pour l\u2019UMP ou une \u00abid\u00e9ologie\u00bb, mais au profit d\u2019un homme, son ami Nicolas Sarkozy.<\/p>\n<p>\u00ab\u00a0Rien ne m\u2019arr\u00eatera, rien ne m\u2019emp\u00eachera\u00a0\u00bb<\/p>\n<p class=\" wall-content\">Mise en cause dans deux affaires judiciaires, Rachida Dati, candidate LR \u00e0 la mairie de Paris, a r\u00e9cemment affirm\u00e9 sa d\u00e9termination \u00e0 briguer la capitale, assurant qu\u2019elle sera \u00ab\u00a0la <a href=\"https:\/\/actu.fr\/ile-de-france\/paris_75056\/je-serai-la-prochaine-maire-de-paris-rachida-dati-determinee-pour-les-municipales-2026_63269709.html\" target=\"_blank\" rel=\"noopener\">prochaine maire de Paris<\/a>\u00ab\u00a0, dans une interview \u00e0 France 3 Paris \u00cele-de-France.<\/p>\n<p class=\" wall-content\">\u00ab\u00a0Aujourd\u2019hui, je suis lanc\u00e9e dans une campagne pour la mairie de Paris. Je suis d\u00e9termin\u00e9e (\u2026) Je serai la prochaine maire de Paris. Rien ne m\u2019arr\u00eatera, rien ne m\u2019emp\u00eachera\u00a0\u00bb, a d\u00e9clar\u00e9 la maire du 7e arrondissement et ministre d\u00e9missionnaire de la Culture, en marge du Conseil de Paris.<\/p>\n<p class=\" wall-content\">Rachida Dati, 59 ans, a \u00e9t\u00e9 investie fin ao\u00fbt par Les R\u00e9publicains pour mener la bataille des municipales \u00e0 Paris en mars 2026. Son maintien au gouvernement remettra-t-il en question le soutien du parti ?\u00a0<\/p>\n<p class=\" wall-content\">Personnalisez votre actualit\u00e9 en ajoutant vos villes et m\u00e9dias en favori avec <a href=\"https:\/\/moncompte.actu.fr\" title=\"D\u00e9couvez Mon Actu\" rel=\"nofollow noopener\" data-trk=\"{&quot;cta&quot;:{&quot;action&quot;:&quot;https:\\\/\\\/moncompte.actu.fr&quot;,&quot;category&quot;:&quot;mon compte&quot;,&quot;from&quot;:&quot;article footer&quot;,&quot;name&quot;:&quot;Mon actu&quot;,&quot;type&quot;:&quot;cta&quot;}}\" target=\"_blank\">Mon Actu<\/a>.<\/p>\n","protected":false},"excerpt":{"rendered":"Par Thomas Martin Publi\u00e9 le 18 oct. 2025 \u00e0 10h42 La campagne de Rachida Dati pour les municipales&hellip;\n","protected":false},"author":2,"featured_media":472173,"comment_status":"","ping_status":"","sticky":false,"template":"","format":"standard","meta":{"footnotes":""},"categories":[1888],"tags":[1111,1928,11,1927,2618,4188,1777,674,1011,27,3434,12,1926,626,1925,316,417,25],"class_list":{"0":"post-472172","1":"post","2":"type-post","3":"status-publish","4":"format-standard","5":"has-post-thumbnail","7":"category-paris","8":"tag-actu","9":"tag-actu-paris","10":"tag-actualites","11":"tag-actualites-paris","12":"tag-anne-hidalgo","13":"tag-elections-municipales","14":"tag-eu","15":"tag-europe","16":"tag-fr","17":"tag-france","18":"tag-municipales-2026","19":"tag-news","20":"tag-news-paris","21":"tag-paris","22":"tag-paris-news","23":"tag-politique","24":"tag-rachida-dati","25":"tag-republique-francaise"},"share_on_mastodon":{"url":"https:\/\/pubeurope.com\/@fr\/115394540228817395","error":""},"_links":{"self":[{"href":"https:\/\/www.europesays.com\/fr\/wp-json\/wp\/v2\/posts\/472172","targetHints":{"allow":["GET"]}}],"collection":[{"href":"https:\/\/www.europesays.com\/fr\/wp-json\/wp\/v2\/posts"}],"about":[{"href":"https:\/\/www.europesays.com\/fr\/wp-json\/wp\/v2\/types\/post"}],"author":[{"embeddable":true,"href":"https:\/\/www.europesays.com\/fr\/wp-json\/wp\/v2\/users\/2"}],"replies":[{"embeddable":true,"href":"https:\/\/www.europesays.com\/fr\/wp-json\/wp\/v2\/comments?post=472172"}],"version-history":[{"count":0,"href":"https:\/\/www.europesays.com\/fr\/wp-json\/wp\/v2\/posts\/472172\/revisions"}],"wp:featuredmedia":[{"embeddable":true,"href":"https:\/\/www.europesays.com\/fr\/wp-json\/wp\/v2\/media\/472173"}],"wp:attachment":[{"href":"https:\/\/www.europesays.com\/fr\/wp-json\/wp\/v2\/media?parent=472172"}],"wp:term":[{"taxonomy":"category","embeddable":true,"href":"https:\/\/www.europesays.com\/fr\/wp-json\/wp\/v2\/categories?post=472172"},{"taxonomy":"post_tag","embeddable":true,"href":"https:\/\/www.europesays.com\/fr\/wp-json\/wp\/v2\/tags?post=472172"}],"curies":[{"name":"wp","href":"https:\/\/api.w.org\/{rel}","templated":true}]}}