{"id":472174,"date":"2025-10-18T09:48:21","date_gmt":"2025-10-18T09:48:21","guid":{"rendered":"https:\/\/www.europesays.com\/fr\/472174\/"},"modified":"2025-10-18T09:48:21","modified_gmt":"2025-10-18T09:48:21","slug":"samuel-umtiti-debarque-a-paris-la-reconversion-commence","status":"publish","type":"post","link":"https:\/\/www.europesays.com\/fr\/472174\/","title":{"rendered":"Samuel Umtiti d\u00e9barque \u00e0 Paris, la reconversion commence !"},"content":{"rendered":"<p class=\"mb-4 text-lg md:leading-8 break-words\">Les employ\u00e9s du Paris FC ont eu du mal \u00e0 en croire leurs yeux. Samuel Umtiti, champion du monde 2018, partage d\u00e9sormais leur quotidien au centre d\u2019entra\u00eenement d\u2019Orly. Le d\u00e9fenseur, qui a r\u00e9cemment tir\u00e9 un trait sur sa carri\u00e8re de joueur, a choisi le club parisien pour poser les premi\u00e8res pierres de sa reconversion vers le m\u00e9tier d\u2019entra\u00eeneur.<\/p>\n<p>Une pr\u00e9sence inattendue \u00e0 Orly<img alt=\"Une pr\u00e9sence inattendue \u00e0 Orly\" loading=\"lazy\" width=\"960\" height=\"540\" decoding=\"async\" data-nimg=\"1\" class=\"rounded-lg\" style=\"color:transparent\" src=\"https:\/\/www.europesays.com\/fr\/wp-content\/uploads\/2025\/10\/0b1bdd32950d6bee41a6bd281c21537a.jpeg\"\/><\/p>\n<p>Une pr\u00e9sence inattendue \u00e0 Orly<\/p>\n<p class=\"mb-4 text-lg md:leading-8 break-words\">Depuis le d\u00e9but de la semaine, Samuel Umtiti fr\u00e9quente r\u00e9guli\u00e8rement les installations du Paris FC. Selon les informations rapport\u00e9es par <a href=\"https:\/\/www.leparisien.fr\/sports\/football\/ligue-1-quand-un-champion-du-monde-surprend-les-salaries-du-paris-fc-a-la-cantine-du-club-17-10-2025-RDXR5CMDZRAVVHL6JBP63KBRYA.php\" rel=\"nofollow noopener\" target=\"_blank\" data-ylk=\"slk:Le Parisien;elm:context_link;itc:0;sec:content-canvas\" class=\"link \">Le Parisien<\/a>, l\u2019ancien d\u00e9fenseur du FC Barcelone y effectue un stage d\u2019observation aupr\u00e8s de l\u2019\u00e9quipe r\u00e9serve, qui \u00e9volue en R\u00e9gional 1. Aux c\u00f4t\u00e9s de l\u2019entra\u00eeneur Micha\u00ebl d\u2019Amore et de son adjoint Vincent Demarconnay, figure embl\u00e9matique du club, le champion du monde 2018 apprend \u00e0 observer, diriger et communiquer autrement que sur le terrain.<\/p>\n<p class=\"mb-4 text-lg md:leading-8 break-words\">La surprise fut totale pour le personnel du club. Aucun n\u2019avait \u00e9t\u00e9 inform\u00e9 de la venue de l\u2019ancien international fran\u00e7ais. C\u2019est donc avec \u00e9tonnement qu\u2019ils l\u2019ont aper\u00e7u prendre son repas \u00e0 la cantine du centre d\u2019Orly, comme un membre \u00e0 part enti\u00e8re du staff. Un geste simple, mais r\u00e9v\u00e9lateur de la volont\u00e9 d\u2019Umtiti de s\u2019int\u00e9grer pleinement dans ce nouveau r\u00f4le.<\/p>\n<p>Un retour aux sources pour le champion du monde<img alt=\"Un retour aux sources pour le champion du monde\" loading=\"lazy\" width=\"960\" height=\"540\" decoding=\"async\" data-nimg=\"1\" class=\"rounded-lg\" style=\"color:transparent\" src=\"https:\/\/www.europesays.com\/fr\/wp-content\/uploads\/2025\/10\/074fda58274422d922ce06af24a014ac.jpeg\"\/><\/p>\n<p>Un retour aux sources pour le champion du monde<\/p>\n<p class=\"mb-4 text-lg md:leading-8 break-words\">\u00c0 31 ans, <a href=\"https:\/\/fr.news.yahoo.com\/sport\/officiel-samuel-umtiti-tire-r%C3%A9v%C3%A9rence-144854503.html\" data-ylk=\"slk:Samuel Umtiti a choisi d\u2019ouvrir un nouveau chapitre. Le 15 septembre dernier, il avait officiellement annonc\u00e9 la fin de sa carri\u00e8re professionnelle;elm:context_link;itc:0;sec:content-canvas;outcm:mb_qualified_link;_E:mb_qualified_link;ct:story;\" class=\"link  yahoo-link\" target=\"_blank\" rel=\"noopener\">Samuel Umtiti a choisi d\u2019ouvrir un nouveau chapitre. Le 15 septembre dernier, il avait officiellement annonc\u00e9 la fin de sa carri\u00e8re professionnelle<\/a>, \u00e9puis\u00e9 par une blessure au genou qui le g\u00eanait depuis plusieurs saisons. Quelques jours plus tard, la F\u00e9d\u00e9ration Fran\u00e7aise de Football lui rendait hommage au Parc des Princes, <a href=\"https:\/\/fr.news.yahoo.com\/sport\/france-azerba%C3%AFdjan-mbapp%C3%A9-thauvin-buteurs-184311766.html\" data-ylk=\"slk:lors du match France - Azerba\u00efdjan (3-0);elm:context_link;itc:0;sec:content-canvas;outcm:mb_qualified_link;_E:mb_qualified_link;ct:story;\" class=\"link  yahoo-link\" target=\"_blank\" rel=\"noopener\">lors du match France &#8211; Azerba\u00efdjan (3-0)<\/a>. Une reconnaissance m\u00e9rit\u00e9e pour un joueur qui aura marqu\u00e9 l\u2019histoire des Bleus en 2018.<\/p>\n<p class=\"mb-4 text-lg md:leading-8 break-words\">Ce stage \u00e0 Orly est la premi\u00e8re \u00e9tape d\u2019une formation qu\u2019il souhaite mener s\u00e9rieusement. L\u2019ancien Lyonnais a retrouv\u00e9 au passage un visage familier, celui de Jimmy Briand, son ex-co\u00e9quipier \u00e0 l\u2019OL. Ce dernier, d\u00e9sormais entra\u00eeneur des U17 nationaux du Paris FC, a jou\u00e9 un r\u00f4le important dans la venue d\u2019Umtiti au club.<\/p>\n<p>Umtiti r\u00eave d\u00e9j\u00e0 du banc<img alt=\"Umtiti r\u00eave d\u00e9j\u00e0 du banc\" loading=\"lazy\" width=\"960\" height=\"540\" decoding=\"async\" data-nimg=\"1\" class=\"rounded-lg\" style=\"color:transparent\" src=\"https:\/\/www.europesays.com\/fr\/wp-content\/uploads\/2025\/10\/7e07b5affba016246b191d9fe35872fb.jpeg\"\/><\/p>\n<p>Umtiti r\u00eave d\u00e9j\u00e0 du banc<\/p>\n<p class=\"mb-4 text-lg md:leading-8 break-words\">Depuis sa retraite, <a href=\"https:\/\/fr.news.yahoo.com\/sport\/%C3%A0-peine-retrait%C3%A9-samuel-umtiti-041944257.html\" data-ylk=\"slk:Samuel Umtiti ne cache pas son envie de se reconvertir. Son objectif est clair : devenir entra\u00eeneur \u00e0 moyen terme;elm:context_link;itc:0;sec:content-canvas;outcm:mb_qualified_link;_E:mb_qualified_link;ct:story;\" class=\"link  yahoo-link\" target=\"_blank\" rel=\"noopener\">Samuel Umtiti ne cache pas son envie de se reconvertir. Son objectif est clair : devenir entra\u00eeneur \u00e0 moyen terme<\/a>. \u00ab Entra\u00eeneur, j\u2019y pense beaucoup, transmettre\u2026 J\u2019ai envie d\u2019avoir des responsabilit\u00e9s, mais j\u2019ai besoin de me former. \u00catre un joueur ne fera pas de toi un bon entra\u00eeneur. J\u2019esp\u00e8re \u00eatre sur les bancs d\u2019ici quelques ann\u00e9es \u00bb, a-t-il expliqu\u00e9 r\u00e9cemment.<\/p>\n<p class=\"mb-4 text-lg md:leading-8 break-words\">L\u2019ancien joueur de Lyon, Barcelone et Lille entame donc une p\u00e9riode d\u2019apprentissage intense. Entre th\u00e9orie et pratique, il observe chaque s\u00e9ance, \u00e9change avec les techniciens, prend des notes et s\u2019impr\u00e8gne de la r\u00e9alit\u00e9 du m\u00e9tier. Il sait qu\u2019il lui faudra du temps, mais la d\u00e9termination n\u2019a jamais manqu\u00e9 chez lui.<\/p>\n<p class=\"mb-4 text-lg md:leading-8 break-words\">Son ambition est d\u2019obtenir ses dipl\u00f4mes dans les ann\u00e9es \u00e0 venir, avant de se lancer v\u00e9ritablement dans le grand bain. Pour celui qui a remport\u00e9 la Coupe du monde \u00e0 seulement 24 ans, le d\u00e9fi est immense, mais il semble pr\u00eat \u00e0 s\u2019y consacrer pleinement.<\/p>\n<p>Une nouvelle vie commence \u00e0 Paris<img alt=\"Une nouvelle vie commence \u00e0 Paris\" loading=\"lazy\" width=\"960\" height=\"540\" decoding=\"async\" data-nimg=\"1\" class=\"rounded-lg\" style=\"color:transparent\" src=\"https:\/\/www.europesays.com\/fr\/wp-content\/uploads\/2025\/10\/f2386cfde376b97037989e3054966982.jpeg\"\/><\/p>\n<p>Une nouvelle vie commence \u00e0 Paris<\/p>\n<p class=\"mb-4 text-lg md:leading-8 break-words\">L\u2019arriv\u00e9e de Samuel Umtiti au Paris FC marque le d\u00e9but d\u2019un second souffle. Loin de la pression des grands stades, il d\u00e9couvre les coulisses d\u2019un autre football, plus discret, mais tout aussi passionnant. Le club parisien lui offre un cadre id\u00e9al pour apprendre et se projeter.<\/p>\n<p class=\"mb-4 text-lg md:leading-8 break-words\">Ce passage \u00e0 Orly n\u2019est sans doute qu\u2019une \u00e9tape, mais elle en dit long sur l\u2019\u00e9tat d\u2019esprit du champion du monde. Apr\u00e8s avoir tout donn\u00e9 sur les terrains, il veut d\u00e9sormais transmettre cette passion depuis les bancs. Une nouvelle aventure commence.<\/p>\n","protected":false},"excerpt":{"rendered":"Les employ\u00e9s du Paris FC ont eu du mal \u00e0 en croire leurs yeux. Samuel Umtiti, champion du&hellip;\n","protected":false},"author":2,"featured_media":472175,"comment_status":"","ping_status":"","sticky":false,"template":"","format":"standard","meta":{"footnotes":""},"categories":[1888],"tags":[1111,1928,11,1927,37780,1777,674,41565,1011,27,59568,59566,5553,1307,2428,12,1926,626,445,1925,25,34852,59565,59567],"class_list":{"0":"post-472174","1":"post","2":"type-post","3":"status-publish","4":"format-standard","5":"has-post-thumbnail","7":"category-paris","8":"tag-actu","9":"tag-actu-paris","10":"tag-actualites","11":"tag-actualites-paris","12":"tag-champion-du-monde","13":"tag-eu","14":"tag-europe","15":"tag-federation-francaise-de-football","16":"tag-fr","17":"tag-france","18":"tag-jimmy-briand","19":"tag-le-champion-du-monde","20":"tag-le-parisien","21":"tag-lille","22":"tag-lyon","23":"tag-news","24":"tag-news-paris","25":"tag-paris","26":"tag-paris-fc","27":"tag-paris-news","28":"tag-republique-francaise","29":"tag-samuel-umtiti","30":"tag-stage-dobservation","31":"tag-vincent-demarconnay"},"share_on_mastodon":{"url":"https:\/\/pubeurope.com\/@fr\/115394544812954419","error":""},"_links":{"self":[{"href":"https:\/\/www.europesays.com\/fr\/wp-json\/wp\/v2\/posts\/472174","targetHints":{"allow":["GET"]}}],"collection":[{"href":"https:\/\/www.europesays.com\/fr\/wp-json\/wp\/v2\/posts"}],"about":[{"href":"https:\/\/www.europesays.com\/fr\/wp-json\/wp\/v2\/types\/post"}],"author":[{"embeddable":true,"href":"https:\/\/www.europesays.com\/fr\/wp-json\/wp\/v2\/users\/2"}],"replies":[{"embeddable":true,"href":"https:\/\/www.europesays.com\/fr\/wp-json\/wp\/v2\/comments?post=472174"}],"version-history":[{"count":0,"href":"https:\/\/www.europesays.com\/fr\/wp-json\/wp\/v2\/posts\/472174\/revisions"}],"wp:featuredmedia":[{"embeddable":true,"href":"https:\/\/www.europesays.com\/fr\/wp-json\/wp\/v2\/media\/472175"}],"wp:attachment":[{"href":"https:\/\/www.europesays.com\/fr\/wp-json\/wp\/v2\/media?parent=472174"}],"wp:term":[{"taxonomy":"category","embeddable":true,"href":"https:\/\/www.europesays.com\/fr\/wp-json\/wp\/v2\/categories?post=472174"},{"taxonomy":"post_tag","embeddable":true,"href":"https:\/\/www.europesays.com\/fr\/wp-json\/wp\/v2\/tags?post=472174"}],"curies":[{"name":"wp","href":"https:\/\/api.w.org\/{rel}","templated":true}]}}