{"id":472176,"date":"2025-10-18T09:49:20","date_gmt":"2025-10-18T09:49:20","guid":{"rendered":"https:\/\/www.europesays.com\/fr\/472176\/"},"modified":"2025-10-18T09:49:20","modified_gmt":"2025-10-18T09:49:20","slug":"quand-on-parle-demmanuel-paty-les-musulmans-en-ont-marre-parce-que-ce-sont-eux-qui-sont-vises-deplore-limam-de-la-mosquee-de-paris","status":"publish","type":"post","link":"https:\/\/www.europesays.com\/fr\/472176\/","title":{"rendered":"\u00ab Quand on parle d\u2019Emmanuel Paty, les musulmans en ont marre, parce que ce sont eux qui sont vis\u00e9s \u00bb, d\u00e9plore l&rsquo;imam de la mosqu\u00e9e de Paris"},"content":{"rendered":"<p>                                            Soci\u00e9t\u00e9\n                                                                            <\/p>\n<p>\n                                            \u00c0 l&rsquo;occasion de la comm\u00e9moration de l&rsquo;assassinat de Samuel Paty par un terroriste djihadiste, Abdelali Mamoun, imam de la mosqu\u00e9e de Paris, a affirm\u00e9 que les musulmans sont \u00ab des victimes collat\u00e9rales de cette trag\u00e9die \u00bb.                                        <\/p>\n<p>                                                Publi\u00e9 le 17 octobre 2025 \u00e0 15h44                                                                                            <\/p>\n<p>                                            <img loading=\"lazy\" width=\"1024\" height=\"683\" src=\"https:\/\/www.europesays.com\/fr\/wp-content\/uploads\/2025\/10\/SIPA_ap22504545_0000021.jpg\" class=\"attachment-post-thumbnail size-post-thumbnail wp-post-image\" alt=\"Samuel Paty a \u00e9t\u00e9 assassin\u00e9 en 2020 par un terroriste tch\u00e9tch\u00e8ne radicalis\u00e9 sur internet. PHOTO \u00a9 Lewis Joly\/AP\/SIPA\" decoding=\"async\"  \/><\/p>\n<p>                                            Samuel Paty a \u00e9t\u00e9 assassin\u00e9 en 2020 par un terroriste tch\u00e9tch\u00e8ne radicalis\u00e9 sur internet. PHOTO \u00a9 Lewis Joly\/AP\/SIPA<\/p>\n<p>Voil\u00e0 cinq ans que <a href=\"https:\/\/www.valeursactuelles.com\/societe\/proces-de-samuel-paty-les-huit-accuses-declares-coupables\" target=\"_blank\" rel=\"noopener sponsored\">le professeur Samuel Paty<\/a> a \u00e9t\u00e9 assassin\u00e9 par un islamiste radicalis\u00e9 apr\u00e8s avoir montr\u00e9 des caricatures de Mahomet en cours. Pour ce jour de comm\u00e9moration, franceinfo a notamment invit\u00e9 sur son plateau, dans la soir\u00e9e du jeudi 16 octobre, Abdelali Mamoun, imam de la mosqu\u00e9e de Paris. Celui-ci a notamment argu\u00e9 que <a href=\"https:\/\/www.valeursactuelles.com\/societe\/samuel-paty-accuse-dislamophobie-sa-soeur-porte-plainte-contre-un-doctorant-a-la-sorbonne\" target=\"_blank\" rel=\"noopener sponsored\">les musulmans<\/a> sont \u00ab des victimes collat\u00e9rales de cette trag\u00e9die \u00bb.<\/p>\n<p><a href=\"https:\/\/www.valeursactuelles.com\/societe\/lea-salame-confond-samuel-paty-et-dominique-bernard-colere-chez-les-enseignants-france-2-sexcuse\" class=\"h-flex h-align-items-center h-border-tb h-ptb-15\" target=\"_blank\" rel=\"noopener\">A\u00a0LIRE\u00a0L\u00e9a Salam\u00e9 confond Samuel Paty et Dominique Bernard, col\u00e8re chez les enseignants, France 2 s\u2019excuse<\/a><\/p>\n<blockquote class=\"twitter-tweet\">\n<p dir=\"ltr\" lang=\"fr\">Le jour de la comm\u00e9moration de l\u2019assassinat de Samuel Paty, Abdelali Mamoun, imam de la mosqu\u00e9e de Paris, en parle ainsi : \u00ab Ce personnage, Emmanuel Paty\u2026 Quand on parle d\u2019Emmanuel Paty les Musulmans en ont marre, parce que c\u2019est eux qui sont vis\u00e9s.\u00bb \u2935\ufe0f <a href=\"https:\/\/t.co\/LdtbQrvwix\">pic.twitter.com\/LdtbQrvwix<\/a><\/p>\n<p>\u2014 Carine Azzopardi (@CarineAzzopardi) <a href=\"https:\/\/twitter.com\/CarineAzzopardi\/status\/1978947071039168719?ref_src=twsrc%5Etfw\" target=\"_blank\" rel=\"noopener\">October 16, 2025<\/a><\/p>\n<\/blockquote>\n<p>\u00ab Rendre le mal par le bien, en rendant hommage \u00e0 ce personnage qui a \u00e9t\u00e9 victime de la barbarie, <a href=\"https:\/\/www.valeursactuelles.com\/societe\/conflans-sainte-honorine-le-college-de-samuel-paty-accepte-de-changer-de-nom-pour-rendre-hommage-au-professeur\" target=\"_blank\" rel=\"noopener sponsored\">en nommant autant qu\u2019il faut des lieux<\/a> de son nom, nous sommes tout \u00e0 fait d\u2019accord \u00bb, a d\u00e9clar\u00e9 le religieux. \u00ab Mais rendre le mal par le mal, en faisant de l\u2019ensemble de la composante musulmane un bouc \u00e9missaire, non \u00bb, a-t-il ajout\u00e9. Dans cette affaire, \u00ab il faut trouver le coupable et le coupable le plus facile, c\u2019est le musulman lambda \u00bb, s\u2019est-il indign\u00e9.<\/p>\n<p>L\u2019imam de la mosqu\u00e9e de Paris d\u00e9nonce des amalgames<\/p>\n<p>\u00ab Aujourd\u2019hui, l\u2019ensemble de la composante musulmane de France ressent une \u00e9norme frustration. Ils sont profond\u00e9ment attrist\u00e9s par cette discrimination dans laquelle ils sont accus\u00e9s, constamment ostracis\u00e9s, point\u00e9s du doigt \u00bb, a poursuivi Abdelali Mamoun dans la s\u00e9quence. \u00ab Quand on parle d\u2019Emmanuel Paty, les musulmans en ont marre, parce que ce sont eux qui sont vis\u00e9s \u00bb, a-t-il encore d\u00e9plor\u00e9, en \u00e9corchant le pr\u00e9nom de l\u2019enseignant. L\u2019imam de la mosqu\u00e9e de Paris se reprend ensuite : \u00ab Nous sommes de tout c\u0153ur avec Samuel Paty, mais nous n\u2019avons pas \u00e0 payer la barbarie des autres \u00bb, conclut-il.<\/p>\n<p>                    <img decoding=\"async\" src=\"https:\/\/www.europesays.com\/fr\/wp-content\/uploads\/2025\/10\/1760780960_378_maxresdefault.jpg\" alt=\"Vid\u00e9o YouTube\" style=\"width: 100%; height: auto; display: block;\"\/><\/p>\n<p>                        Chargement\u2026                    <\/p>\n<p>                                                                    <script async src=\"https:\/\/platform.twitter.com\/widgets.js\" charset=\"utf-8\"><\/script><\/p>\n","protected":false},"excerpt":{"rendered":"Soci\u00e9t\u00e9 \u00c0 l&rsquo;occasion de la comm\u00e9moration de l&rsquo;assassinat de Samuel Paty par un terroriste djihadiste, Abdelali Mamoun, imam&hellip;\n","protected":false},"author":2,"featured_media":472177,"comment_status":"","ping_status":"","sticky":false,"template":"","format":"standard","meta":{"footnotes":""},"categories":[1888],"tags":[11,1777,674,1011,27,26519,19920,12,626,25,35490],"class_list":{"0":"post-472176","1":"post","2":"type-post","3":"status-publish","4":"format-standard","5":"has-post-thumbnail","7":"category-paris","8":"tag-actualites","9":"tag-eu","10":"tag-europe","11":"tag-fr","12":"tag-france","13":"tag-imam","14":"tag-musulmans","15":"tag-news","16":"tag-paris","17":"tag-republique-francaise","18":"tag-samuel-paty"},"share_on_mastodon":{"url":"https:\/\/pubeurope.com\/@fr\/115394548037786499","error":""},"_links":{"self":[{"href":"https:\/\/www.europesays.com\/fr\/wp-json\/wp\/v2\/posts\/472176","targetHints":{"allow":["GET"]}}],"collection":[{"href":"https:\/\/www.europesays.com\/fr\/wp-json\/wp\/v2\/posts"}],"about":[{"href":"https:\/\/www.europesays.com\/fr\/wp-json\/wp\/v2\/types\/post"}],"author":[{"embeddable":true,"href":"https:\/\/www.europesays.com\/fr\/wp-json\/wp\/v2\/users\/2"}],"replies":[{"embeddable":true,"href":"https:\/\/www.europesays.com\/fr\/wp-json\/wp\/v2\/comments?post=472176"}],"version-history":[{"count":0,"href":"https:\/\/www.europesays.com\/fr\/wp-json\/wp\/v2\/posts\/472176\/revisions"}],"wp:featuredmedia":[{"embeddable":true,"href":"https:\/\/www.europesays.com\/fr\/wp-json\/wp\/v2\/media\/472177"}],"wp:attachment":[{"href":"https:\/\/www.europesays.com\/fr\/wp-json\/wp\/v2\/media?parent=472176"}],"wp:term":[{"taxonomy":"category","embeddable":true,"href":"https:\/\/www.europesays.com\/fr\/wp-json\/wp\/v2\/categories?post=472176"},{"taxonomy":"post_tag","embeddable":true,"href":"https:\/\/www.europesays.com\/fr\/wp-json\/wp\/v2\/tags?post=472176"}],"curies":[{"name":"wp","href":"https:\/\/api.w.org\/{rel}","templated":true}]}}