{"id":472190,"date":"2025-10-18T09:56:10","date_gmt":"2025-10-18T09:56:10","guid":{"rendered":"https:\/\/www.europesays.com\/fr\/472190\/"},"modified":"2025-10-18T09:56:10","modified_gmt":"2025-10-18T09:56:10","slug":"defense-anti-aerienne-au-laser-israel-reussit-une-revolution-technologique-militaire-dont-leurope-aurait-bien-besoin","status":"publish","type":"post","link":"https:\/\/www.europesays.com\/fr\/472190\/","title":{"rendered":"D\u00e9fense anti-a\u00e9rienne au laser : Isra\u00ebl r\u00e9ussit une r\u00e9volution technologique militaire dont l\u2019Europe aurait bien besoin"},"content":{"rendered":"<p>Menace des drones<\/p>\n<p>Alors que la menace des drones ne cesse de cro\u00eetre sur les champs de bataille modernes, Isra\u00ebl affirme avoir franchi un cap technologique avec son syst\u00e8me de d\u00e9fense laser Iron Beam, capable de neutraliser des cibles pour moins de 5 dollars l\u2019unit\u00e9. Une r\u00e9volution \u00e0 courte port\u00e9e, mais \u00e0 fort potentiel strat\u00e9gique et \u00e9conomique, qui remet en question les mod\u00e8les actuels de d\u00e9fense a\u00e9rienne. <\/p>\n","protected":false},"excerpt":{"rendered":"Menace des drones Alors que la menace des drones ne cesse de cro\u00eetre sur les champs de bataille&hellip;\n","protected":false},"author":2,"featured_media":472191,"comment_status":"","ping_status":"","sticky":false,"template":"","format":"standard","meta":{"footnotes":""},"categories":[1586],"tags":[11,1813,554,59573,59571,2024,1777,674,1011,27,131,3519,59572,664,25390,8908,59570,12,25,364],"class_list":{"0":"post-472190","1":"post","2":"type-post","3":"status-publish","4":"format-standard","5":"has-post-thumbnail","7":"category-europe","8":"tag-actualites","9":"tag-armee","10":"tag-defense","11":"tag-defense-anti-aerienne","12":"tag-dome-de-fer","13":"tag-drones","14":"tag-eu","15":"tag-europe","16":"tag-fr","17":"tag-france","18":"tag-guerre-en-ukraine","19":"tag-hamas","20":"tag-iron-beam","21":"tag-israel","22":"tag-laser","23":"tag-missiles","24":"tag-naftali-bennett","25":"tag-news","26":"tag-republique-francaise","27":"tag-union-europeenne"},"share_on_mastodon":{"url":"","error":""},"_links":{"self":[{"href":"https:\/\/www.europesays.com\/fr\/wp-json\/wp\/v2\/posts\/472190","targetHints":{"allow":["GET"]}}],"collection":[{"href":"https:\/\/www.europesays.com\/fr\/wp-json\/wp\/v2\/posts"}],"about":[{"href":"https:\/\/www.europesays.com\/fr\/wp-json\/wp\/v2\/types\/post"}],"author":[{"embeddable":true,"href":"https:\/\/www.europesays.com\/fr\/wp-json\/wp\/v2\/users\/2"}],"replies":[{"embeddable":true,"href":"https:\/\/www.europesays.com\/fr\/wp-json\/wp\/v2\/comments?post=472190"}],"version-history":[{"count":0,"href":"https:\/\/www.europesays.com\/fr\/wp-json\/wp\/v2\/posts\/472190\/revisions"}],"wp:featuredmedia":[{"embeddable":true,"href":"https:\/\/www.europesays.com\/fr\/wp-json\/wp\/v2\/media\/472191"}],"wp:attachment":[{"href":"https:\/\/www.europesays.com\/fr\/wp-json\/wp\/v2\/media?parent=472190"}],"wp:term":[{"taxonomy":"category","embeddable":true,"href":"https:\/\/www.europesays.com\/fr\/wp-json\/wp\/v2\/categories?post=472190"},{"taxonomy":"post_tag","embeddable":true,"href":"https:\/\/www.europesays.com\/fr\/wp-json\/wp\/v2\/tags?post=472190"}],"curies":[{"name":"wp","href":"https:\/\/api.w.org\/{rel}","templated":true}]}}