{"id":472204,"date":"2025-10-18T10:04:11","date_gmt":"2025-10-18T10:04:11","guid":{"rendered":"https:\/\/www.europesays.com\/fr\/472204\/"},"modified":"2025-10-18T10:04:11","modified_gmt":"2025-10-18T10:04:11","slug":"giovanni-mpetshi-perricard-jiri-lehecka-atp-250-bruxelles-demi-finales-samedi-18-octobre-2025-lequipe","status":"publish","type":"post","link":"https:\/\/www.europesays.com\/fr\/472204\/","title":{"rendered":"Giovanni Mpetshi Perricard &#8211; Jiri Lehecka, ATP 250, Bruxelles, Demi-finales, Samedi 18 octobre 2025 &#8211; L&#039;\u00c9quipe"},"content":{"rendered":"<ol>\n<li><a href=\"https:\/\/news.google.com\/rss\/articles\/CBMi1wFBVV95cUxQRnl1U0stQ0k4VUtKWUM2bHhWUUtENS1PZ2lwdzV6d040SUNFSzEtd3h0TWdoUUhMdUI2MS1Zb2gybnpYTEs4Yng4bXAwampSWXVSQkRDSjBQVHljbG43Qmp3amN1RFlfWHVqSjhnai15Ul8tN3YwcFhQUlJLQjk0aTRoUUE3NXhXVWFOeUhxMVZRbGxxeENzSEZGWFFGSFhmQU5raEtwUGw2TlM3TFFoZF8yblEyUmxhYWdaTnFZUTAxUEowRFFpSjViTV9Rck5zYzBoOHNDcw?oc=5\" target=\"_blank\" rel=\"nofollow noopener\">Giovanni Mpetshi Perricard &#8211; Jiri Lehecka, ATP 250, Bruxelles, Demi-finales, Samedi 18 octobre 2025<\/a>&nbsp;&nbsp;L&rsquo;\u00c9quipe<\/li>\n<li><a href=\"https:\/\/news.google.com\/rss\/articles\/CBMisAFBVV95cUxOUXRrUExHeVJ0OGxoUEN2SlRoVGt6UTk1QVZnMThUT0YxN0ZrWU4zWmZYdkRib3NTSTdMOGNfeUk1TFh6N3Zoa2syc1lhUEQ1S2pBX1JzSExNWnB3dDBaUlZWYnNYdlRzZHkzQ0dzTlZHdGtCcHVtclA5cVh2VllvUHFpMkt4bG1HY3lXSndZM0VBc1BRbWVRa3J4LWxJQVdPQVgtWDM3eGxLS1QyWGF6WNIBrwFBVV95cUxOdGhPNmhJbV91VE9NUDBMSzdjeTFCVW90T1NkYUNIYzdMNmFXMWpfQmVIZG1QRnFWMmNlOENZQ1JqQjNhZTdLckwzbmFBbFhORkw2R19ucDBGX1NJNFpzTUpLazNoNWswZlhxQWY1OG5xNkdzZ3RtSzVsY1phSFEwLWRBY0N6a3lmVEJYZ01GWHA1Yno1NXFPY2ZXTmRwRFIya3ZVUmdMMUJxZ05UbV9j?oc=5\" target=\"_blank\" rel=\"nofollow noopener\">ATP : Moutet et Mpetshi Perricard en demi-finales<\/a>&nbsp;&nbsp;Orange Actualit\u00e9s | Sports<\/li>\n<li><a href=\"https:\/\/news.google.com\/rss\/articles\/CBMigwJBVV95cUxQTktlLU1sQUJjZTE2V3Qwcm9uX1EtRjY2U1dqa20xeVpsX0tyTGxYOHpVa1lyQkJ4R3otN0tsbEVuSl9Jazl4MHViSnpTbmxPaEluYUJxVU14akdLdDZiZkJLM19MY015c2duRXIwbWlNVEZfVnp1QTR2QWZrSzctTElRdjRmcTNhX2xvUFVTR2g1dGJ1cmhqWC1tUk1FQVZoUnd3b0NVRVJQZFRNaUpNU1ptOUIyMUNVZGxSeVZFbjZWc3J2X1FudEdmNGZWNU5mZExvVk53Z1ZYekxwRmQtenRSSzRSZTVncmhjcDlyRWR5T1FDM0VvR2R2NXZuY3loS2J3?oc=5\" target=\"_blank\" rel=\"nofollow noopener\">Giovanni Mpetshi Perricard, apr\u00e8s avoir battu sa b\u00eate noire Lorenzo Musetti \u00e0 Bruxelles : \u00abLes fautes, ce n&rsquo;est pas mon barom\u00e8tre\u00bb<\/a>&nbsp;&nbsp;L&rsquo;\u00c9quipe<\/li>\n<li><a href=\"https:\/\/news.google.com\/rss\/articles\/CBMizgFBVV95cUxOUEV5ZVR1TngtckN6R00xdy1UZ3g4emV5b1ZlX3l3OEJLc3R3Szk4TGZ5ZWRlU0lPbks4WXZWYVNkcGlUV0hLdWs4NHpYRVByZlhCMW9XQU15cWVXd3hia29hZUd6NjhKNDJka0ZBQXZ6R1dFN0RidmRDRkRlRzNFUF9LVDV2MGZKRjdRbXJvVU1LRjkxN1U3al95cUwyWENZenppczNJbTN5ajhuWS1Lb1VTYmctNXA5a0hTdkNPZllYY3B0aTBSUmtnXzBzZw?oc=5\" target=\"_blank\" rel=\"nofollow noopener\">Tennis : Mpetshi Perricard terrasse pour la premi\u00e8re fois Musetti et file en demi-finale \u00e0 Bruxelles<\/a>&nbsp;&nbsp;Le Figaro<\/li>\n<li><a href=\"https:\/\/news.google.com\/rss\/articles\/CBMixwFBVV95cUxNM043cldsaDBGcnlIVGdMeXZESDA5Tks4UnRMbDRodWxYWklYd1ZySmkyRDRnQ1RxYUpwT3pyZDg0emNQalNiNHVUMWgyMDdGS2Ruald0MmlSd0tIRGdsZlFXYUpNZTBsbzdxb2o5dFhDamJ4b0Z5Ul91SDlnSHJEdmtqZ2NqcFBXcldYbFlqRlRMLXY1Ti1fWWkwbWdjY2ZoUF9ncVZyVHUxb1dBcFJOSkpRRzN0dEQxRHNhdHRxaVV5MzdmOUkw?oc=5\" target=\"_blank\" rel=\"nofollow noopener\">ATP 250 : trois tournois, trois Fran\u00e7ais en demi-finales le samedi 18 octobre<\/a>&nbsp;&nbsp;lanouvellerepublique.fr<\/li>\n<\/ol>\n","protected":false},"excerpt":{"rendered":"Giovanni Mpetshi Perricard &#8211; Jiri Lehecka, ATP 250, Bruxelles, Demi-finales, Samedi 18 octobre 2025&nbsp;&nbsp;L&rsquo;\u00c9quipe ATP : Moutet et&hellip;\n","protected":false},"author":2,"featured_media":1983,"comment_status":"","ping_status":"","sticky":false,"template":"","format":"standard","meta":{"footnotes":""},"categories":[1415],"tags":[1011,27,60,1467],"class_list":{"0":"post-472204","1":"post","2":"type-post","3":"status-publish","4":"format-standard","5":"has-post-thumbnail","7":"category-tennis","8":"tag-fr","9":"tag-france","10":"tag-sports","11":"tag-tennis"},"share_on_mastodon":{"url":"https:\/\/pubeurope.com\/@fr\/115394606754027101","error":""},"_links":{"self":[{"href":"https:\/\/www.europesays.com\/fr\/wp-json\/wp\/v2\/posts\/472204","targetHints":{"allow":["GET"]}}],"collection":[{"href":"https:\/\/www.europesays.com\/fr\/wp-json\/wp\/v2\/posts"}],"about":[{"href":"https:\/\/www.europesays.com\/fr\/wp-json\/wp\/v2\/types\/post"}],"author":[{"embeddable":true,"href":"https:\/\/www.europesays.com\/fr\/wp-json\/wp\/v2\/users\/2"}],"replies":[{"embeddable":true,"href":"https:\/\/www.europesays.com\/fr\/wp-json\/wp\/v2\/comments?post=472204"}],"version-history":[{"count":0,"href":"https:\/\/www.europesays.com\/fr\/wp-json\/wp\/v2\/posts\/472204\/revisions"}],"wp:featuredmedia":[{"embeddable":true,"href":"https:\/\/www.europesays.com\/fr\/wp-json\/wp\/v2\/media\/1983"}],"wp:attachment":[{"href":"https:\/\/www.europesays.com\/fr\/wp-json\/wp\/v2\/media?parent=472204"}],"wp:term":[{"taxonomy":"category","embeddable":true,"href":"https:\/\/www.europesays.com\/fr\/wp-json\/wp\/v2\/categories?post=472204"},{"taxonomy":"post_tag","embeddable":true,"href":"https:\/\/www.europesays.com\/fr\/wp-json\/wp\/v2\/tags?post=472204"}],"curies":[{"name":"wp","href":"https:\/\/api.w.org\/{rel}","templated":true}]}}