{"id":472205,"date":"2025-10-18T10:06:12","date_gmt":"2025-10-18T10:06:12","guid":{"rendered":"https:\/\/www.europesays.com\/fr\/472205\/"},"modified":"2025-10-18T10:06:12","modified_gmt":"2025-10-18T10:06:12","slug":"motogp-cela-vient-de-tomber-le-classement-est-revise-1-pilote-epingle-a-phillip-island","status":"publish","type":"post","link":"https:\/\/www.europesays.com\/fr\/472205\/","title":{"rendered":"MotoGP Cela vient de tomber, le classement est r\u00e9vis\u00e9, 1 pilote \u00e9pingl\u00e9 \u00e0 Phillip Island !"},"content":{"rendered":"<p>Apr\u00e8s l\u2019arriv\u00e9e de l\u2019\u00e9preuve sprint de Phillip Island, en MotoGP, le classement a \u00e9t\u00e9 mis \u00e0 jour par les commissaires de course. En effet, le pilote Ai Ogura a \u00e9t\u00e9 \u00e9pingl\u00e9 apr\u00e8s le drapeau \u00e0 damier. Au moment du contr\u00f4le des pressions de pneus, le pilote Trackhouse a \u00e9t\u00e9 puni de 8 secondes, retranch\u00e9es \u00e0 son temps. 16\u00e8me de cette course, il termine finalement dix-septi\u00e8me de l\u2019\u00e9preuve.<\/p>\n<blockquote class=\"twitter-tweet\">\n<p dir=\"ltr\" lang=\"en\">The FIM <a href=\"https:\/\/twitter.com\/hashtag\/MotoGP?src=hash&amp;ref_src=twsrc%5Etfw\" target=\"_blank\" rel=\"noopener\">#MotoGP<\/a> Stewards have handed Ai Ogura an 8s penalty due to low tyre pressure \u26a0\ufe0f <a href=\"https:\/\/twitter.com\/hashtag\/AustralianGP?src=hash&amp;ref_src=twsrc%5Etfw\" target=\"_blank\" rel=\"noopener\">#AustralianGP<\/a> \ud83c\udde6\ud83c\uddfa<\/p>\n<p>\u2014 MotoGP\u2122\ud83c\udfc1 (@MotoGP) <a href=\"https:\/\/twitter.com\/MotoGP\/status\/1979423042452267053?ref_src=twsrc%5Etfw\" target=\"_blank\" rel=\"noopener\">October 18, 2025<\/a><\/p>\n<\/blockquote>\n<p>Article publi\u00e9 le 18\/10\/2025 \u00e0 8h56<\/p>\n<p>                                            <img loading=\"lazy\" alt=\"\" class=\"avatar avatar-100 photo lazyload\" height=\"100\" width=\"100\" decoding=\"async\" src=\"https:\/\/www.europesays.com\/fr\/wp-content\/uploads\/2025\/10\/1760781972_505_ffbb894c35ea5189d599d4ea062c98b86ffb67cc602fa683ebcbf422a80fc47a\"  data-eio-rwidth=\"100\" data-eio-rheight=\"100\"\/><\/p>\n<p class=\"h2\">\n                                            Julien Barthet\n                                        <\/p>\n<p>R\u00e9dacteur professionnel, titulaire de la carte de presse pendant 3 ans. Fondateur\/Directeur et R\u00e9dacteur en chef Le Mag Sport Auto et LeMagJeuxHighTech.com.&#13;<br \/>\nEx-Pilote automobile : 55 courses (Formule Ford, F.Campus, Coupe 206 Sprint et Relais, Saxo, Ford Fiesta Allemagne, Mitjet) 1 Victoire. Essais F3, Nascar Euro, Caterham, F.Renault, etc.<\/p>\n<p>                                                                                                                            <a href=\"https:\/\/lemagsportauto.ouest-france.fr\/author\/lmsa_adm\/\" title=\"Julien Barthet\" target=\"_blank\" rel=\"noopener\"><br \/>\n                                                Voir les publications de l&rsquo;auteur<br \/>\n                                            <\/a><\/p>\n<p>                                <script async src=\"https:\/\/platform.twitter.com\/widgets.js\" charset=\"utf-8\"><\/script><\/p>\n","protected":false},"excerpt":{"rendered":"Apr\u00e8s l\u2019arriv\u00e9e de l\u2019\u00e9preuve sprint de Phillip Island, en MotoGP, le classement a \u00e9t\u00e9 mis \u00e0 jour par&hellip;\n","protected":false},"author":2,"featured_media":472206,"comment_status":"","ping_status":"","sticky":false,"template":"","format":"standard","meta":{"footnotes":""},"categories":[1413],"tags":[1981,1011,27,1457,1456,1458,2129,60],"class_list":{"0":"post-472205","1":"post","2":"type-post","3":"status-publish","4":"format-standard","5":"has-post-thumbnail","7":"category-moto","8":"tag-classement","9":"tag-fr","10":"tag-france","11":"tag-moto","12":"tag-motocycle","13":"tag-motogp","14":"tag-pu00e9nalitu00e9","15":"tag-sports"},"share_on_mastodon":{"url":"https:\/\/pubeurope.com\/@fr\/115394615195955032","error":""},"_links":{"self":[{"href":"https:\/\/www.europesays.com\/fr\/wp-json\/wp\/v2\/posts\/472205","targetHints":{"allow":["GET"]}}],"collection":[{"href":"https:\/\/www.europesays.com\/fr\/wp-json\/wp\/v2\/posts"}],"about":[{"href":"https:\/\/www.europesays.com\/fr\/wp-json\/wp\/v2\/types\/post"}],"author":[{"embeddable":true,"href":"https:\/\/www.europesays.com\/fr\/wp-json\/wp\/v2\/users\/2"}],"replies":[{"embeddable":true,"href":"https:\/\/www.europesays.com\/fr\/wp-json\/wp\/v2\/comments?post=472205"}],"version-history":[{"count":0,"href":"https:\/\/www.europesays.com\/fr\/wp-json\/wp\/v2\/posts\/472205\/revisions"}],"wp:featuredmedia":[{"embeddable":true,"href":"https:\/\/www.europesays.com\/fr\/wp-json\/wp\/v2\/media\/472206"}],"wp:attachment":[{"href":"https:\/\/www.europesays.com\/fr\/wp-json\/wp\/v2\/media?parent=472205"}],"wp:term":[{"taxonomy":"category","embeddable":true,"href":"https:\/\/www.europesays.com\/fr\/wp-json\/wp\/v2\/categories?post=472205"},{"taxonomy":"post_tag","embeddable":true,"href":"https:\/\/www.europesays.com\/fr\/wp-json\/wp\/v2\/tags?post=472205"}],"curies":[{"name":"wp","href":"https:\/\/api.w.org\/{rel}","templated":true}]}}