{"id":472207,"date":"2025-10-18T10:07:10","date_gmt":"2025-10-18T10:07:10","guid":{"rendered":"https:\/\/www.europesays.com\/fr\/472207\/"},"modified":"2025-10-18T10:07:10","modified_gmt":"2025-10-18T10:07:10","slug":"la-f1-va-filer-a-toute-vitesse-sur-apple-tv","status":"publish","type":"post","link":"https:\/\/www.europesays.com\/fr\/472207\/","title":{"rendered":"la F1 va filer \u00e0 toute vitesse sur Apple TV"},"content":{"rendered":"<p>Apr\u00e8s avoir s\u00e9duit le grand public avec le blockbuster estival F1: The Movie, le long m\u00e9trage port\u00e9 par Brad Pitt avec Lewis Hamilton en conseiller de luxe, Apple franchit une nouvelle \u00e9tape. Le groupe de Tim Cook vient en effet d\u2019obtenir les droits exclusifs de diffusion de la Formule 1 aux \u00c9tats-Unis pour cinq ans, \u00e0 partir de la saison 2026. Un contrat \u00e9valu\u00e9 \u00e0 750 millions de dollars, et qui pourrait donner des id\u00e9es \u00e0 d\u2019autres comp\u00e9titions\u00a0!<\/p>\n<p> Apple passe la vitesse sup\u00e9rieure <\/p>\n<p>Mais pour le moment, il s\u2019agit \u00ab\u00a0uniquement\u00a0\u00bb de F1. \u00ab\u00a0Nous ne sommes pas des inconnus, apr\u00e8s trois ann\u00e9es pass\u00e9es \u00e0 collaborer sur F1: The Movie\u00a0\u00bb, explique Stefano Domenicali, pr\u00e9sident et CEO de la F1. \u00ab\u00a0Nous partageons la m\u00eame vision\u00a0: apporter cette discipline incroyable \u00e0 nos fans am\u00e9ricains, et en s\u00e9duire de nouveaux gr\u00e2ce \u00e0 des diffusions en direct et \u00e0 un contenu engageant tout au long de l\u2019ann\u00e9e.\u00bb<\/p>\n<p>Apple promet une couverture compl\u00e8te\u00a0: essais libres, qualifications, courses sprint et Grands Prix seront inclus \u2014 sans frais suppl\u00e9mentaire \u2014 dans l\u2019abonnement au service Apple TV, factur\u00e9 12,99\u00a0$ par mois. Certaines sessions seront m\u00eame propos\u00e9es gratuitement dans l\u2019application, histoire d\u2019attirer les curieux. La marque pr\u00e9voit aussi de d\u00e9ployer l\u2019univers de la F1 dans ses autres services\u00a0: actualit\u00e9s dans Apple News, playlists d\u00e9di\u00e9es sur Apple Music, suivi en temps r\u00e9el via Apple Sports et m\u00eame des widgets iPhone pour ne rien manquer d\u2019un tour de piste. Si vous n\u2019aimez pas la F1, c\u2019est tant pis pour vous.<\/p>\n<p>Ce virage strat\u00e9gique met fin \u00e0 la diffusion sur ESPN, qui avait relanc\u00e9 l\u2019int\u00e9r\u00eat du public am\u00e9ricain depuis 2018 apr\u00e8s des d\u00e9buts laborieux sur NBC. L\u2019arriv\u00e9e d\u2019Apple marque donc la fin d\u2019une \u00e8re pour la t\u00e9l\u00e9vision c\u00e2bl\u00e9e, mais pas pour les fans les plus connect\u00e9s. Le service officiel F1 TV Premium continuera d\u2019exister aux \u00c9tats-Unis, mais uniquement via un abonnement Apple TV. Il sera gratuit pour les abonn\u00e9s \u00e0 la plateforme. Un changement important, qui pourrait soulever quelques questions sur la possibilit\u00e9 de visionner les courses \u00e0 l\u2019\u00e9tranger, une fonctionnalit\u00e9 jusqu\u2019ici tr\u00e8s appr\u00e9ci\u00e9e des abonn\u00e9s internationaux de l\u2019application.<\/p>\n<p>Pour Eddy Cue, vice-pr\u00e9sident d\u2019Apple charg\u00e9 des services, ce partenariat arrive au bon moment\u00a0: \u00ab\u00a02026 inaugurera une nouvelle \u00e8re pour la Formule 1, avec de nouvelles \u00e9quipes, de nouvelles r\u00e8gles et les meilleurs pilotes du monde. Nous allons offrir une exp\u00e9rience premium centr\u00e9e sur les fans, comme seule Apple sait le faire.\u00a0\u00bb Pour les spectateurs fran\u00e7ais, rien ne change\u00a0: l\u2019exclusivit\u00e9 de la comp\u00e9tition reste entre les mains de Canal+ et ce, jusqu\u2019en 2029. Mais pour Apple, la conqu\u00eate du sport continue de s\u2019acc\u00e9l\u00e9rer \u2014 \u00e0 plein r\u00e9gime.<\/p>\n<blockquote>\n<p class=\"text-base text-neutral-700 dark:text-neutral-300\">\ud83d\udfe3 Pour ne manquer aucune news sur le Journal du Geek, abonnez-vous sur <a href=\"https:\/\/news.google.com\/publications\/CAAqBwgKMNr_hAswwYyCAw?hl=fr&amp;gl=FR&amp;ceid=FR%3Afr\" target=\"_blank\" rel=\"nofollow noopener\">Google Actualit\u00e9s<\/a> et sur <a href=\"https:\/\/whatsapp.com\/channel\/0029VaClM5y4tRry12tb7D2h\" target=\"_blank\" rel=\"nofollow noopener\">notre WhatsApp<\/a>. Et si vous nous adorez, on a <a href=\"https:\/\/www.journaldugeek.com\/newsletter\/\" target=\"_blank\" rel=\"nofollow noopener\">une newsletter tous les matins<\/a>.<\/p>\n<\/blockquote>\n","protected":false},"excerpt":{"rendered":"Apr\u00e8s avoir s\u00e9duit le grand public avec le blockbuster estival F1: The Movie, le long m\u00e9trage port\u00e9 par&hellip;\n","protected":false},"author":2,"featured_media":472208,"comment_status":"","ping_status":"","sticky":false,"template":"","format":"standard","meta":{"footnotes":""},"categories":[1412],"tags":[519,1451,1452,1453,1454,1455,1011,27,60],"class_list":{"0":"post-472207","1":"post","2":"type-post","3":"status-publish","4":"format-standard","5":"has-post-thumbnail","7":"category-f1","8":"tag-apple-tv","9":"tag-f1","10":"tag-formula-1","11":"tag-formula1","12":"tag-formule-1","13":"tag-formule1","14":"tag-fr","15":"tag-france","16":"tag-sports"},"share_on_mastodon":{"url":"https:\/\/pubeurope.com\/@fr\/115394618614640936","error":""},"_links":{"self":[{"href":"https:\/\/www.europesays.com\/fr\/wp-json\/wp\/v2\/posts\/472207","targetHints":{"allow":["GET"]}}],"collection":[{"href":"https:\/\/www.europesays.com\/fr\/wp-json\/wp\/v2\/posts"}],"about":[{"href":"https:\/\/www.europesays.com\/fr\/wp-json\/wp\/v2\/types\/post"}],"author":[{"embeddable":true,"href":"https:\/\/www.europesays.com\/fr\/wp-json\/wp\/v2\/users\/2"}],"replies":[{"embeddable":true,"href":"https:\/\/www.europesays.com\/fr\/wp-json\/wp\/v2\/comments?post=472207"}],"version-history":[{"count":0,"href":"https:\/\/www.europesays.com\/fr\/wp-json\/wp\/v2\/posts\/472207\/revisions"}],"wp:featuredmedia":[{"embeddable":true,"href":"https:\/\/www.europesays.com\/fr\/wp-json\/wp\/v2\/media\/472208"}],"wp:attachment":[{"href":"https:\/\/www.europesays.com\/fr\/wp-json\/wp\/v2\/media?parent=472207"}],"wp:term":[{"taxonomy":"category","embeddable":true,"href":"https:\/\/www.europesays.com\/fr\/wp-json\/wp\/v2\/categories?post=472207"},{"taxonomy":"post_tag","embeddable":true,"href":"https:\/\/www.europesays.com\/fr\/wp-json\/wp\/v2\/tags?post=472207"}],"curies":[{"name":"wp","href":"https:\/\/api.w.org\/{rel}","templated":true}]}}