{"id":472209,"date":"2025-10-18T10:08:11","date_gmt":"2025-10-18T10:08:11","guid":{"rendered":"https:\/\/www.europesays.com\/fr\/472209\/"},"modified":"2025-10-18T10:08:11","modified_gmt":"2025-10-18T10:08:11","slug":"noah-knecht-pose-le-velo-actualite","status":"publish","type":"post","link":"https:\/\/www.europesays.com\/fr\/472209\/","title":{"rendered":"Noah Knecht pose le v\u00e9lo &#8211; Actualit\u00e9"},"content":{"rendered":"<p style=\"text-align: justify;\"><strong><a href=\"https:\/\/www.directvelo.com\/coureur\/18559\/noah-knecht\" target=\"_blank\" rel=\"noopener\">Noah Knecht<\/a>\u00a0<\/strong>ne sera plus coureur cycliste en 2026. Apr\u00e8s deux saisons chez les professionnels, \u00e0 Nice M\u00e9tropole C\u00f4te d\u2019Azur, l\u2019athl\u00e8te de bient\u00f4t 25 ans s\u2019arr\u00eate l\u00e0. \u201cJ\u2019ai r\u00e9alis\u00e9 un r\u00eave et m\u00eame si physiquement et mentalement \u00e7a n\u2019a pas \u00e9t\u00e9 facile, je me suis r\u00e9gal\u00e9 aupr\u00e8s d&rsquo;une vraie famille group\u00e9e et unie autour de nos leaders\u201d, indique-t-il \u00e0 DirectVelo.<\/p>\n<p>Cette ann\u00e9e, il a pris la 23e place d\u2019une \u00e9tape de la Route d\u2019Occitanie. L\u2019an dernier, il avait termin\u00e9 11e d\u2019une \u00e9tape du Tour de l&rsquo;Ain, 15e et 17e d\u2019\u00e9tape aux 4 Jours de Dunkerque et 18e d\u2019une \u00e9tape au Tour Poitou-Charentes en Nouvelle Aquitaine.<\/p>\n<p>Avant de rejoindre le peloton pro, il avait \u00e9volu\u00e9 au VC La Pomme Marseille, \u00e0 Charvieu-Chavagneux Is\u00e8re Cyclisme, Bourg-en-Bresse Ain Cyclisme et au Vend\u00e9e U. Il compte notamment \u00e0 son palmar\u00e8s le Grand Prix d&rsquo;Availles Limouzine.<\/p>\n<p>Noah Knecht va passer son DEJEPS aupr\u00e8s de l\u2019\u00e9quipe de Nice M\u00e9tropole C\u00f4te d\u2019Azur pour devenir entra\u00eeneur. \u201cJe pars sur une deuxi\u00e8me partie de vie o\u00f9 j&rsquo;essaierai de m&rsquo;\u00e9panouir en voyant ceux que je suis r\u00e9ussir\u201d.<\/p>\n","protected":false},"excerpt":{"rendered":"Noah Knecht\u00a0ne sera plus coureur cycliste en 2026. Apr\u00e8s deux saisons chez les professionnels, \u00e0 Nice M\u00e9tropole C\u00f4te&hellip;\n","protected":false},"author":2,"featured_media":472210,"comment_status":"","ping_status":"","sticky":false,"template":"","format":"standard","meta":{"footnotes":""},"categories":[1411],"tags":[834,828,836,829,837,827,83,826,824,823,1154,207,814,817,815,816,822,821,832,211,839,1011,27,820,818,819,835,831,830,833,838,60,212,208,825],"class_list":{"0":"post-472209","1":"post","2":"type-post","3":"status-publish","4":"format-standard","5":"has-post-thumbnail","7":"category-cyclisme","8":"tag-attaque","9":"tag-belgique","10":"tag-braquet","11":"tag-bretagne","12":"tag-chute","13":"tag-competition","14":"tag-coupe-de-france","15":"tag-coureur","16":"tag-course-cyclisme","17":"tag-course-cycliste","18":"tag-cycling","19":"tag-cyclisme","20":"tag-direct","21":"tag-direct-velo","22":"tag-directvelo","23":"tag-directvelo-com","24":"tag-epreuve","25":"tag-epreuve-cycliste","26":"tag-federation-francaise-de-cyclisme","27":"tag-ffc","28":"tag-flandres","29":"tag-fr","30":"tag-france","31":"tag-live","32":"tag-live-course","33":"tag-live-epreuve","34":"tag-peloton","35":"tag-radio-peloton","36":"tag-radio-tour","37":"tag-ravitaillement","38":"tag-relance","39":"tag-sports","40":"tag-uci","41":"tag-velo","42":"tag-velos"},"share_on_mastodon":{"url":"https:\/\/pubeurope.com\/@fr\/115394622512550488","error":""},"_links":{"self":[{"href":"https:\/\/www.europesays.com\/fr\/wp-json\/wp\/v2\/posts\/472209","targetHints":{"allow":["GET"]}}],"collection":[{"href":"https:\/\/www.europesays.com\/fr\/wp-json\/wp\/v2\/posts"}],"about":[{"href":"https:\/\/www.europesays.com\/fr\/wp-json\/wp\/v2\/types\/post"}],"author":[{"embeddable":true,"href":"https:\/\/www.europesays.com\/fr\/wp-json\/wp\/v2\/users\/2"}],"replies":[{"embeddable":true,"href":"https:\/\/www.europesays.com\/fr\/wp-json\/wp\/v2\/comments?post=472209"}],"version-history":[{"count":0,"href":"https:\/\/www.europesays.com\/fr\/wp-json\/wp\/v2\/posts\/472209\/revisions"}],"wp:featuredmedia":[{"embeddable":true,"href":"https:\/\/www.europesays.com\/fr\/wp-json\/wp\/v2\/media\/472210"}],"wp:attachment":[{"href":"https:\/\/www.europesays.com\/fr\/wp-json\/wp\/v2\/media?parent=472209"}],"wp:term":[{"taxonomy":"category","embeddable":true,"href":"https:\/\/www.europesays.com\/fr\/wp-json\/wp\/v2\/categories?post=472209"},{"taxonomy":"post_tag","embeddable":true,"href":"https:\/\/www.europesays.com\/fr\/wp-json\/wp\/v2\/tags?post=472209"}],"curies":[{"name":"wp","href":"https:\/\/api.w.org\/{rel}","templated":true}]}}