{"id":472217,"date":"2025-10-18T10:12:11","date_gmt":"2025-10-18T10:12:11","guid":{"rendered":"https:\/\/www.europesays.com\/fr\/472217\/"},"modified":"2025-10-18T10:12:11","modified_gmt":"2025-10-18T10:12:11","slug":"le-psychiatre-david-deneufgermain-narrateur-de-la-memoire-collective-des-soignants","status":"publish","type":"post","link":"https:\/\/www.europesays.com\/fr\/472217\/","title":{"rendered":"Le psychiatre David Deneufgermain, narrateur de la \u00ab\u00a0m\u00e9moire collective\u00a0\u00bb des soignants"},"content":{"rendered":"<p>Ce jour de la fin septembre, David Deneufgermain est de passage \u00e0 Paris pour une journ\u00e9e de\u00a0promotion. Tournages, interviews, s\u00e9ance photo, \u00e9changes avec son \u00e9ditrice\u2026 Une effervescence inhabituelle pour ce psychiatre valenciennois, dont le premier roman a figur\u00e9 pendant quelques semaines sur la premi\u00e8re liste du prix Goncourt.<\/p>\n<p>Cet article est r\u00e9serv\u00e9 aux abonn\u00e9s<\/p>\n<p>\n                    Vous souhaitez lire la suite\u00a0? Abonnez-vous sans engagement \u00e0 notre offre num\u00e9rique\n                <\/p>\n<p>                <a href=\"https:\/\/www.la-croix.com\/abonnement\" class=\"default-paywall__subscribe-button\" data-tracking=\"cta_click\" data-tracking-action=\"voir la page abonnement\" data-tracking-category=\"abonnement\" target=\"_blank\" rel=\"noopener\">Je m&rsquo;abonne<\/a><\/p>\n","protected":false},"excerpt":{"rendered":"Ce jour de la fin septembre, David Deneufgermain est de passage \u00e0 Paris pour une journ\u00e9e de\u00a0promotion. Tournages,&hellip;\n","protected":false},"author":2,"featured_media":472218,"comment_status":"","ping_status":"","sticky":false,"template":"","format":"standard","meta":{"footnotes":""},"categories":[1357],"tags":[1379,58,59,1011,27,1380],"class_list":{"0":"post-472217","1":"post","2":"type-post","3":"status-publish","4":"format-standard","5":"has-post-thumbnail","7":"category-livres","8":"tag-books","9":"tag-divertissement","10":"tag-entertainment","11":"tag-fr","12":"tag-france","13":"tag-livres"},"share_on_mastodon":{"url":"https:\/\/pubeurope.com\/@fr\/115394638325589618","error":""},"_links":{"self":[{"href":"https:\/\/www.europesays.com\/fr\/wp-json\/wp\/v2\/posts\/472217","targetHints":{"allow":["GET"]}}],"collection":[{"href":"https:\/\/www.europesays.com\/fr\/wp-json\/wp\/v2\/posts"}],"about":[{"href":"https:\/\/www.europesays.com\/fr\/wp-json\/wp\/v2\/types\/post"}],"author":[{"embeddable":true,"href":"https:\/\/www.europesays.com\/fr\/wp-json\/wp\/v2\/users\/2"}],"replies":[{"embeddable":true,"href":"https:\/\/www.europesays.com\/fr\/wp-json\/wp\/v2\/comments?post=472217"}],"version-history":[{"count":0,"href":"https:\/\/www.europesays.com\/fr\/wp-json\/wp\/v2\/posts\/472217\/revisions"}],"wp:featuredmedia":[{"embeddable":true,"href":"https:\/\/www.europesays.com\/fr\/wp-json\/wp\/v2\/media\/472218"}],"wp:attachment":[{"href":"https:\/\/www.europesays.com\/fr\/wp-json\/wp\/v2\/media?parent=472217"}],"wp:term":[{"taxonomy":"category","embeddable":true,"href":"https:\/\/www.europesays.com\/fr\/wp-json\/wp\/v2\/categories?post=472217"},{"taxonomy":"post_tag","embeddable":true,"href":"https:\/\/www.europesays.com\/fr\/wp-json\/wp\/v2\/tags?post=472217"}],"curies":[{"name":"wp","href":"https:\/\/api.w.org\/{rel}","templated":true}]}}