{"id":472219,"date":"2025-10-18T10:13:19","date_gmt":"2025-10-18T10:13:19","guid":{"rendered":"https:\/\/www.europesays.com\/fr\/472219\/"},"modified":"2025-10-18T10:13:19","modified_gmt":"2025-10-18T10:13:19","slug":"dans-mask-singer-sur-tf1-voici-la-celebrite-eliminee-qui-se-cachait-sous-le-costume-du-scarabee","status":"publish","type":"post","link":"https:\/\/www.europesays.com\/fr\/472219\/","title":{"rendered":"Dans \u00ab\u00a0Mask Singer\u00a0\u00bb sur TF1, voici la c\u00e9l\u00e9brit\u00e9 \u00e9limin\u00e9e qui se cachait sous le costume du Scarab\u00e9e"},"content":{"rendered":"<p>        <img decoding=\"async\" loading=\"lazy\" src=\"https:\/\/www.europesays.com\/fr\/wp-content\/uploads\/2025\/10\/800eeaa_upload-1-4etlje1qwwej-screenshot-2025-10-18-10-35-43.png\"  width=\"728\" height=\"410\" alt=\"Dans \u00ab\u00a0Mask Singer\u00a0\u00bb, la chanteuse et com\u00e9dienne Elisa Tovati, qui se cachait derri\u00e8re le costume du Scarab\u00e9e, a \u00e9t\u00e9 \u00e9limin\u00e9e lors du dernier prime.\"\/>  <\/p>\n<p>Capture d\u2019\u00e9cran TF1<\/p>\n<p>Dans \u00ab\u00a0Mask Singer\u00a0\u00bb, la chanteuse et com\u00e9dienne Elisa Tovati, qui se cachait derri\u00e8re le costume du Scarab\u00e9e, a \u00e9t\u00e9 \u00e9limin\u00e9e lors du dernier prime.<\/p>\n<p class=\"asset asset-text\">DIVERTISSEMENT &#8211; Plus qu\u2019une semaine avant de savoir qui succ\u00e9dera \u00e0 <a href=\"https:\/\/www.huffingtonpost.fr\/divertissement\/article\/mask-singer-saison-7-lola-dubini-alias-la-girafe-remporte-le-concours_251904.html\" rel=\"nofollow noopener\" target=\"_blank\">Lola Dubini, la Girafe<\/a>, grande gagnante en juin dernier. Alors que la derni\u00e8re saison de <a href=\"https:\/\/www.huffingtonpost.fr\/divertissement\/article\/dans-mask-singer-deux-acteurs-se-cachaient-derriere-le-doudou-et-lady-saucisse_255586.html\" rel=\"nofollow noopener\" target=\"_blank\">Mask Singer<\/a> touchera \u00e0 sa fin la semaine prochaine, la demi-finale a \u00e9t\u00e9 diffus\u00e9e sur TF1 vendredi 17\u00a0octobre. Le public et les juges-enqu\u00eateurs ont pu assister aux performances du Lapin, du Scarab\u00e9e, de la Taupe et de l\u2019Agneau, encore en lice pour d\u00e9crocher la timbale.<\/p>\n<p class=\"asset asset-text\">Apr\u00e8s une pr\u00e9c\u00e9dente \u00e9mission marqu\u00e9e par l\u2019\u00e9limination de l\u2019influenceur <a href=\"https:\/\/www.huffingtonpost.fr\/divertissement\/article\/dans-mask-singer-le-youtubeur-tibo-inshape-a-enfin-ete-demasque-par-le-jury_255885.html\" rel=\"nofollow noopener\" target=\"_blank\">Tibo InShape<\/a>, cach\u00e9 sous le costume du DJ, \u00e7a a \u00e9t\u00e9 au tour du Scarab\u00e9e de faire ses adieux au programme. Celui-ci a \u00e9t\u00e9 \u00e9limin\u00e9 au terme d\u2019une soir\u00e9e \u00ab\u00a0Voyage dans le temps\u00a0\u00bb, o\u00f9 les performances ont mis \u00e0 l\u2019honneur des tubes embl\u00e9matiques des derni\u00e8res d\u00e9cennies.<\/p>\n<p class=\"asset asset-text\">Sous les encouragements du public et du jury, la c\u00e9l\u00e9brit\u00e9 <a href=\"https:\/\/www.huffingtonpost.fr\/divertissement\/article\/une-nouvelle-star-internationale-a-ete-debusquee-dans-mask-singer_255312.html\" rel=\"nofollow noopener\" target=\"_blank\">derri\u00e8re le masque<\/a> du Scarab\u00e9e s\u2019est r\u00e9v\u00e9l\u00e9e et il s\u2019agissait de la chanteuse et com\u00e9dienne \u00c9lisa Tovati, <strong>comme vous pouvez le voir dans la vid\u00e9o ci-dessous<\/strong>. Cette derni\u00e8re est notamment connue du grand public pour son duo avec Tom Dice intitul\u00e9 Il nous faut, qui avait cartonn\u00e9 en 2011. Plusieurs indices auraient pu mettre les enqu\u00eateurs sur la piste, comme la Tour Eiffel qui faisait r\u00e9f\u00e9rence \u00e0 sa chanson La Petite Tour Eiffel.<\/p>\n<p> La lecture de ce contenu est susceptible d\u2019entra\u00eener un d\u00e9p\u00f4t de cookies de la part de l\u2019op\u00e9rateur tiers qui l\u2019h\u00e9berge. Compte-tenu des choix que vous avez exprim\u00e9s en mati\u00e8re de d\u00e9p\u00f4t de cookies, nous avons bloqu\u00e9 l\u2019affichage de ce contenu. Si vous souhaitez y acc\u00e9der, vous devez accepter la cat\u00e9gorie de cookies \u201cContenus tiers\u201d en cliquant sur le bouton ci-dessous. <\/p>\n<p> Lire la Vid\u00e9o        Les enqu\u00eateurs ont \u00e9t\u00e9 assist\u00e9s par Jean-Luc Reichmann    <\/p>\n<p class=\"asset asset-text\">Le jury a aussi pu compter sur l\u2019aide de l\u2019animateur Jean-Luc Reichmann, venu participer \u00e0 l\u2019\u00e9mission le temps d\u2019une soir\u00e9e. Le pr\u00e9sentateur des 12\u00a0coups de midi et r\u00f4le principal de la s\u00e9rie L\u00e9o Matt\u00e9i s\u2019est d\u2019abord produit sur sc\u00e8ne d\u00e9guis\u00e9 en Seigneur de la For\u00eat, avant de faire tomber le masque et de rejoindre les enqu\u00eateurs.<\/p>\n<p class=\"asset asset-text\">Il avait \u00e9t\u00e9 identifi\u00e9 par Kev Adams, mais l\u2019humoriste n\u2019a en revanche pas eu le nez creux pour ce qui est du Scarab\u00e9e. Contrairement \u00e0 ses comparses <a href=\"https:\/\/www.huffingtonpost.fr\/divertissement\/article\/dans-mask-singer-sur-tf1-michael-youn-degaine-son-premier-kabubi-pour-sa-premiere-emission_254768.html\" rel=\"nofollow noopener\" target=\"_blank\">Micha\u00ebl Youn<\/a>, Chantal Ladesou et Jean-Luc Reichmann qui ont cit\u00e9 le nom d\u2019\u00c9lisa Tovati, Kev Adams a mentionn\u00e9 la com\u00e9dienne Joy Esther, bien connue du public de TF1, mais qui n\u2019\u00e9tait pas celle derri\u00e8re le costume d\u2019insecte.<\/p>\n<p class=\"asset asset-text\">La \u00ab\u00a0plus grande enqu\u00eate musicale\u00a0de France\u00a0\u00bb va se poursuivre encore une semaine, puisque la grande finale de Mask Singer sera diffus\u00e9e le 24\u00a0octobre prochain. Les jur\u00e9s et les t\u00e9l\u00e9spectateurs n\u2019ont plus beaucoup de temps pour identifier qui se cache derri\u00e8re la Taupe, le Lapin et l\u2019Agneau, les trois derniers candidats en comp\u00e9tition.<\/p>\n","protected":false},"excerpt":{"rendered":"Capture d\u2019\u00e9cran TF1 Dans \u00ab\u00a0Mask Singer\u00a0\u00bb, la chanteuse et com\u00e9dienne Elisa Tovati, qui se cachait derri\u00e8re le costume&hellip;\n","protected":false},"author":2,"featured_media":472220,"comment_status":"","ping_status":"","sticky":false,"template":"","format":"standard","meta":{"footnotes":""},"categories":[1356],"tags":[58,59,1011,27,5983,252,199,1364],"class_list":{"0":"post-472219","1":"post","2":"type-post","3":"status-publish","4":"format-standard","5":"has-post-thumbnail","7":"category-television","8":"tag-divertissement","9":"tag-entertainment","10":"tag-fr","11":"tag-france","12":"tag-mask-singer","13":"tag-television","14":"tag-tf1","15":"tag-tv"},"share_on_mastodon":{"url":"https:\/\/pubeurope.com\/@fr\/115394643002927894","error":""},"_links":{"self":[{"href":"https:\/\/www.europesays.com\/fr\/wp-json\/wp\/v2\/posts\/472219","targetHints":{"allow":["GET"]}}],"collection":[{"href":"https:\/\/www.europesays.com\/fr\/wp-json\/wp\/v2\/posts"}],"about":[{"href":"https:\/\/www.europesays.com\/fr\/wp-json\/wp\/v2\/types\/post"}],"author":[{"embeddable":true,"href":"https:\/\/www.europesays.com\/fr\/wp-json\/wp\/v2\/users\/2"}],"replies":[{"embeddable":true,"href":"https:\/\/www.europesays.com\/fr\/wp-json\/wp\/v2\/comments?post=472219"}],"version-history":[{"count":0,"href":"https:\/\/www.europesays.com\/fr\/wp-json\/wp\/v2\/posts\/472219\/revisions"}],"wp:featuredmedia":[{"embeddable":true,"href":"https:\/\/www.europesays.com\/fr\/wp-json\/wp\/v2\/media\/472220"}],"wp:attachment":[{"href":"https:\/\/www.europesays.com\/fr\/wp-json\/wp\/v2\/media?parent=472219"}],"wp:term":[{"taxonomy":"category","embeddable":true,"href":"https:\/\/www.europesays.com\/fr\/wp-json\/wp\/v2\/categories?post=472219"},{"taxonomy":"post_tag","embeddable":true,"href":"https:\/\/www.europesays.com\/fr\/wp-json\/wp\/v2\/tags?post=472219"}],"curies":[{"name":"wp","href":"https:\/\/api.w.org\/{rel}","templated":true}]}}