{"id":472225,"date":"2025-10-18T10:16:16","date_gmt":"2025-10-18T10:16:16","guid":{"rendered":"https:\/\/www.europesays.com\/fr\/472225\/"},"modified":"2025-10-18T10:16:16","modified_gmt":"2025-10-18T10:16:16","slug":"la-question-sante-peut-on-manger-des-oeufs-tous-les-jours","status":"publish","type":"post","link":"https:\/\/www.europesays.com\/fr\/472225\/","title":{"rendered":"La question sant\u00e9 : peut-on manger des \u0153ufs tous les jours ?"},"content":{"rendered":"<p>             <a href=\"https:\/\/ma-sante.news\/wp-content\/uploads\/2025\/10\/Manger-des-oeufs-tous-les-jours-quel-impact-sur-lle-corps-Ma-Sante.jpg\" data-caption=\"Et vous, combien d&#039;\u0153ufs mangez-vous par jour ? \u00a9 Freepik\" target=\"_blank\" rel=\"noopener\"><img loading=\"lazy\" decoding=\"async\" width=\"696\" height=\"465\" class=\"entry-thumb td-modal-image ewww_webp_lazy_load\" src=\"data:image\/svg+xml,%3Csvg%20xmlns=\" http:=\"\" data-lazy- data-lazy- alt=\"Un homme qui s'interroge sur sa consommation d'\u0153uf par jour.\" title=\"Manger des \u0153ufs tous les jours quel impact sur lle corps Ma Sante\u0301\" data-lazy-src=\"https:\/\/www.europesays.com\/fr\/wp-content\/uploads\/2025\/10\/Manger-des-oeufs-tous-les-jours-quel-impact-sur-lle-corps-Ma-Sante-696x465.jpg\" data-lazy-src-webp=\"https:\/\/www.europesays.com\/fr\/wp-content\/uploads\/2025\/10\/Manger-des-oeufs-tous-les-jours-quel-impact-sur-lle-corps-Ma-Sante-696x465.jpg.webp\" data-lazy-srcset-webp=\"https:\/\/www.europesays.com\/fr\/wp-content\/uploads\/2025\/10\/Manger-des-oeufs-tous-les-jours-quel-impact-sur-lle-corps-Ma-Sante-696x465.jpg.webp 696w, https:\/\/ma-sante.news\/wp-content\/uploads\/2025\/10\/Manger-des-oeufs-tous-les-jours-quel-impact-sur-lle-corps-Ma-Sante-300x200.jpg.webp 300w, https:\/\/ma-sante.news\/wp-content\/uploads\/2025\/10\/Manger-des-oeufs-tous-les-jours-quel-impact-sur-lle-corps-Ma-Sante-768x513.jpg.webp 768w, https:\/\/ma-sante.news\/wp-content\/uploads\/2025\/10\/Manger-des-oeufs-tous-les-jours-quel-impact-sur-lle-corps-Ma-Sante-629x420.jpg.webp 629w, https:\/\/ma-sante.news\/wp-content\/uploads\/2025\/10\/Manger-des-oeufs-tous-les-jours-quel-impact-sur-lle-corps-Ma-Sante.jpg.webp 800w\"\/><\/a>Et vous, combien d&rsquo;\u0153ufs mangez-vous par jour ? \u00a9 Freepik                                    \t\t\t             <a class=\"gofollow\" data-track=\"MjgsMCw2MA==\" href=\"https:\/\/ma-sante.news\/inscrivez-vous-a-notre-newsletter\/\" target=\"_blank\" rel=\"noopener\"><img loading=\"lazy\" decoding=\"async\" width=\"1068\" height=\"131\" src=\"data:image\/svg+xml,%3Csvg%20xmlns=\" http:=\"\" data-lazy-src=\"https:\/\/www.europesays.com\/fr\/wp-content\/uploads\/2025\/03\/banniere-newsletter.png\"\/><\/a> <\/p>\n<p>C\u2019est un concentr\u00e9 de prot\u00e9ines, <a href=\"https:\/\/ma-sante.news\/vitamines-le-petit-guide-pour-les-connaitre\/\" target=\"_blank\" rel=\"noopener\">de vitamines (A, D, B12)<\/a>, de fer, de s\u00e9l\u00e9nium et de choline. En clair, un petit bijou nutritionnel pour un prix modique. L\u2019Anses, dans ses rep\u00e8res alimentaires, rappelle que les \u0153ufs peuvent tout \u00e0 fait remplacer la viande ou le poisson dans un repas, \u00e0 condition de varier les sources de prot\u00e9ines.<\/p>\n<p>Mais le d\u00e9bat n\u2019est pas nouveau. Depuis les ann\u00e9es 1970, le jaune d\u2019\u0153uf est dans le collimateur des professionnels de sant\u00e9. Il contient environ 185 mg de cholest\u00e9rol. Or, on a longtemps cru que <a href=\"https:\/\/ma-sante.news\/cholesterol-faut-il-vraiment-vous-mefier-des-oeufs\/\" target=\"_blank\" rel=\"noopener\">le cholest\u00e9rol alimentaire faisait grimper le cholest\u00e9rol sanguin<\/a>, facteur de risque cardiovasculaire.<\/p>\n<p>La recherche a depuis largement nuanc\u00e9 cette id\u00e9e. Le cholest\u00e9rol que nous mangeons influence peu le taux circulant, car le foie ajuste sa propre production. Autrement dit, il en fabrique moins quand l\u2019alimentation en apporte davantage. Alors, la plupart des gens peuvent consommer des \u0153ufs sans bouleverser leur profil lipidique.<\/p>\n<p>        L\u2019\u0153uf, un aliment complet\u2026 et injustement diabolis\u00e9    <strong>Manger des \u0153ufs tous les jours : que disent les \u00e9tudes ?<\/strong>    <\/p>\n<p>La science, aujourd\u2019hui, penche plut\u00f4t du c\u00f4t\u00e9 de la r\u00e9habilitation. <a href=\"https:\/\/www.bmj.com\/content\/346\/bmj.e8539\" target=\"_blank\" rel=\"noopener\">Une \u00e9tude publi\u00e9e dans The BMJ en 2013<\/a>, men\u00e9e sur plus d\u2019un million de participants, n\u2019a trouv\u00e9 aucun lien significatif entre la consommation d\u2019un \u0153uf par jour et<a href=\"https:\/\/ma-sante.news\/academie-nationale-medecine-alerte-inegalites-maladies-cardiovasculaires\/\" target=\"_blank\" rel=\"noopener\"> le risque de maladies cardiovasculaires<\/a>. M\u00eame constat pour<a href=\"https:\/\/ma-sante.news\/90-des-avc-pourraient-etre-evites-quels-sont-les-gestes-qui-sauvent\/\" target=\"_blank\" rel=\"noopener\"> les accidents vasculaires c\u00e9r\u00e9braux.<\/a><\/p>\n<p>Cependant, toutes les \u00e9tudes ne sont pas unanimes. Une recherche am\u00e9ricaine publi\u00e9e dans JAMA en 2019, fond\u00e9e sur 30 000 personnes suivies pendant 17 ans, observe qu\u2019au-del\u00e0 de 300 mg de cholest\u00e9rol alimentaire par jour (soit environ 1 \u0153uf \u00bd), le risque cardiovasculaire et <a href=\"https:\/\/ma-sante.news\/mortalite-en-france-ce-que-2023-nous-dit-vraiment-sur-la-sante-des-francais\/\" target=\"_blank\" rel=\"noopener\">la mortalit\u00e9 toutes causes <\/a>augmentent l\u00e9g\u00e8rement (+6 % par demi-\u0153uf quotidien). Ces diff\u00e9rences pourraient s\u2019expliquer par les habitudes alimentaires associ\u00e9es. Aux \u00c9tats-Unis, l\u2019\u0153uf est souvent consomm\u00e9 avec du bacon, du beurre ou des plats frits.<\/p>\n<p>Bref, manger un \u0153uf par jour ne semble pas poser de probl\u00e8me, mais le reste de l\u2019assiette compte tout autant.<\/p>\n<p>        <strong>Ce qui se passe dans le corps quand on mange beaucoup d\u2019\u0153ufs<\/strong>    <\/p>\n<p>Consommer des \u0153ufs tous les jours ne signifie pas forc\u00e9ment \u201ctrop\u201d. Chez une personne sans trouble m\u00e9tabolique, le corps r\u00e9gule bien le cholest\u00e9rol. Mais en cas <a href=\"https:\/\/ma-sante.news\/diabete-la-genetique-est-elle-reellement-un-facteur-de-risque\/\" target=\"_blank\" rel=\"noopener\">de diab\u00e8te<\/a>, <a href=\"https:\/\/ma-sante.news\/comment-savoir-si-trop-cholesterol-eleve\/\" target=\"_blank\" rel=\"noopener\">d\u2019hypercholest\u00e9rol\u00e9mie familiale<\/a> ou d\u2019ant\u00e9c\u00e9dent cardiovasculaire, les chercheurs observent parfois une sensibilit\u00e9 accrue. <a href=\"https:\/\/ma-sante.news\/bon-ou-mauvais-cholesterol-cest-quoi-la-difference\/\" target=\"_blank\" rel=\"noopener\">Le LDL (\u201cmauvais cholest\u00e9rol\u201d) <\/a>peut grimper.<\/p>\n<p>Des \u00e9tudes de l\u2019universit\u00e9 de Sydney, men\u00e9es sur des patients diab\u00e9tiques, ont d\u2019ailleurs montr\u00e9 qu\u2019un r\u00e9gime contenant jusqu\u2019\u00e0 12 \u0153ufs par semaine n\u2019alt\u00e9rait ni le cholest\u00e9rol ni <a href=\"https:\/\/ma-sante.news\/mesure-de-la-glycemie-pourquoi-faut-il-se-mefier-des-appareils-connectes\/\" target=\"_blank\" rel=\"noopener\">la glyc\u00e9mie<\/a>\u2026 \u00e0 condition que le reste du r\u00e9gime soit \u00e9quilibr\u00e9 et pauvre en graisses satur\u00e9es.<\/p>\n<p>En revanche, d\u00e9passer durablement cette limite, surtout dans un r\u00e9gime gras et pauvre en fibres, pourrait accentuer l\u2019inflammation ou les d\u00e9p\u00f4ts lipidiques dans les art\u00e8res. Ce n\u2019est donc pas l\u2019\u0153uf isol\u00e9, mais la cumulative des exc\u00e8s qui d\u00e9r\u00e8gle la machine.<\/p>\n<p>        <strong>Manger des \u0153ufs : Et la s\u00e9curit\u00e9 sanitaire dans tout \u00e7a ?<\/strong>    <\/p>\n<p>L\u2019autre question, plus fran\u00e7aise, est celle de la qualit\u00e9. <a href=\"https:\/\/www.iledefrance.ars.sante.fr\/etude-contamination-oeufs-polluants-organiques-persistants\" target=\"_blank\" rel=\"noopener\">En 2023, l\u2019Agence r\u00e9gionale de sant\u00e9 d\u2019\u00cele-de-France a mis en garde<\/a>. Plus de 90 % des \u0153ufs de poulaillers domestiques parisiens contiennent des polluants organiques persistants (dioxines, PCB, <a href=\"https:\/\/ma-sante.news\/tout-savoir-sur-les-pfas-ces-polluants-eternels-nocifs\/\" target=\"_blank\" rel=\"noopener\">PFAS<\/a>). Ces substances s\u2019accumulent dans la cha\u00eene alimentaire et peuvent, \u00e0 long terme, augmenter le risque de cancers et de troubles hormonaux.<\/p>\n<p>Les \u0153ufs du commerce, eux, sont soumis \u00e0 des contr\u00f4les stricts et restent s\u00fbrs ; mais cette alerte rappelle qu\u2019en manger beaucoup suppose aussi de s\u2019interroger sur la provenance.<\/p>\n<p>        Alors, combien d\u2019\u0153ufs peut-on manger par jour ?    <\/p>\n<p>Les autorit\u00e9s fran\u00e7aises n\u2019imposent pas de plafond officiel. L\u2019Anses recommande simplement de varier les sources de prot\u00e9ines et de ne pas se baser sur un seul aliment. La plupart des di\u00e9t\u00e9ticiens consid\u00e8rent qu\u2019une consommation de 4 \u00e0 7 \u0153ufs par semaine, voire un par jour, est raisonnable pour la population g\u00e9n\u00e9rale.<\/p>\n<p>Au-del\u00e0, tout d\u00e9pend de votre profil m\u00e9tabolique et de votre mode de vie. Si vous \u00eates sportif, non-fumeur et mangez peu de graisses animales, un \u0153uf quotidien ne posera probablement aucun souci. Si vous cumulez diab\u00e8te, <a href=\"https:\/\/ma-sante.news\/epidemie-dobesite-de-nouveaux-chiffres-tres-inquietants\/\" target=\"_blank\" rel=\"noopener\">surpoids<\/a> et<a href=\"https:\/\/ma-sante.news\/pourquoi-ai-je-du-cholesterol-alors-que-je-mange-sainement\/\" target=\"_blank\" rel=\"noopener\"> cholest\u00e9rol \u00e9lev\u00e9<\/a>, mieux vaut se limiter \u00e0 trois ou quatre \u0153ufs par semaine et miser davantage sur les blancs, sans le jaune.<\/p>\n<blockquote class=\"wp-block-quote is-layout-flow wp-block-quote-is-layout-flow\">\n<p><strong>\u00c0 SAVOIR\u00a0<\/strong><\/p>\n<p><a href=\"https:\/\/www.science.org.au\/curious\/earth-environment\/which-came-first-chicken-or-egg\" target=\"_blank\" rel=\"noopener\">Qui, de l\u2019\u0153uf ou de la poule, est arriv\u00e9 en premier ?<\/a> Scientifiquement, c\u2019est l\u2019\u0153uf qui est arriv\u00e9 en premier. Une mutation g\u00e9n\u00e9tique dans un \u0153uf pondu par un oiseau \u201cpresque poule\u201d a donn\u00e9 naissance \u00e0 la premi\u00e8re v\u00e9ritable poule. Les \u0153ufs existaient d\u00e9j\u00e0 bien avant les oiseaux, chez les reptiles et les poissons. Alors, l\u2019\u0153uf pr\u00e9c\u00e8de la poule, m\u00eame si c\u2019est elle qui perp\u00e9tue aujourd\u2019hui la lign\u00e9e.<\/p>\n<\/blockquote>\n<p>  <a class=\"gofollow\" data-track=\"MTIsMCw2MA==\" href=\"https:\/\/ma-sante.news\/annonceurs\/\" target=\"_blank\" rel=\"noopener\"><img loading=\"lazy\" decoding=\"async\" width=\"2560\" height=\"2133\" src=\"data:image\/svg+xml,%3Csvg%20xmlns=\" http:=\"\" data-lazy-src=\"https:\/\/www.europesays.com\/fr\/wp-content\/uploads\/2025\/03\/pub-annonceurs-4-scaled.jpg\"\/><\/a>    <img loading=\"lazy\" decoding=\"async\" width=\"755\" height=\"495\" src=\"data:image\/svg+xml,%3Csvg%20xmlns=\" http:=\"\" data-lazy-src=\"https:\/\/www.europesays.com\/fr\/wp-content\/uploads\/2025\/03\/Image1.jpg\" data-lazy-src-webp=\"https:\/\/www.europesays.com\/fr\/wp-content\/uploads\/2025\/03\/Image1.jpg.webp\" class=\"ewww_webp_lazy_load\"\/>Inscrivez-vous \u00e0 notre newsletter <br \/>Ma Sant\u00e9                      <\/p>\n","protected":false},"excerpt":{"rendered":"Et vous, combien d&rsquo;\u0153ufs mangez-vous par jour ? \u00a9 Freepik C\u2019est un concentr\u00e9 de prot\u00e9ines, de vitamines (A,&hellip;\n","protected":false},"author":2,"featured_media":472226,"comment_status":"","ping_status":"","sticky":false,"template":"","format":"standard","meta":{"footnotes":""},"categories":[10],"tags":[1011,27,72,46146,71],"class_list":{"0":"post-472225","1":"post","2":"type-post","3":"status-publish","4":"format-standard","5":"has-post-thumbnail","7":"category-sante","8":"tag-fr","9":"tag-france","10":"tag-health","11":"tag-mauvais-cholestu00e9rol","12":"tag-sante"},"share_on_mastodon":{"url":"https:\/\/pubeurope.com\/@fr\/115394653904268972","error":""},"_links":{"self":[{"href":"https:\/\/www.europesays.com\/fr\/wp-json\/wp\/v2\/posts\/472225","targetHints":{"allow":["GET"]}}],"collection":[{"href":"https:\/\/www.europesays.com\/fr\/wp-json\/wp\/v2\/posts"}],"about":[{"href":"https:\/\/www.europesays.com\/fr\/wp-json\/wp\/v2\/types\/post"}],"author":[{"embeddable":true,"href":"https:\/\/www.europesays.com\/fr\/wp-json\/wp\/v2\/users\/2"}],"replies":[{"embeddable":true,"href":"https:\/\/www.europesays.com\/fr\/wp-json\/wp\/v2\/comments?post=472225"}],"version-history":[{"count":0,"href":"https:\/\/www.europesays.com\/fr\/wp-json\/wp\/v2\/posts\/472225\/revisions"}],"wp:featuredmedia":[{"embeddable":true,"href":"https:\/\/www.europesays.com\/fr\/wp-json\/wp\/v2\/media\/472226"}],"wp:attachment":[{"href":"https:\/\/www.europesays.com\/fr\/wp-json\/wp\/v2\/media?parent=472225"}],"wp:term":[{"taxonomy":"category","embeddable":true,"href":"https:\/\/www.europesays.com\/fr\/wp-json\/wp\/v2\/categories?post=472225"},{"taxonomy":"post_tag","embeddable":true,"href":"https:\/\/www.europesays.com\/fr\/wp-json\/wp\/v2\/tags?post=472225"}],"curies":[{"name":"wp","href":"https:\/\/api.w.org\/{rel}","templated":true}]}}