{"id":472231,"date":"2025-10-18T10:19:12","date_gmt":"2025-10-18T10:19:12","guid":{"rendered":"https:\/\/www.europesays.com\/fr\/472231\/"},"modified":"2025-10-18T10:19:12","modified_gmt":"2025-10-18T10:19:12","slug":"face-a-lobsolescence-de-windows-10-ces-utilisateurs-qui-basculent-vers-les-logiciels-libres","status":"publish","type":"post","link":"https:\/\/www.europesays.com\/fr\/472231\/","title":{"rendered":"face \u00e0 l\u2019obsolescence de Windows 10, ces utilisateurs qui basculent vers les logiciels libres"},"content":{"rendered":"<p>\n    <strong>D\u00c9CRYPTAGE &#8211;<\/strong> Alors que les mises \u00e0 jour de s\u00e9curit\u00e9 de cette version du syst\u00e8me d\u2019exploitation de Microsoft ont cess\u00e9 le 14 octobre 2025, l\u2019association Antanak multiplie les ateliers pour aider ceux qui veulent se tourner vers des solutions alternatives.<\/p>\n<p class=\"fig-paragraph\">\u00abPartage\u00bb, \u00abtransmission\u00bb, \u00ablibre.\u00bb Ces mots, inscrits au marqueur noir sur les pi\u00e8ces d\u2019un mobile suspendu dans le local d\u2019Antanak, dans le 18e arrondissement de Paris, donnent le ton. Fond\u00e9e en 2014, l\u2019association s\u2019engage contre la\u00a0<a href=\"https:\/\/www.lefigaro.fr\/conjoncture\/qui-sont-ces-francais-victimes-de-la-fracture-numerique-20230623\" data-fig-type=\"Article\" data-gtm-custom-categorie=\"navigation\" data-gtm-custom-action=\"crossclick\" data-gtm-custom-label=\"Contextuel\" data-gtm-event=\"customEventSPE\" data-fig-domain=\"LEFIGARO\" rel=\"nofollow noopener\" target=\"_blank\">fracture num\u00e9rique li\u00e9e aux disparit\u00e9s d\u2019acc\u00e8s aux nouvelles technologies<\/a>, ainsi que pour la r\u00e9duction des d\u00e9chets num\u00e9riques. Une cause qui passe notamment par la r\u00e9sistance \u00e0\u00a0<a href=\"http:\/\/www.lefigaro.fr\/secteur\/high-tech\/une-fuite-devoile-la-nouvelle-interface-de-windows-11-20210616\" data-fig-type=\"Article\" data-gtm-custom-categorie=\"navigation\" data-gtm-custom-action=\"crossclick\" data-gtm-custom-label=\"Contextuel\" data-gtm-event=\"customEventSPE\" data-fig-domain=\"LEFIGARO\" rel=\"nofollow noopener\" target=\"_blank\">Windows, le syst\u00e8me d\u2019exploitation<\/a>\u00a0de Microsoft accus\u00e9 de pr\u00e9cipiter l\u2019obsolescence des appareils \u00e9lectroniques.<\/p>\n<p class=\"fig-paragraph\">Ce jeudi 16 octobre, trois b\u00e9n\u00e9voles de l\u2019association animent un atelier destin\u00e9 \u00e0 aider les utilisateurs de Windows \u00e0 basculer vers des syst\u00e8mes d\u2019exploitations alternatifs.\u00a0<a href=\"http:\/\/www.lefigaro.fr\/secteur\/high-tech\/c-est-notre-jour-de-gloire-les-utilisateurs-de-linux-et-mac-se-delectent-de-la-panne-mondiale-de-microsoft-20240719\" data-fig-type=\"NewsFlash\" data-gtm-custom-categorie=\"navigation\" data-gtm-custom-action=\"crossclick\" data-gtm-custom-label=\"Contextuel\" data-gtm-event=\"customEventSPE\" data-fig-domain=\"LEFIGARO\" rel=\"nofollow noopener\" target=\"_blank\">\u00c0 l\u2019instar de Debian ou de Linux<\/a>. Et pour cause\u00a0: Ces solutions <strong>\u2014 <\/strong>dites \u00ablibres\u00bb car elles autorisent la modification et la diffusion gratuite du programme <strong>\u2014<\/strong> ont la r\u00e9putation d\u2019une prise en main difficile. Si Antanak organise ce type d\u2019\u00e9v\u00e8nements depuis pr\u00e8s de dix ans, la pr\u00e9sidente Isabelle Carr\u00e8re\u2026<\/p>\n<p class=\"fig-premium-paywall__infos\">\n        Cet article est r\u00e9serv\u00e9 aux abonn\u00e9s.        Il vous reste 75% \u00e0 d\u00e9couvrir.\n    <\/p>\n<p>                <img  data- alt=\"Le Figaro\" class=\"fig-img--complete fig-img\"\/><\/p>\n<p class=\"fig-premium-paywall__title\">Vous avez envie de lire la suite ?<\/p>\n<p class=\"fig-premium-paywall__subtitle\">D\u00e9bloquez tous les articles imm\u00e9diatement.<\/p>\n<p class=\"fig-premium-paywall__connect\">\n                D\u00e9j\u00e0 abonn\u00e9\u00a0?                <a class=\"fig-premium-paywall__connect-link\" href=\"https:\/\/connect.lefigaro.fr\/login?client=horizon_web&amp;type=main&amp;redirect_uri=https%3A%2F%2Fwww.lefigaro.fr%2Fsecteur%2Fhigh-tech%2Fje-ne-veux-pas-que-la-machine-decide-pour-moi-face-a-l-obsolescence-de-windows-10-ces-utilisateurs-qui-basculent-vers-les-logiciels-libres-20251018\" data-js-gtm=\"{&quot;customCategorie&quot;: &quot;conversion&quot;, &quot;customAction&quot;: &quot;before_Landing_Connexion_paywall_auto&quot;, &quot;customLabel&quot;: &quot;bGVmaWdhcm8uZnJfXzFmMGFiMzI0LTI4NGEtNmM4MC1hMzM1LWQzYmM0ODMwOWU4Y19fQXJ0aWNsZQ==_\u00abJe ne veux pas que la machine d\u00e9cide pour moi\u00a0!\u00bb\u00a0: face \u00e0 l\u2019obsolescence de Windows 10, ces utilisateurs qui basculent vers les logiciels libres_476&quot;, &quot;customIDSPE&quot;: &quot;bGVmaWdhcm8uZnJfXzFmMGFiMzI0LTI4NGEtNmM4MC1hMzM1LWQzYmM0ODMwOWU4Y19fQXJ0aWNsZQ==&quot;, &quot;event&quot;: &quot;customEventSPE&quot;}\" rel=\"nofollow noopener\" target=\"_blank\"><br \/>\n                    Connectez-vous<br \/>\n                <\/a>\n            <\/p>\n","protected":false},"excerpt":{"rendered":"D\u00c9CRYPTAGE &#8211; Alors que les mises \u00e0 jour de s\u00e9curit\u00e9 de cette version du syst\u00e8me d\u2019exploitation de Microsoft&hellip;\n","protected":false},"author":2,"featured_media":472232,"comment_status":"","ping_status":"","sticky":false,"template":"","format":"standard","meta":{"footnotes":""},"categories":[7],"tags":[1011,27,43,40,41,39,42,44,32088],"class_list":{"0":"post-472231","1":"post","2":"type-post","3":"status-publish","4":"format-standard","5":"has-post-thumbnail","7":"category-sciences-et-technologies","8":"tag-fr","9":"tag-france","10":"tag-science","11":"tag-science-and-technology","12":"tag-sciences","13":"tag-sciences-et-technologies","14":"tag-technologies","15":"tag-technology","16":"tag-windows"},"share_on_mastodon":{"url":"https:\/\/pubeurope.com\/@fr\/115394665868961452","error":""},"_links":{"self":[{"href":"https:\/\/www.europesays.com\/fr\/wp-json\/wp\/v2\/posts\/472231","targetHints":{"allow":["GET"]}}],"collection":[{"href":"https:\/\/www.europesays.com\/fr\/wp-json\/wp\/v2\/posts"}],"about":[{"href":"https:\/\/www.europesays.com\/fr\/wp-json\/wp\/v2\/types\/post"}],"author":[{"embeddable":true,"href":"https:\/\/www.europesays.com\/fr\/wp-json\/wp\/v2\/users\/2"}],"replies":[{"embeddable":true,"href":"https:\/\/www.europesays.com\/fr\/wp-json\/wp\/v2\/comments?post=472231"}],"version-history":[{"count":0,"href":"https:\/\/www.europesays.com\/fr\/wp-json\/wp\/v2\/posts\/472231\/revisions"}],"wp:featuredmedia":[{"embeddable":true,"href":"https:\/\/www.europesays.com\/fr\/wp-json\/wp\/v2\/media\/472232"}],"wp:attachment":[{"href":"https:\/\/www.europesays.com\/fr\/wp-json\/wp\/v2\/media?parent=472231"}],"wp:term":[{"taxonomy":"category","embeddable":true,"href":"https:\/\/www.europesays.com\/fr\/wp-json\/wp\/v2\/categories?post=472231"},{"taxonomy":"post_tag","embeddable":true,"href":"https:\/\/www.europesays.com\/fr\/wp-json\/wp\/v2\/tags?post=472231"}],"curies":[{"name":"wp","href":"https:\/\/api.w.org\/{rel}","templated":true}]}}