{"id":472233,"date":"2025-10-18T10:20:19","date_gmt":"2025-10-18T10:20:19","guid":{"rendered":"https:\/\/www.europesays.com\/fr\/472233\/"},"modified":"2025-10-18T10:20:19","modified_gmt":"2025-10-18T10:20:19","slug":"un-signal-de-sobriete-car-on-ne-peut-plus-continuer-a-depenser-sans-compter-reagit-le-president-de-lu2p","status":"publish","type":"post","link":"https:\/\/www.europesays.com\/fr\/472233\/","title":{"rendered":"\u00ab\u00a0Un signal de sobri\u00e9t\u00e9\u00a0\u00bb car \u00ab\u00a0on ne peut plus continuer \u00e0 d\u00e9penser sans compter\u00a0\u00bb, r\u00e9agit le pr\u00e9sident de l&rsquo;U2P"},"content":{"rendered":"\n<p class=\"c-chapo \">\n  \u00ab\u00a0La suspension qui risque de se transformer en suppression\u00a0\u00bb de la r\u00e9forme des retraites \u00ab\u00a0fait que le r\u00e9gime de l&rsquo;Agirc-Arrco va \u00eatre plus sollicit\u00e9\u00a0\u00bb, explique Michel Picon, pr\u00e9sident de l&rsquo;Union des entreprises de proximit\u00e9, samedi sur franceinfo.\n<\/p>\n<p>      lire plus tard<\/p>\n<p id=\"dialog__title\" class=\"dialog__title\">Pour sauvegarder cet article, connectez-vous ou cr\u00e9ez un compte franceinfo<\/p>\n<p class=\"dialog__description\">Sans paiement. Sans abonnement.<\/p>\n<p>        Fermer la fen\u00eatre d\u2019activation des notifications France Info<\/p>\n<p>      cr\u00e9er votre compte<\/p>\n<p>      se connecter<\/p>\n<p>        Fermer la fen\u00eatre de pr\u00e9sentation<\/p>\n<p>    <img loading=\"lazy\" decoding=\"async\" class=\"signature__image lazyload\" width=\"100\" height=\"100\" data- alt=\"\" src=\"https:\/\/www.europesays.com\/fr\/wp-content\/uploads\/2025\/05\/64a7df4c5fe71_placeholder-36b69ec8.png\"\/><\/p>\n<p>    Publi\u00e9 le 18\/10\/2025 09:41<\/p>\n<p>        Temps de lecture : 2min<\/p>\n<p>    <img decoding=\"async\"  alt=\"Michel Picon, pr\u00e9sident de l'U2P (Union des entreprises de proximit\u00e9), le 24 septembre 2025 \u00e0 Paris. (TERESA SUAREZ \/ EPA)\" width=\"432\" height=\"243\" src=\"https:\/\/www.europesays.com\/fr\/wp-content\/uploads\/2025\/10\/epaliveeight543187-68f3442383eb5076585920.jpg\" fetchpriority=\"high\"\/><\/p>\n<p>      Michel Picon, pr\u00e9sident de l&rsquo;U2P (Union des entreprises de proximit\u00e9), le 24 septembre 2025 \u00e0 Paris. (TERESA SUAREZ \/ EPA)<\/p>\n<p>\u00ab\u00a0C&rsquo;est un signal de sobri\u00e9t\u00e9, d&rsquo;\u00eatre plus attentif \u00e0 la d\u00e9pense des comptes publics\u00a0\u00bb, r\u00e9agit samedi 18 octobre sur franceinfo Michel Picon, le pr\u00e9sident de l&rsquo;Union des entreprises de proximit\u00e9 (U2P). Les pensions de retraite compl\u00e9mentaire des ex-salari\u00e9s du priv\u00e9 <a href=\"https:\/\/www.franceinfo.fr\/economie\/retraite\/reforme-des-retraites\/retraite-pas-de-revalorisation-pour-les-pensions-complementaires-du-prive-cette-annee_7559125.html\" rel=\"nofollow noopener\" target=\"_blank\">ne seront pas revaloris\u00e9es au 1er novembre<\/a>, faute d&rsquo;accord entre les syndicats et le patronat qui g\u00e8rent le r\u00e9gime, a annonc\u00e9 vendredi l&rsquo;Agirc-Arrco.<\/p>\n<p>Chaque ann\u00e9e, les repr\u00e9sentants du personnel et des employeurs de ce r\u00e9gime qui g\u00e8re les retraites compl\u00e9mentaires du priv\u00e9 \u2013 et concerne 14 millions de pensionn\u00e9s \u2013 se r\u00e9unissent pour d\u00e9terminer le taux d&rsquo;\u00e9volution, qui doit tenir compte des pr\u00e9visions d&rsquo;inflation et de la conjoncture \u00e9conomique. Sans accord, la r\u00e8gle veut qu&rsquo;elles ne soient pas revaloris\u00e9es. \u00a0\u00a0<br \/>\u00a0<br \/>\u00ab\u00a0On a d\u00e9fendu 0,2%\u00a0\u00bb de revalorisation, avance Michel Picon. Arguant de la bonne sant\u00e9 du r\u00e9gime, les syndicats repr\u00e9sentants du personnel esp\u00e9raient s&rsquo;approcher au maximum de 1% de revalorisation des pensions compl\u00e9mentaires. Les r\u00e9serves de l&rsquo;Agirc-Arrco s&rsquo;\u00e9l\u00e8vent \u00e0 plus de 85\u00a0milliards d&rsquo;euros, \u00ab\u00a0mais \u00e7a repr\u00e9sente neuf mois de prestation\u00a0\u00bb, temp\u00e8re le pr\u00e9sident de l&rsquo;U2P.\u00a0<\/p>\n<p>La situation de la France \u00ab\u00a0am\u00e8ne tout le monde \u00e0 la prudence\u00a0\u00bb, affirme Michel Picon. \u00ab\u00a0La suspension qui risque de se transformer en suppression\u00a0\u00bb de la r\u00e9forme des retraites \u00ab\u00a0fait que le r\u00e9gime de l&rsquo;Agirc-Arrco va \u00eatre plus sollicit\u00e9\u00a0\u00bb, pr\u00e9vient-il. \u00ab\u00a0Il y aura plus de retrait\u00e9s t\u00f4t et moins de cotisations rentr\u00e9es, et tout \u00e7a nous am\u00e8ne \u00e0 la sagesse\u00a0\u00bb, argumente le repr\u00e9sentant des petites entreprises de proximit\u00e9.\u00a0<br \/>\u00a0<br \/>\u00ab\u00a0Les partenaires sociaux ne peuvent pas faire la m\u00eame chose que l&rsquo;Etat qui, depuis 40 ans, [\u2026] d\u00e9pense sans compter. Nous, notre responsabilit\u00e9, c&rsquo;est de faire en sorte que s&rsquo;il se passe quelque chose, on ait de quoi payer les retrait\u00e9s\u00a0\u00bb, explique le pr\u00e9sident de l&rsquo;U2P. \u00ab\u00a0Nous avons fait la proposition d&rsquo;une petite revalorisation cette ann\u00e9e, on verra l&rsquo;ann\u00e9e prochaine, en fonction de la r\u00e9forme Borne, ce qu&rsquo;il y aura lieu \u00e0 faire\u00a0\u00bb, conclut-il.\u00a0<\/p>\n","protected":false},"excerpt":{"rendered":"\u00ab\u00a0La suspension qui risque de se transformer en suppression\u00a0\u00bb de la r\u00e9forme des retraites \u00ab\u00a0fait que le r\u00e9gime&hellip;\n","protected":false},"author":2,"featured_media":472234,"comment_status":"","ping_status":"","sticky":false,"template":"","format":"standard","meta":{"footnotes":""},"categories":[6],"tags":[35,33,34,1011,27],"class_list":{"0":"post-472233","1":"post","2":"type-post","3":"status-publish","4":"format-standard","5":"has-post-thumbnail","7":"category-economie","8":"tag-business","9":"tag-economie","10":"tag-economy","11":"tag-fr","12":"tag-france"},"share_on_mastodon":{"url":"https:\/\/pubeurope.com\/@fr\/115394671154282783","error":""},"_links":{"self":[{"href":"https:\/\/www.europesays.com\/fr\/wp-json\/wp\/v2\/posts\/472233","targetHints":{"allow":["GET"]}}],"collection":[{"href":"https:\/\/www.europesays.com\/fr\/wp-json\/wp\/v2\/posts"}],"about":[{"href":"https:\/\/www.europesays.com\/fr\/wp-json\/wp\/v2\/types\/post"}],"author":[{"embeddable":true,"href":"https:\/\/www.europesays.com\/fr\/wp-json\/wp\/v2\/users\/2"}],"replies":[{"embeddable":true,"href":"https:\/\/www.europesays.com\/fr\/wp-json\/wp\/v2\/comments?post=472233"}],"version-history":[{"count":0,"href":"https:\/\/www.europesays.com\/fr\/wp-json\/wp\/v2\/posts\/472233\/revisions"}],"wp:featuredmedia":[{"embeddable":true,"href":"https:\/\/www.europesays.com\/fr\/wp-json\/wp\/v2\/media\/472234"}],"wp:attachment":[{"href":"https:\/\/www.europesays.com\/fr\/wp-json\/wp\/v2\/media?parent=472233"}],"wp:term":[{"taxonomy":"category","embeddable":true,"href":"https:\/\/www.europesays.com\/fr\/wp-json\/wp\/v2\/categories?post=472233"},{"taxonomy":"post_tag","embeddable":true,"href":"https:\/\/www.europesays.com\/fr\/wp-json\/wp\/v2\/tags?post=472233"}],"curies":[{"name":"wp","href":"https:\/\/api.w.org\/{rel}","templated":true}]}}